{"id":4631,"date":"2023-02-02T19:03:58","date_gmt":"2023-02-02T17:03:58","guid":{"rendered":"https:\/\/targusecuiesc.eu\/?p=4631"},"modified":"2023-02-02T20:54:49","modified_gmt":"2023-02-02T18:54:49","slug":"cazare-tg-secuiesc","status":"publish","type":"post","link":"https:\/\/targusecuiesc.eu\/ro\/2023\/02\/02\/cazare-tg-secuiesc\/","title":{"rendered":"Cazare Tg. Secuiesc"},"content":{"rendered":"\t\t<div data-elementor-type=\"wp-post\" data-elementor-id=\"4631\" class=\"elementor elementor-4631\" data-elementor-post-type=\"post\">\n\t\t\t\t\t\t<section class=\"elementor-section elementor-top-section elementor-element elementor-element-be64e21 elementor-section-boxed elementor-section-height-default elementor-section-height-default\" data-id=\"be64e21\" data-element_type=\"section\" data-e-type=\"section\">\n\t\t\t\t\t\t<div class=\"elementor-container elementor-column-gap-default\">\n\t\t\t\t\t<div class=\"elementor-column elementor-col-100 elementor-top-column elementor-element elementor-element-6781148\" data-id=\"6781148\" data-element_type=\"column\" data-e-type=\"column\">\n\t\t\t<div class=\"elementor-widget-wrap elementor-element-populated\">\n\t\t\t\t\t\t<div class=\"elementor-element elementor-element-a6112cd elementor-widget elementor-widget-image\" data-id=\"a6112cd\" data-element_type=\"widget\" data-e-type=\"widget\" data-widget_type=\"image.default\">\n\t\t\t\t\t\t\t\t\t\t\t\t\t\t\t<img fetchpriority=\"high\" decoding=\"async\" width=\"1024\" height=\"715\" src=\"https:\/\/targusecuiesc.eu\/wp-content\/uploads\/2023\/02\/Cazare-Tg.-Secuiesc-scaled.jpg\" class=\"attachment-full size-full wp-image-4633\" alt=\"Cazare Tg. Secuiesc\" srcset=\"https:\/\/targusecuiesc.eu\/wp-content\/uploads\/2023\/02\/Cazare-Tg.-Secuiesc-scaled.jpg 1024w, https:\/\/targusecuiesc.eu\/wp-content\/uploads\/2023\/02\/Cazare-Tg.-Secuiesc-300x209.jpg 300w, https:\/\/targusecuiesc.eu\/wp-content\/uploads\/2023\/02\/Cazare-Tg.-Secuiesc-768x536.jpg 768w, https:\/\/targusecuiesc.eu\/wp-content\/uploads\/2023\/02\/Cazare-Tg.-Secuiesc-1536x1072.jpg 1536w, https:\/\/targusecuiesc.eu\/wp-content\/uploads\/2023\/02\/Cazare-Tg.-Secuiesc-2048x1429.jpg 2048w, https:\/\/targusecuiesc.eu\/wp-content\/uploads\/2023\/02\/Cazare-Tg.-Secuiesc-18x12.jpg 18w\" sizes=\"(max-width: 1024px) 100vw, 1024px\" \/>\t\t\t\t\t\t\t\t\t\t\t\t\t\t\t<\/div>\n\t\t\t\t\t<\/div>\n\t\t<\/div>\n\t\t\t\t\t<\/div>\n\t\t<\/section>\n\t\t\t\t<section class=\"elementor-section elementor-top-section elementor-element elementor-element-22f78a8 elementor-section-boxed elementor-section-height-default elementor-section-height-default\" data-id=\"22f78a8\" data-element_type=\"section\" data-e-type=\"section\">\n\t\t\t\t\t\t<div class=\"elementor-container elementor-column-gap-default\">\n\t\t\t\t\t<div class=\"elementor-column elementor-col-100 elementor-top-column elementor-element elementor-element-e843c20\" data-id=\"e843c20\" data-element_type=\"column\" data-e-type=\"column\">\n\t\t\t<div class=\"elementor-widget-wrap elementor-element-populated\">\n\t\t\t\t\t\t<div class=\"elementor-element elementor-element-4cc5f1e elementor-widget elementor-widget-text-editor\" data-id=\"4cc5f1e\" data-element_type=\"widget\" data-e-type=\"widget\" data-widget_type=\"text-editor.default\">\n\t\t\t\t\t\t\t\t\t<p data-pm-slice=\"1 1 []\">Pensiuena Pixel este un loc \u00een care v\u0103 pute\u021bi relaxa. Sta\u021biunea ofer\u0103 unit\u0103\u021bi de cazare confortabile cu Wi-Fi gratuit, facilit\u0103\u021bi de gr\u0103tar, o gr\u0103din\u0103 \u0219i o parcare privat\u0103 gratuit\u0103. <a href=\"https:\/\/targusecuiesc.eu\/\">Cazarea \u00een Tg. Secuiesc<\/a> ofer\u0103 turi\u015ftilor \u0219ansa perfecta de a explora un ora\u015f istoric din Rom\u00e2nia \u0219i totodat\u0103 se bucur\u00e2nd de facilitatile si confortul uneia dintre cele mai apreciate unitati de cazare din regiune, Pensiuena Pixel.<\/p><p>Tg. Secuiesc este un ora\u0219 istoric din jude\u021bul Covasna, Rom\u00e2nia \u0219i ofer\u0103 mai multe op\u021biuni pentru cazare, cum ar fi case mobile \u0219i pensiuni.<\/p><p>Pensiunea Pixel: Pensiunea Pixel este un loc ideal pentru a v\u0103 petrece vacan\u021bele \u0219i a v\u0103 relaxa \u00eentr-un mediu lini\u0219tit \u0219i confortabil. Pensiunea Pixel ofer\u0103 o gam\u0103 larg\u0103 de facilit\u0103\u021bi pentru a se bucura de experien\u021ba lor la Tg. Secuiesc.<\/p><p>Wi-Fi gratuit: Wi-Fi gratuit este disponibil \u00een toate camerele pentru a permite oaspe\u021bilor s\u0103 se conecteze cu u\u0219urin\u021b\u0103 la internet pentru a se bucura de experien\u021bele lor digitale la Tg. Secuiesc.<\/p><p>Facilit\u0103\u021bi de gr\u0103tar: Pensiunea Pixel ofer\u0103 facilit\u0103\u021bi de gr\u0103tar pentru a permite oaspe\u021bilor s\u0103 preg\u0103teasc\u0103 m\u00e2nc\u0103ruri delicioase direct pe proprietate.<\/p><p>Gr\u0103din\u0103: Pensiunea Pixel are o gr\u0103din\u0103 frumoas\u0103 care ofer\u0103 oaspe\u021bilor lor un spa\u021biu relaxant \u0219i lini\u0219tit pentru a se bucura de natura locala.<\/p><p>Parcare privat\u0103 gratuit\u0103: Pensiunea Pixel ofer\u0103 o parcare privat\u0103 gratuit\u0103 pentru toate unit\u0103\u021bile sale de cazare astfel \u00eenc\u00e2t oaspe\u021bii s\u0103 poat\u0103 parca cu u\u0219urin\u021ba autoturismele lor direct pe proprietate.<\/p><p>\u00cen concluzie, c<a href=\"https:\/\/targusecuiesc.eu\/\">azarea \u00een Tg. Secuiesc<\/a> ofer\u0103 turistilor \u0219ansa perfecta de a explora un ora\u015f istoric din Rom\u00e2nia \u0219i totodat\u00e3 se bucur\u00e2nd de facilitatile si confortul uneia dintre cele mai apreciate unitati de cazare din regiune, Pensiuena Pixel.<\/p><p>Pensiuena Pixel ofer\u00e3 Wi-Fi gratuit, facilit\u00e3ti de gratar, o gradin\u00e3 si parcare privat\u00e3 gratuit\u00e3 pentru toate unitatile sale de cazare astfel incat turistii sa se bucure la maxim de experientele lor in Tg. Secuiesc. Oaspetii pot profita la maxim de avantajele si beneficiile cazarii in Tg. Secuiesc prin intermediul unitatilor sale de cazare confortabile si modernizate care ofera un mediu relaxant si linistit pentru a se bucura de experientele lor in aceasta destinatie istorica din Rom\u00e2nia.<\/p>\t\t\t\t\t\t\t\t<\/div>\n\t\t\t\t\t<\/div>\n\t\t<\/div>\n\t\t\t\t\t<\/div>\n\t\t<\/section>\n\t\t\t\t<\/div>\n\t\t","protected":false},"excerpt":{"rendered":"<p>Pensiuena Pixel este un loc \u00een care v\u0103 pute\u021bi relaxa. Sta\u021biunea ofer\u0103 unit\u0103\u021bi de cazare confortabile cu Wi-Fi gratuit, facilit\u0103\u021bi de gr\u0103tar, o gr\u0103din\u0103 \u0219i o parcare privat\u0103 gratuit\u0103. Cazarea \u00een Tg. Secuiesc ofer\u0103 turi\u015ftilor \u0219ansa perfecta de a explora un ora\u015f istoric din Rom\u00e2nia \u0219i totodat\u0103 se bucur\u00e2nd de facilitatile si confortul uneia dintre [&hellip;]<\/p>\n","protected":false},"author":1,"featured_media":4633,"comment_status":"open","ping_status":"open","sticky":false,"template":"","format":"standard","meta":{"ocean_post_layout":"","ocean_both_sidebars_style":"","ocean_both_sidebars_content_width":0,"ocean_both_sidebars_sidebars_width":0,"ocean_sidebar":"","ocean_second_sidebar":"","ocean_disable_margins":"enable","ocean_add_body_class":"","ocean_shortcode_before_top_bar":"","ocean_shortcode_after_top_bar":"","ocean_shortcode_before_header":"","ocean_shortcode_after_header":"","ocean_has_shortcode":"","ocean_shortcode_after_title":"","ocean_shortcode_before_footer_widgets":"","ocean_shortcode_after_footer_widgets":"","ocean_shortcode_before_footer_bottom":"","ocean_shortcode_after_footer_bottom":"","ocean_display_top_bar":"default","ocean_display_header":"default","ocean_header_style":"","ocean_center_header_left_menu":"","ocean_custom_header_template":"","ocean_custom_logo":0,"ocean_custom_retina_logo":0,"ocean_custom_logo_max_width":0,"ocean_custom_logo_tablet_max_width":0,"ocean_custom_logo_mobile_max_width":0,"ocean_custom_logo_max_height":0,"ocean_custom_logo_tablet_max_height":0,"ocean_custom_logo_mobile_max_height":0,"ocean_header_custom_menu":"","ocean_menu_typo_font_family":"","ocean_menu_typo_font_subset":"","ocean_menu_typo_font_size":0,"ocean_menu_typo_font_size_tablet":0,"ocean_menu_typo_font_size_mobile":0,"ocean_menu_typo_font_size_unit":"px","ocean_menu_typo_font_weight":"","ocean_menu_typo_font_weight_tablet":"","ocean_menu_typo_font_weight_mobile":"","ocean_menu_typo_transform":"","ocean_menu_typo_transform_tablet":"","ocean_menu_typo_transform_mobile":"","ocean_menu_typo_line_height":0,"ocean_menu_typo_line_height_tablet":0,"ocean_menu_typo_line_height_mobile":0,"ocean_menu_typo_line_height_unit":"","ocean_menu_typo_spacing":0,"ocean_menu_typo_spacing_tablet":0,"ocean_menu_typo_spacing_mobile":0,"ocean_menu_typo_spacing_unit":"","ocean_menu_link_color":"","ocean_menu_link_color_hover":"","ocean_menu_link_color_active":"","ocean_menu_link_background":"","ocean_menu_link_hover_background":"","ocean_menu_link_active_background":"","ocean_menu_social_links_bg":"","ocean_menu_social_hover_links_bg":"","ocean_menu_social_links_color":"","ocean_menu_social_hover_links_color":"","ocean_disable_title":"default","ocean_disable_heading":"default","ocean_post_title":"","ocean_post_subheading":"","ocean_post_title_style":"","ocean_post_title_background_color":"","ocean_post_title_background":0,"ocean_post_title_bg_image_position":"","ocean_post_title_bg_image_attachment":"","ocean_post_title_bg_image_repeat":"","ocean_post_title_bg_image_size":"","ocean_post_title_height":0,"ocean_post_title_bg_overlay":0.5,"ocean_post_title_bg_overlay_color":"","ocean_disable_breadcrumbs":"default","ocean_breadcrumbs_color":"","ocean_breadcrumbs_separator_color":"","ocean_breadcrumbs_links_color":"","ocean_breadcrumbs_links_hover_color":"","ocean_display_footer_widgets":"default","ocean_display_footer_bottom":"default","ocean_custom_footer_template":"","_joinchat":[],"ocean_post_oembed":"","ocean_post_self_hosted_media":"","ocean_post_video_embed":"","ocean_link_format":"","ocean_link_format_target":"self","ocean_quote_format":"","ocean_quote_format_link":"post","ocean_gallery_link_images":"on","ocean_gallery_id":[],"footnotes":""},"categories":[1],"tags":[34,54,49],"class_list":["post-4631","post","type-post","status-publish","format-standard","has-post-thumbnail","hentry","category-uncategorized","tag-cazare-targu-secuiesc","tag-cazare-tg-secuiesc","tag-tichet-de-vacanta","entry","has-media"],"yoast_head":"<!-- This site is optimized with the Yoast SEO plugin v27.5 - https:\/\/yoast.com\/product\/yoast-seo-wordpress\/ -->\n<title>Cazare Tg. Secuiesc<\/title>\n<meta name=\"description\" content=\"Cazarea \u00een Tg. Secuiesc ofer\u0103 turi\u015ftilor \u0219ansa perfecta de a explora un ora\u015f istoric din Rom\u00e2nia\" \/>\n<meta name=\"robots\" content=\"index, follow, max-snippet:-1, max-image-preview:large, max-video-preview:-1\" \/>\n<link rel=\"canonical\" href=\"https:\/\/targusecuiesc.eu\/ro\/2023\/02\/02\/cazare-tg-secuiesc\/\" \/>\n<meta property=\"og:locale\" content=\"ro_RO\" \/>\n<meta property=\"og:type\" content=\"article\" \/>\n<meta property=\"og:title\" content=\"Cazare Tg. Secuiesc\" \/>\n<meta property=\"og:description\" content=\"Cazarea \u00een Tg. Secuiesc ofer\u0103 turi\u015ftilor \u0219ansa perfecta de a explora un ora\u015f istoric din Rom\u00e2nia\" \/>\n<meta property=\"og:url\" content=\"https:\/\/targusecuiesc.eu\/ro\/2023\/02\/02\/cazare-tg-secuiesc\/\" \/>\n<meta property=\"og:site_name\" content=\"Cazare \u00een T\u00e2rgu Secueisc\" \/>\n<meta property=\"article:published_time\" content=\"2023-02-02T17:03:58+00:00\" \/>\n<meta property=\"article:modified_time\" content=\"2023-02-02T18:54:49+00:00\" \/>\n<meta property=\"og:image\" content=\"https:\/\/targusecuiesc.eu\/wp-content\/uploads\/2023\/02\/Cazare-Tg.-Secuiesc-scaled.jpg\" \/>\n\t<meta property=\"og:image:width\" content=\"1024\" \/>\n\t<meta property=\"og:image:height\" content=\"715\" \/>\n\t<meta property=\"og:image:type\" content=\"image\/jpeg\" \/>\n<meta name=\"author\" content=\"Levente\" \/>\n<meta name=\"twitter:card\" content=\"summary_large_image\" \/>\n<meta name=\"twitter:label1\" content=\"Scris de\" \/>\n\t<meta name=\"twitter:data1\" content=\"Levente\" \/>\n\t<meta name=\"twitter:label2\" content=\"Timp estimat pentru citire\" \/>\n\t<meta name=\"twitter:data2\" content=\"3 minute\" \/>\n<script type=\"application\/ld+json\" class=\"yoast-schema-graph\">{\"@context\":\"https:\\\/\\\/schema.org\",\"@graph\":[{\"@type\":\"Article\",\"@id\":\"https:\\\/\\\/targusecuiesc.eu\\\/2023\\\/02\\\/02\\\/cazare-tg-secuiesc\\\/#article\",\"isPartOf\":{\"@id\":\"https:\\\/\\\/targusecuiesc.eu\\\/2023\\\/02\\\/02\\\/cazare-tg-secuiesc\\\/\"},\"author\":{\"name\":\"Levente\",\"@id\":\"https:\\\/\\\/targusecuiesc.eu\\\/#\\\/schema\\\/person\\\/3e8e0dc36a7b432328a4fa3a70aa5de3\"},\"headline\":\"Cazare Tg. Secuiesc\",\"datePublished\":\"2023-02-02T17:03:58+00:00\",\"dateModified\":\"2023-02-02T18:54:49+00:00\",\"mainEntityOfPage\":{\"@id\":\"https:\\\/\\\/targusecuiesc.eu\\\/2023\\\/02\\\/02\\\/cazare-tg-secuiesc\\\/\"},\"wordCount\":390,\"commentCount\":0,\"publisher\":{\"@id\":\"https:\\\/\\\/targusecuiesc.eu\\\/#organization\"},\"image\":{\"@id\":\"https:\\\/\\\/targusecuiesc.eu\\\/2023\\\/02\\\/02\\\/cazare-tg-secuiesc\\\/#primaryimage\"},\"thumbnailUrl\":\"https:\\\/\\\/targusecuiesc.eu\\\/wp-content\\\/uploads\\\/2023\\\/02\\\/Cazare-Tg.-Secuiesc-scaled.jpg\",\"keywords\":[\"Cazare targu secuiesc\",\"Cazare Tg. Secuiesc\",\"tichet de vacanta\"],\"articleSection\":[\"Uncategorized\"],\"inLanguage\":\"ro-RO\",\"potentialAction\":[{\"@type\":\"CommentAction\",\"name\":\"Comment\",\"target\":[\"https:\\\/\\\/targusecuiesc.eu\\\/2023\\\/02\\\/02\\\/cazare-tg-secuiesc\\\/#respond\"]}]},{\"@type\":\"WebPage\",\"@id\":\"https:\\\/\\\/targusecuiesc.eu\\\/2023\\\/02\\\/02\\\/cazare-tg-secuiesc\\\/\",\"url\":\"https:\\\/\\\/targusecuiesc.eu\\\/2023\\\/02\\\/02\\\/cazare-tg-secuiesc\\\/\",\"name\":\"Cazare Tg. Secuiesc\",\"isPartOf\":{\"@id\":\"https:\\\/\\\/targusecuiesc.eu\\\/#website\"},\"primaryImageOfPage\":{\"@id\":\"https:\\\/\\\/targusecuiesc.eu\\\/2023\\\/02\\\/02\\\/cazare-tg-secuiesc\\\/#primaryimage\"},\"image\":{\"@id\":\"https:\\\/\\\/targusecuiesc.eu\\\/2023\\\/02\\\/02\\\/cazare-tg-secuiesc\\\/#primaryimage\"},\"thumbnailUrl\":\"https:\\\/\\\/targusecuiesc.eu\\\/wp-content\\\/uploads\\\/2023\\\/02\\\/Cazare-Tg.-Secuiesc-scaled.jpg\",\"datePublished\":\"2023-02-02T17:03:58+00:00\",\"dateModified\":\"2023-02-02T18:54:49+00:00\",\"description\":\"Cazarea \u00een Tg. Secuiesc ofer\u0103 turi\u015ftilor \u0219ansa perfecta de a explora un ora\u015f istoric din Rom\u00e2nia\",\"breadcrumb\":{\"@id\":\"https:\\\/\\\/targusecuiesc.eu\\\/2023\\\/02\\\/02\\\/cazare-tg-secuiesc\\\/#breadcrumb\"},\"inLanguage\":\"ro-RO\",\"potentialAction\":[{\"@type\":\"ReadAction\",\"target\":[\"https:\\\/\\\/targusecuiesc.eu\\\/2023\\\/02\\\/02\\\/cazare-tg-secuiesc\\\/\"]}]},{\"@type\":\"ImageObject\",\"inLanguage\":\"ro-RO\",\"@id\":\"https:\\\/\\\/targusecuiesc.eu\\\/2023\\\/02\\\/02\\\/cazare-tg-secuiesc\\\/#primaryimage\",\"url\":\"https:\\\/\\\/targusecuiesc.eu\\\/wp-content\\\/uploads\\\/2023\\\/02\\\/Cazare-Tg.-Secuiesc-scaled.jpg\",\"contentUrl\":\"https:\\\/\\\/targusecuiesc.eu\\\/wp-content\\\/uploads\\\/2023\\\/02\\\/Cazare-Tg.-Secuiesc-scaled.jpg\",\"width\":1024,\"height\":715,\"caption\":\"Cazare Tg. Secuiesc\"},{\"@type\":\"BreadcrumbList\",\"@id\":\"https:\\\/\\\/targusecuiesc.eu\\\/2023\\\/02\\\/02\\\/cazare-tg-secuiesc\\\/#breadcrumb\",\"itemListElement\":[{\"@type\":\"ListItem\",\"position\":1,\"name\":\"Prima pagin\u0103\",\"item\":\"https:\\\/\\\/targusecuiesc.eu\\\/\"},{\"@type\":\"ListItem\",\"position\":2,\"name\":\"Cazare Tg. Secuiesc\"}]},{\"@type\":\"WebSite\",\"@id\":\"https:\\\/\\\/targusecuiesc.eu\\\/#website\",\"url\":\"https:\\\/\\\/targusecuiesc.eu\\\/\",\"name\":\"Cazare \u00een T\u00e2rgu Secueisc\",\"description\":\"Te afli \u00een c\u0103utarea unui loc potrivit de cazare \u00een T\u00e2rgu Secuiesc?\",\"publisher\":{\"@id\":\"https:\\\/\\\/targusecuiesc.eu\\\/#organization\"},\"alternateName\":\"Te afli in cautarea unui loc potrivit de cazare in Targu Secuiesc?\",\"potentialAction\":[{\"@type\":\"SearchAction\",\"target\":{\"@type\":\"EntryPoint\",\"urlTemplate\":\"https:\\\/\\\/targusecuiesc.eu\\\/?s={search_term_string}\"},\"query-input\":{\"@type\":\"PropertyValueSpecification\",\"valueRequired\":true,\"valueName\":\"search_term_string\"}}],\"inLanguage\":\"ro-RO\"},{\"@type\":\"Organization\",\"@id\":\"https:\\\/\\\/targusecuiesc.eu\\\/#organization\",\"name\":\"Cazare \u00een T\u00e2rgu Secueisc\",\"alternateName\":\"Te afli in cautarea unui loc potrivit de cazare in Targu Secuiesc?\",\"url\":\"https:\\\/\\\/targusecuiesc.eu\\\/\",\"logo\":{\"@type\":\"ImageObject\",\"inLanguage\":\"ro-RO\",\"@id\":\"https:\\\/\\\/targusecuiesc.eu\\\/#\\\/schema\\\/logo\\\/image\\\/\",\"url\":\"https:\\\/\\\/targusecuiesc.eu\\\/wp-content\\\/uploads\\\/2022\\\/05\\\/cropped-targu-secuiesc-1-e1653031917947.png\",\"contentUrl\":\"https:\\\/\\\/targusecuiesc.eu\\\/wp-content\\\/uploads\\\/2022\\\/05\\\/cropped-targu-secuiesc-1-e1653031917947.png\",\"width\":512,\"height\":512,\"caption\":\"Cazare \u00een T\u00e2rgu Secueisc\"},\"image\":{\"@id\":\"https:\\\/\\\/targusecuiesc.eu\\\/#\\\/schema\\\/logo\\\/image\\\/\"}},{\"@type\":\"Person\",\"@id\":\"https:\\\/\\\/targusecuiesc.eu\\\/#\\\/schema\\\/person\\\/3e8e0dc36a7b432328a4fa3a70aa5de3\",\"name\":\"Levente\",\"image\":{\"@type\":\"ImageObject\",\"inLanguage\":\"ro-RO\",\"@id\":\"https:\\\/\\\/secure.gravatar.com\\\/avatar\\\/a800d69db893890d57b88525e6aba9502659e29fa5a7ce96c5354202678a9227?s=96&d=mm&r=g\",\"url\":\"https:\\\/\\\/secure.gravatar.com\\\/avatar\\\/a800d69db893890d57b88525e6aba9502659e29fa5a7ce96c5354202678a9227?s=96&d=mm&r=g\",\"contentUrl\":\"https:\\\/\\\/secure.gravatar.com\\\/avatar\\\/a800d69db893890d57b88525e6aba9502659e29fa5a7ce96c5354202678a9227?s=96&d=mm&r=g\",\"caption\":\"Levente\"},\"sameAs\":[\"https:\\\/\\\/targusecuiesc.eu\"],\"url\":\"https:\\\/\\\/targusecuiesc.eu\\\/ro\\\/author\\\/admin\\\/\"}]}<\/script>\n<!-- \/ Yoast SEO plugin. -->","yoast_head_json":{"title":"Cazare Tg. Secuiesc","description":"Cazarea \u00een Tg. Secuiesc ofer\u0103 turi\u015ftilor \u0219ansa perfecta de a explora un ora\u015f istoric din Rom\u00e2nia","robots":{"index":"index","follow":"follow","max-snippet":"max-snippet:-1","max-image-preview":"max-image-preview:large","max-video-preview":"max-video-preview:-1"},"canonical":"https:\/\/targusecuiesc.eu\/ro\/2023\/02\/02\/cazare-tg-secuiesc\/","og_locale":"ro_RO","og_type":"article","og_title":"Cazare Tg. Secuiesc","og_description":"Cazarea \u00een Tg. Secuiesc ofer\u0103 turi\u015ftilor \u0219ansa perfecta de a explora un ora\u015f istoric din Rom\u00e2nia","og_url":"https:\/\/targusecuiesc.eu\/ro\/2023\/02\/02\/cazare-tg-secuiesc\/","og_site_name":"Cazare \u00een T\u00e2rgu Secueisc","article_published_time":"2023-02-02T17:03:58+00:00","article_modified_time":"2023-02-02T18:54:49+00:00","og_image":[{"width":1024,"height":715,"url":"https:\/\/targusecuiesc.eu\/wp-content\/uploads\/2023\/02\/Cazare-Tg.-Secuiesc-scaled.jpg","type":"image\/jpeg"}],"author":"Levente","twitter_card":"summary_large_image","twitter_misc":{"Scris de":"Levente","Timp estimat pentru citire":"3 minute"},"schema":{"@context":"https:\/\/schema.org","@graph":[{"@type":"Article","@id":"https:\/\/targusecuiesc.eu\/2023\/02\/02\/cazare-tg-secuiesc\/#article","isPartOf":{"@id":"https:\/\/targusecuiesc.eu\/2023\/02\/02\/cazare-tg-secuiesc\/"},"author":{"name":"Levente","@id":"https:\/\/targusecuiesc.eu\/#\/schema\/person\/3e8e0dc36a7b432328a4fa3a70aa5de3"},"headline":"Cazare Tg. Secuiesc","datePublished":"2023-02-02T17:03:58+00:00","dateModified":"2023-02-02T18:54:49+00:00","mainEntityOfPage":{"@id":"https:\/\/targusecuiesc.eu\/2023\/02\/02\/cazare-tg-secuiesc\/"},"wordCount":390,"commentCount":0,"publisher":{"@id":"https:\/\/targusecuiesc.eu\/#organization"},"image":{"@id":"https:\/\/targusecuiesc.eu\/2023\/02\/02\/cazare-tg-secuiesc\/#primaryimage"},"thumbnailUrl":"https:\/\/targusecuiesc.eu\/wp-content\/uploads\/2023\/02\/Cazare-Tg.-Secuiesc-scaled.jpg","keywords":["Cazare targu secuiesc","Cazare Tg. Secuiesc","tichet de vacanta"],"articleSection":["Uncategorized"],"inLanguage":"ro-RO","potentialAction":[{"@type":"CommentAction","name":"Comment","target":["https:\/\/targusecuiesc.eu\/2023\/02\/02\/cazare-tg-secuiesc\/#respond"]}]},{"@type":"WebPage","@id":"https:\/\/targusecuiesc.eu\/2023\/02\/02\/cazare-tg-secuiesc\/","url":"https:\/\/targusecuiesc.eu\/2023\/02\/02\/cazare-tg-secuiesc\/","name":"Cazare Tg. Secuiesc","isPartOf":{"@id":"https:\/\/targusecuiesc.eu\/#website"},"primaryImageOfPage":{"@id":"https:\/\/targusecuiesc.eu\/2023\/02\/02\/cazare-tg-secuiesc\/#primaryimage"},"image":{"@id":"https:\/\/targusecuiesc.eu\/2023\/02\/02\/cazare-tg-secuiesc\/#primaryimage"},"thumbnailUrl":"https:\/\/targusecuiesc.eu\/wp-content\/uploads\/2023\/02\/Cazare-Tg.-Secuiesc-scaled.jpg","datePublished":"2023-02-02T17:03:58+00:00","dateModified":"2023-02-02T18:54:49+00:00","description":"Cazarea \u00een Tg. Secuiesc ofer\u0103 turi\u015ftilor \u0219ansa perfecta de a explora un ora\u015f istoric din Rom\u00e2nia","breadcrumb":{"@id":"https:\/\/targusecuiesc.eu\/2023\/02\/02\/cazare-tg-secuiesc\/#breadcrumb"},"inLanguage":"ro-RO","potentialAction":[{"@type":"ReadAction","target":["https:\/\/targusecuiesc.eu\/2023\/02\/02\/cazare-tg-secuiesc\/"]}]},{"@type":"ImageObject","inLanguage":"ro-RO","@id":"https:\/\/targusecuiesc.eu\/2023\/02\/02\/cazare-tg-secuiesc\/#primaryimage","url":"https:\/\/targusecuiesc.eu\/wp-content\/uploads\/2023\/02\/Cazare-Tg.-Secuiesc-scaled.jpg","contentUrl":"https:\/\/targusecuiesc.eu\/wp-content\/uploads\/2023\/02\/Cazare-Tg.-Secuiesc-scaled.jpg","width":1024,"height":715,"caption":"Cazare Tg. Secuiesc"},{"@type":"BreadcrumbList","@id":"https:\/\/targusecuiesc.eu\/2023\/02\/02\/cazare-tg-secuiesc\/#breadcrumb","itemListElement":[{"@type":"ListItem","position":1,"name":"Prima pagin\u0103","item":"https:\/\/targusecuiesc.eu\/"},{"@type":"ListItem","position":2,"name":"Cazare Tg. Secuiesc"}]},{"@type":"WebSite","@id":"https:\/\/targusecuiesc.eu\/#website","url":"https:\/\/targusecuiesc.eu\/","name":"Cazare \u00een T\u00e2rgu Secueisc","description":"Te afli \u00een c\u0103utarea unui loc potrivit de cazare \u00een T\u00e2rgu Secuiesc?","publisher":{"@id":"https:\/\/targusecuiesc.eu\/#organization"},"alternateName":"Te afli in cautarea unui loc potrivit de cazare in Targu Secuiesc?","potentialAction":[{"@type":"SearchAction","target":{"@type":"EntryPoint","urlTemplate":"https:\/\/targusecuiesc.eu\/?s={search_term_string}"},"query-input":{"@type":"PropertyValueSpecification","valueRequired":true,"valueName":"search_term_string"}}],"inLanguage":"ro-RO"},{"@type":"Organization","@id":"https:\/\/targusecuiesc.eu\/#organization","name":"Cazare \u00een T\u00e2rgu Secueisc","alternateName":"Te afli in cautarea unui loc potrivit de cazare in Targu Secuiesc?","url":"https:\/\/targusecuiesc.eu\/","logo":{"@type":"ImageObject","inLanguage":"ro-RO","@id":"https:\/\/targusecuiesc.eu\/#\/schema\/logo\/image\/","url":"https:\/\/targusecuiesc.eu\/wp-content\/uploads\/2022\/05\/cropped-targu-secuiesc-1-e1653031917947.png","contentUrl":"https:\/\/targusecuiesc.eu\/wp-content\/uploads\/2022\/05\/cropped-targu-secuiesc-1-e1653031917947.png","width":512,"height":512,"caption":"Cazare \u00een T\u00e2rgu Secueisc"},"image":{"@id":"https:\/\/targusecuiesc.eu\/#\/schema\/logo\/image\/"}},{"@type":"Person","@id":"https:\/\/targusecuiesc.eu\/#\/schema\/person\/3e8e0dc36a7b432328a4fa3a70aa5de3","name":"Levente","image":{"@type":"ImageObject","inLanguage":"ro-RO","@id":"https:\/\/secure.gravatar.com\/avatar\/a800d69db893890d57b88525e6aba9502659e29fa5a7ce96c5354202678a9227?s=96&d=mm&r=g","url":"https:\/\/secure.gravatar.com\/avatar\/a800d69db893890d57b88525e6aba9502659e29fa5a7ce96c5354202678a9227?s=96&d=mm&r=g","contentUrl":"https:\/\/secure.gravatar.com\/avatar\/a800d69db893890d57b88525e6aba9502659e29fa5a7ce96c5354202678a9227?s=96&d=mm&r=g","caption":"Levente"},"sameAs":["https:\/\/targusecuiesc.eu"],"url":"https:\/\/targusecuiesc.eu\/ro\/author\/admin\/"}]}},"_links":{"self":[{"href":"https:\/\/targusecuiesc.eu\/ro\/wp-json\/wp\/v2\/posts\/4631","targetHints":{"allow":["GET"]}}],"collection":[{"href":"https:\/\/targusecuiesc.eu\/ro\/wp-json\/wp\/v2\/posts"}],"about":[{"href":"https:\/\/targusecuiesc.eu\/ro\/wp-json\/wp\/v2\/types\/post"}],"author":[{"embeddable":true,"href":"https:\/\/targusecuiesc.eu\/ro\/wp-json\/wp\/v2\/users\/1"}],"replies":[{"embeddable":true,"href":"https:\/\/targusecuiesc.eu\/ro\/wp-json\/wp\/v2\/comments?post=4631"}],"version-history":[{"count":0,"href":"https:\/\/targusecuiesc.eu\/ro\/wp-json\/wp\/v2\/posts\/4631\/revisions"}],"wp:featuredmedia":[{"embeddable":true,"href":"https:\/\/targusecuiesc.eu\/ro\/wp-json\/wp\/v2\/media\/4633"}],"wp:attachment":[{"href":"https:\/\/targusecuiesc.eu\/ro\/wp-json\/wp\/v2\/media?parent=4631"}],"wp:term":[{"taxonomy":"category","embeddable":true,"href":"https:\/\/targusecuiesc.eu\/ro\/wp-json\/wp\/v2\/categories?post=4631"},{"taxonomy":"post_tag","embeddable":true,"href":"https:\/\/targusecuiesc.eu\/ro\/wp-json\/wp\/v2\/tags?post=4631"}],"curies":[{"name":"wp","href":"https:\/\/api.w.org\/{rel}","templated":true}]}}