{"id":2649,"date":"2022-12-05T14:26:45","date_gmt":"2022-12-05T12:26:45","guid":{"rendered":"https:\/\/targusecuiesc.eu\/?p=2649"},"modified":"2022-12-05T14:55:06","modified_gmt":"2022-12-05T12:55:06","slug":"te-afli-in-cautarea-unui-loc-potrivit-de-cazare-in-targu-secuiesc","status":"publish","type":"post","link":"https:\/\/targusecuiesc.eu\/ro\/2022\/12\/05\/te-afli-in-cautarea-unui-loc-potrivit-de-cazare-in-targu-secuiesc\/","title":{"rendered":"Te afli in cautarea unui loc potrivit de cazare in Targu Secuiesc?"},"content":{"rendered":"\t\t<div data-elementor-type=\"wp-post\" data-elementor-id=\"2649\" class=\"elementor elementor-2649\" data-elementor-post-type=\"post\">\n\t\t\t\t\t\t<section class=\"elementor-section elementor-top-section elementor-element elementor-element-3da0fe3 elementor-section-boxed elementor-section-height-default elementor-section-height-default\" data-id=\"3da0fe3\" data-element_type=\"section\" data-e-type=\"section\">\n\t\t\t\t\t\t<div class=\"elementor-container elementor-column-gap-default\">\n\t\t\t\t\t<div class=\"elementor-column elementor-col-100 elementor-top-column elementor-element elementor-element-b2515fc\" data-id=\"b2515fc\" data-element_type=\"column\" data-e-type=\"column\">\n\t\t\t<div class=\"elementor-widget-wrap elementor-element-populated\">\n\t\t\t\t\t\t<div class=\"elementor-element elementor-element-a340d42 elementor-widget elementor-widget-text-editor\" data-id=\"a340d42\" data-element_type=\"widget\" data-e-type=\"widget\" data-widget_type=\"text-editor.default\">\n\t\t\t\t\t\t\t\t\t<p class=\"p1\">Daca te afli in cautarea unui loc potrivit de <span style=\"text-decoration: underline;\"><strong><a href=\"https:\/\/targusecuiesc.eu\/cazare\/\">cazare in Targu Secuiesc<\/a><\/strong><\/span>, te recomandam sa iei in considerare pensiuni din zona. Printre cele mai apreciate pensiuni din Targu Secuiesc se numara: Casa Pixel, Tiny Campus si Casa Voros. Toate aceste pensiuni ofera camere confortabile, facilitati moderne si servicii de calitate, pentru a face ca sejurul tau sa fie unul placut.<\/p><p class=\"p1\">De asemenea, aceste pensiuni sunt aproape de obiective turistice si de punctele de interes din oras, astfel incat sa te poti bucura de toate atractiile pe care le ofera Targu Secuiesc.<\/p>\t\t\t\t\t\t\t\t<\/div>\n\t\t\t\t\t<\/div>\n\t\t<\/div>\n\t\t\t\t\t<\/div>\n\t\t<\/section>\n\t\t\t\t<section class=\"elementor-section elementor-top-section elementor-element elementor-element-34e7258 elementor-section-boxed elementor-section-height-default elementor-section-height-default\" data-id=\"34e7258\" data-element_type=\"section\" data-e-type=\"section\">\n\t\t\t\t\t\t<div class=\"elementor-container elementor-column-gap-default\">\n\t\t\t\t\t<div class=\"elementor-column elementor-col-100 elementor-top-column elementor-element elementor-element-ae86672\" data-id=\"ae86672\" data-element_type=\"column\" data-e-type=\"column\">\n\t\t\t<div class=\"elementor-widget-wrap elementor-element-populated\">\n\t\t\t\t\t\t<div class=\"elementor-element elementor-element-23b82bd elementor-widget elementor-widget-text-editor\" data-id=\"23b82bd\" data-element_type=\"widget\" data-e-type=\"widget\" data-widget_type=\"text-editor.default\">\n\t\t\t\t\t\t\t\t\t<p class=\"p1\">Una dintre recomandarile noastre este Casa Pixel, care ofera camere confortabile si servicii de calitate la preturi accesibile. De asemenea, pensiunea Casa Voros ofera cazare intr-un cadru rustic si linistit, la doar 1 minute de mers pe jos de centrul orasului. Pentru cei care doresc mai multa intimitate, casutele Tiny Campus sunt o alegere ideala, cu o locatie convenabila si facilitati moderne.<\/p><h2 class=\"p1\"><span style=\"text-decoration: underline;\">Pentru <a href=\"https:\/\/targusecuiesc.eu\/cazare\/\">cazare in Targu Secuiesc<\/a>, va recomandam urmatoarele optiuni:<\/span><\/h2><ol class=\"ol1\"><li class=\"li1\">Casa Voros &#8211; o pensiune cu o locatie excelenta, situat in centrul orasului, cu camere confortabile si acces la internet gratuit.<\/li><li class=\"li1\">Pensiunea Pixel &#8211; o pensiune familiala, situata in apropierea parcului central, cu camere spatioase si mic dejun inclus.<\/li><li>Tiny Campus &#8211; resort de case mobile<\/li><\/ol>\t\t\t\t\t\t\t\t<\/div>\n\t\t\t\t<div class=\"elementor-element elementor-element-89fe2e1 elementor-button-danger elementor-align-justify elementor-widget elementor-widget-button\" data-id=\"89fe2e1\" data-element_type=\"widget\" data-e-type=\"widget\" data-widget_type=\"button.default\">\n\t\t\t\t\t\t\t\t\t\t<a class=\"elementor-button elementor-button-link elementor-size-xl\" href=\"https:\/\/targusecuiesc.eu\/contact\/\">\n\t\t\t\t\t\t<span class=\"elementor-button-content-wrapper\">\n\t\t\t\t\t\t\t\t\t<span class=\"elementor-button-text\">Rezerva acum<\/span>\n\t\t\t\t\t<\/span>\n\t\t\t\t\t<\/a>\n\t\t\t\t\t\t\t\t<\/div>\n\t\t\t\t\t<\/div>\n\t\t<\/div>\n\t\t\t\t\t<\/div>\n\t\t<\/section>\n\t\t\t\t<section class=\"elementor-section elementor-top-section elementor-element elementor-element-cd1a2c9 elementor-section-boxed elementor-section-height-default elementor-section-height-default\" data-id=\"cd1a2c9\" data-element_type=\"section\" data-e-type=\"section\">\n\t\t\t\t\t\t<div class=\"elementor-container elementor-column-gap-default\">\n\t\t\t\t\t<div class=\"elementor-column elementor-col-100 elementor-top-column elementor-element elementor-element-054e761\" data-id=\"054e761\" data-element_type=\"column\" data-e-type=\"column\">\n\t\t\t<div class=\"elementor-widget-wrap elementor-element-populated\">\n\t\t\t\t\t\t<div class=\"elementor-element elementor-element-202f2d4 elementor-widget elementor-widget-image\" data-id=\"202f2d4\" data-element_type=\"widget\" data-e-type=\"widget\" data-widget_type=\"image.default\">\n\t\t\t\t\t\t\t\t\t\t\t\t<figure class=\"wp-caption\">\n\t\t\t\t\t\t\t\t\t\t<img fetchpriority=\"high\" decoding=\"async\" width=\"1024\" height=\"768\" src=\"https:\/\/targusecuiesc.eu\/wp-content\/uploads\/2022\/11\/Cazare-Targu-Secueisc-cu-tichete-de-vacanta-1024x768.jpg\" class=\"attachment-large size-large wp-image-1962\" alt=\"Cazare Targu Secueisc cu tichete de vacanta\" srcset=\"https:\/\/targusecuiesc.eu\/wp-content\/uploads\/2022\/11\/Cazare-Targu-Secueisc-cu-tichete-de-vacanta.jpg 1024w, https:\/\/targusecuiesc.eu\/wp-content\/uploads\/2022\/11\/Cazare-Targu-Secueisc-cu-tichete-de-vacanta-300x225.jpg 300w, https:\/\/targusecuiesc.eu\/wp-content\/uploads\/2022\/11\/Cazare-Targu-Secueisc-cu-tichete-de-vacanta-768x576.jpg 768w, https:\/\/targusecuiesc.eu\/wp-content\/uploads\/2022\/11\/Cazare-Targu-Secueisc-cu-tichete-de-vacanta-1536x1152.jpg 1536w, https:\/\/targusecuiesc.eu\/wp-content\/uploads\/2022\/11\/Cazare-Targu-Secueisc-cu-tichete-de-vacanta-16x12.jpg 16w, https:\/\/targusecuiesc.eu\/wp-content\/uploads\/2022\/11\/Cazare-Targu-Secueisc-cu-tichete-de-vacanta-600x450.jpg 600w\" sizes=\"(max-width: 1024px) 100vw, 1024px\" \/>\t\t\t\t\t\t\t\t\t\t\t<figcaption class=\"widget-image-caption wp-caption-text\">Casa Pixel<\/figcaption>\n\t\t\t\t\t\t\t\t\t\t<\/figure>\n\t\t\t\t\t\t\t\t\t<\/div>\n\t\t\t\t\t<\/div>\n\t\t<\/div>\n\t\t\t\t\t<\/div>\n\t\t<\/section>\n\t\t\t\t<section class=\"elementor-section elementor-top-section elementor-element elementor-element-2b2378b elementor-section-boxed elementor-section-height-default elementor-section-height-default\" data-id=\"2b2378b\" data-element_type=\"section\" data-e-type=\"section\">\n\t\t\t\t\t\t<div class=\"elementor-container elementor-column-gap-default\">\n\t\t\t\t\t<div class=\"elementor-column elementor-col-100 elementor-top-column elementor-element elementor-element-53d017f\" data-id=\"53d017f\" data-element_type=\"column\" data-e-type=\"column\">\n\t\t\t<div class=\"elementor-widget-wrap elementor-element-populated\">\n\t\t\t\t\t\t<div class=\"elementor-element elementor-element-f8d525e elementor-widget elementor-widget-image\" data-id=\"f8d525e\" data-element_type=\"widget\" data-e-type=\"widget\" data-widget_type=\"image.default\">\n\t\t\t\t\t\t\t\t\t\t\t\t<figure class=\"wp-caption\">\n\t\t\t\t\t\t\t\t\t\t<img decoding=\"async\" width=\"1024\" height=\"768\" data-src=\"https:\/\/targusecuiesc.eu\/wp-content\/uploads\/2022\/11\/Cazare-Targu-Secueisc-cu-tichete-de-vacanta_1-1024x768.jpg\" class=\"attachment-large size-large wp-image-1972 lazyload\" alt=\"Cazare Targu Secueisc cu tichete de vacanta_1\" data-srcset=\"https:\/\/targusecuiesc.eu\/wp-content\/uploads\/2022\/11\/Cazare-Targu-Secueisc-cu-tichete-de-vacanta_1.jpg 1024w, https:\/\/targusecuiesc.eu\/wp-content\/uploads\/2022\/11\/Cazare-Targu-Secueisc-cu-tichete-de-vacanta_1-300x225.jpg 300w, https:\/\/targusecuiesc.eu\/wp-content\/uploads\/2022\/11\/Cazare-Targu-Secueisc-cu-tichete-de-vacanta_1-768x576.jpg 768w, https:\/\/targusecuiesc.eu\/wp-content\/uploads\/2022\/11\/Cazare-Targu-Secueisc-cu-tichete-de-vacanta_1-1536x1152.jpg 1536w, https:\/\/targusecuiesc.eu\/wp-content\/uploads\/2022\/11\/Cazare-Targu-Secueisc-cu-tichete-de-vacanta_1-16x12.jpg 16w, https:\/\/targusecuiesc.eu\/wp-content\/uploads\/2022\/11\/Cazare-Targu-Secueisc-cu-tichete-de-vacanta_1-600x450.jpg 600w\" data-sizes=\"(max-width: 1024px) 100vw, 1024px\" src=\"data:image\/svg+xml;base64,PHN2ZyB3aWR0aD0iMSIgaGVpZ2h0PSIxIiB4bWxucz0iaHR0cDovL3d3dy53My5vcmcvMjAwMC9zdmciPjwvc3ZnPg==\" style=\"--smush-placeholder-width: 1024px; --smush-placeholder-aspect-ratio: 1024\/768;\" \/>\t\t\t\t\t\t\t\t\t\t\t<figcaption class=\"widget-image-caption wp-caption-text\">Tiny Campus<\/figcaption>\n\t\t\t\t\t\t\t\t\t\t<\/figure>\n\t\t\t\t\t\t\t\t\t<\/div>\n\t\t\t\t\t<\/div>\n\t\t<\/div>\n\t\t\t\t\t<\/div>\n\t\t<\/section>\n\t\t\t\t<section class=\"elementor-section elementor-top-section elementor-element elementor-element-f44f398 elementor-section-boxed elementor-section-height-default elementor-section-height-default\" data-id=\"f44f398\" data-element_type=\"section\" data-e-type=\"section\">\n\t\t\t\t\t\t<div class=\"elementor-container elementor-column-gap-default\">\n\t\t\t\t\t<div class=\"elementor-column elementor-col-100 elementor-top-column elementor-element elementor-element-665624c\" data-id=\"665624c\" data-element_type=\"column\" data-e-type=\"column\">\n\t\t\t<div class=\"elementor-widget-wrap elementor-element-populated\">\n\t\t\t\t\t\t<div class=\"elementor-element elementor-element-14e1fc3 elementor-widget elementor-widget-image\" data-id=\"14e1fc3\" data-element_type=\"widget\" data-e-type=\"widget\" data-widget_type=\"image.default\">\n\t\t\t\t\t\t\t\t\t\t\t\t<figure class=\"wp-caption\">\n\t\t\t\t\t\t\t\t\t\t<img decoding=\"async\" width=\"1024\" height=\"683\" data-src=\"https:\/\/targusecuiesc.eu\/wp-content\/uploads\/2022\/09\/cazare-targu-secuiesc-_-pensiunea-voros.jpg\" class=\"attachment-large size-large wp-image-1257 lazyload\" alt=\"cazare targu secuiesc _ pensiunea voros\" data-srcset=\"https:\/\/targusecuiesc.eu\/wp-content\/uploads\/2022\/09\/cazare-targu-secuiesc-_-pensiunea-voros.jpg 1024w, https:\/\/targusecuiesc.eu\/wp-content\/uploads\/2022\/09\/cazare-targu-secuiesc-_-pensiunea-voros-600x400.jpg 600w\" data-sizes=\"(max-width: 1024px) 100vw, 1024px\" src=\"data:image\/svg+xml;base64,PHN2ZyB3aWR0aD0iMSIgaGVpZ2h0PSIxIiB4bWxucz0iaHR0cDovL3d3dy53My5vcmcvMjAwMC9zdmciPjwvc3ZnPg==\" style=\"--smush-placeholder-width: 1024px; --smush-placeholder-aspect-ratio: 1024\/683;\" \/>\t\t\t\t\t\t\t\t\t\t\t<figcaption class=\"widget-image-caption wp-caption-text\">CasaVoros<\/figcaption>\n\t\t\t\t\t\t\t\t\t\t<\/figure>\n\t\t\t\t\t\t\t\t\t<\/div>\n\t\t\t\t\t<\/div>\n\t\t<\/div>\n\t\t\t\t\t<\/div>\n\t\t<\/section>\n\t\t\t\t<\/div>\n\t\t","protected":false},"excerpt":{"rendered":"<p>Daca te afli in cautarea unui loc potrivit de cazare in Targu Secuiesc, te recomandam sa iei in considerare pensiuni din zona. Printre cele mai apreciate pensiuni din Targu Secuiesc se numara: Casa Pixel, Tiny Campus si Casa Voros. Toate aceste pensiuni ofera camere confortabile, facilitati moderne si servicii de calitate, pentru a face ca [&hellip;]<\/p>\n","protected":false},"author":1,"featured_media":2684,"comment_status":"open","ping_status":"open","sticky":false,"template":"","format":"standard","meta":{"ocean_post_layout":"","ocean_both_sidebars_style":"","ocean_both_sidebars_content_width":0,"ocean_both_sidebars_sidebars_width":0,"ocean_sidebar":"","ocean_second_sidebar":"","ocean_disable_margins":"enable","ocean_add_body_class":"","ocean_shortcode_before_top_bar":"","ocean_shortcode_after_top_bar":"","ocean_shortcode_before_header":"","ocean_shortcode_after_header":"","ocean_has_shortcode":"","ocean_shortcode_after_title":"","ocean_shortcode_before_footer_widgets":"","ocean_shortcode_after_footer_widgets":"","ocean_shortcode_before_footer_bottom":"","ocean_shortcode_after_footer_bottom":"","ocean_display_top_bar":"default","ocean_display_header":"default","ocean_header_style":"","ocean_center_header_left_menu":"","ocean_custom_header_template":"","ocean_custom_logo":0,"ocean_custom_retina_logo":0,"ocean_custom_logo_max_width":0,"ocean_custom_logo_tablet_max_width":0,"ocean_custom_logo_mobile_max_width":0,"ocean_custom_logo_max_height":0,"ocean_custom_logo_tablet_max_height":0,"ocean_custom_logo_mobile_max_height":0,"ocean_header_custom_menu":"","ocean_menu_typo_font_family":"","ocean_menu_typo_font_subset":"","ocean_menu_typo_font_size":0,"ocean_menu_typo_font_size_tablet":0,"ocean_menu_typo_font_size_mobile":0,"ocean_menu_typo_font_size_unit":"px","ocean_menu_typo_font_weight":"","ocean_menu_typo_font_weight_tablet":"","ocean_menu_typo_font_weight_mobile":"","ocean_menu_typo_transform":"","ocean_menu_typo_transform_tablet":"","ocean_menu_typo_transform_mobile":"","ocean_menu_typo_line_height":0,"ocean_menu_typo_line_height_tablet":0,"ocean_menu_typo_line_height_mobile":0,"ocean_menu_typo_line_height_unit":"","ocean_menu_typo_spacing":0,"ocean_menu_typo_spacing_tablet":0,"ocean_menu_typo_spacing_mobile":0,"ocean_menu_typo_spacing_unit":"","ocean_menu_link_color":"","ocean_menu_link_color_hover":"","ocean_menu_link_color_active":"","ocean_menu_link_background":"","ocean_menu_link_hover_background":"","ocean_menu_link_active_background":"","ocean_menu_social_links_bg":"","ocean_menu_social_hover_links_bg":"","ocean_menu_social_links_color":"","ocean_menu_social_hover_links_color":"","ocean_disable_title":"default","ocean_disable_heading":"default","ocean_post_title":"","ocean_post_subheading":"","ocean_post_title_style":"","ocean_post_title_background_color":"","ocean_post_title_background":0,"ocean_post_title_bg_image_position":"","ocean_post_title_bg_image_attachment":"","ocean_post_title_bg_image_repeat":"","ocean_post_title_bg_image_size":"","ocean_post_title_height":0,"ocean_post_title_bg_overlay":0.5,"ocean_post_title_bg_overlay_color":"","ocean_disable_breadcrumbs":"default","ocean_breadcrumbs_color":"","ocean_breadcrumbs_separator_color":"","ocean_breadcrumbs_links_color":"","ocean_breadcrumbs_links_hover_color":"","ocean_display_footer_widgets":"default","ocean_display_footer_bottom":"default","ocean_custom_footer_template":"","_joinchat":[],"ocean_post_oembed":"","ocean_post_self_hosted_media":"","ocean_post_video_embed":"","ocean_link_format":"","ocean_link_format_target":"self","ocean_quote_format":"","ocean_quote_format_link":"post","ocean_gallery_link_images":"on","ocean_gallery_id":[],"footnotes":""},"categories":[1],"tags":[],"class_list":["post-2649","post","type-post","status-publish","format-standard","has-post-thumbnail","hentry","category-uncategorized","entry","has-media"],"yoast_head":"<!-- This site is optimized with the Yoast SEO plugin v27.3 - https:\/\/yoast.com\/product\/yoast-seo-wordpress\/ -->\n<title>Te afli in cautarea unui loc potrivit de cazare in Targu Secuiesc? -<\/title>\n<meta name=\"description\" content=\"Pentru cazare in Targu Secuiesc, va recomandam urmatoarele optiuni: Casa Pixel, Tiny Campus si Casa Voros.\" \/>\n<meta name=\"robots\" content=\"index, follow, max-snippet:-1, max-image-preview:large, max-video-preview:-1\" \/>\n<link rel=\"canonical\" href=\"https:\/\/targusecuiesc.eu\/ro\/2022\/12\/05\/te-afli-in-cautarea-unui-loc-potrivit-de-cazare-in-targu-secuiesc\/\" \/>\n<meta property=\"og:locale\" content=\"ro_RO\" \/>\n<meta property=\"og:type\" content=\"article\" \/>\n<meta property=\"og:title\" content=\"Te afli in cautarea unui loc potrivit de cazare in Targu Secuiesc? -\" \/>\n<meta property=\"og:description\" content=\"Pentru cazare in Targu Secuiesc, va recomandam urmatoarele optiuni: Casa Pixel, Tiny Campus si Casa Voros.\" \/>\n<meta property=\"og:url\" content=\"https:\/\/targusecuiesc.eu\/ro\/2022\/12\/05\/te-afli-in-cautarea-unui-loc-potrivit-de-cazare-in-targu-secuiesc\/\" \/>\n<meta property=\"og:site_name\" content=\"Cazare \u00een T\u00e2rgu Secueisc\" \/>\n<meta property=\"article:published_time\" content=\"2022-12-05T12:26:45+00:00\" \/>\n<meta property=\"article:modified_time\" content=\"2022-12-05T12:55:06+00:00\" \/>\n<meta property=\"og:image\" content=\"https:\/\/targusecuiesc.eu\/wp-content\/uploads\/2022\/12\/cazare-targu-secuiesc-Casuta-mobila-scaled.jpg\" \/>\n\t<meta property=\"og:image:width\" content=\"1024\" \/>\n\t<meta property=\"og:image:height\" content=\"768\" \/>\n\t<meta property=\"og:image:type\" content=\"image\/jpeg\" \/>\n<meta name=\"author\" content=\"Levente\" \/>\n<meta name=\"twitter:card\" content=\"summary_large_image\" \/>\n<meta name=\"twitter:label1\" content=\"Scris de\" \/>\n\t<meta name=\"twitter:data1\" content=\"Levente\" \/>\n\t<meta name=\"twitter:label2\" content=\"Timp estimat pentru citire\" \/>\n\t<meta name=\"twitter:data2\" content=\"2 minute\" \/>\n<script type=\"application\/ld+json\" class=\"yoast-schema-graph\">{\"@context\":\"https:\\\/\\\/schema.org\",\"@graph\":[{\"@type\":\"Article\",\"@id\":\"https:\\\/\\\/targusecuiesc.eu\\\/2022\\\/12\\\/05\\\/te-afli-in-cautarea-unui-loc-potrivit-de-cazare-in-targu-secuiesc\\\/#article\",\"isPartOf\":{\"@id\":\"https:\\\/\\\/targusecuiesc.eu\\\/2022\\\/12\\\/05\\\/te-afli-in-cautarea-unui-loc-potrivit-de-cazare-in-targu-secuiesc\\\/\"},\"author\":{\"name\":\"Levente\",\"@id\":\"https:\\\/\\\/targusecuiesc.eu\\\/#\\\/schema\\\/person\\\/3e8e0dc36a7b432328a4fa3a70aa5de3\"},\"headline\":\"Te afli in cautarea unui loc potrivit de cazare in Targu Secuiesc?\",\"datePublished\":\"2022-12-05T12:26:45+00:00\",\"dateModified\":\"2022-12-05T12:55:06+00:00\",\"mainEntityOfPage\":{\"@id\":\"https:\\\/\\\/targusecuiesc.eu\\\/2022\\\/12\\\/05\\\/te-afli-in-cautarea-unui-loc-potrivit-de-cazare-in-targu-secuiesc\\\/\"},\"wordCount\":227,\"commentCount\":0,\"publisher\":{\"@id\":\"https:\\\/\\\/targusecuiesc.eu\\\/#organization\"},\"image\":{\"@id\":\"https:\\\/\\\/targusecuiesc.eu\\\/2022\\\/12\\\/05\\\/te-afli-in-cautarea-unui-loc-potrivit-de-cazare-in-targu-secuiesc\\\/#primaryimage\"},\"thumbnailUrl\":\"https:\\\/\\\/targusecuiesc.eu\\\/wp-content\\\/uploads\\\/2022\\\/12\\\/cazare-targu-secuiesc-Casuta-mobila-scaled.jpg\",\"articleSection\":[\"Uncategorized\"],\"inLanguage\":\"ro-RO\",\"potentialAction\":[{\"@type\":\"CommentAction\",\"name\":\"Comment\",\"target\":[\"https:\\\/\\\/targusecuiesc.eu\\\/2022\\\/12\\\/05\\\/te-afli-in-cautarea-unui-loc-potrivit-de-cazare-in-targu-secuiesc\\\/#respond\"]}]},{\"@type\":\"WebPage\",\"@id\":\"https:\\\/\\\/targusecuiesc.eu\\\/2022\\\/12\\\/05\\\/te-afli-in-cautarea-unui-loc-potrivit-de-cazare-in-targu-secuiesc\\\/\",\"url\":\"https:\\\/\\\/targusecuiesc.eu\\\/2022\\\/12\\\/05\\\/te-afli-in-cautarea-unui-loc-potrivit-de-cazare-in-targu-secuiesc\\\/\",\"name\":\"Te afli in cautarea unui loc potrivit de cazare in Targu Secuiesc? -\",\"isPartOf\":{\"@id\":\"https:\\\/\\\/targusecuiesc.eu\\\/#website\"},\"primaryImageOfPage\":{\"@id\":\"https:\\\/\\\/targusecuiesc.eu\\\/2022\\\/12\\\/05\\\/te-afli-in-cautarea-unui-loc-potrivit-de-cazare-in-targu-secuiesc\\\/#primaryimage\"},\"image\":{\"@id\":\"https:\\\/\\\/targusecuiesc.eu\\\/2022\\\/12\\\/05\\\/te-afli-in-cautarea-unui-loc-potrivit-de-cazare-in-targu-secuiesc\\\/#primaryimage\"},\"thumbnailUrl\":\"https:\\\/\\\/targusecuiesc.eu\\\/wp-content\\\/uploads\\\/2022\\\/12\\\/cazare-targu-secuiesc-Casuta-mobila-scaled.jpg\",\"datePublished\":\"2022-12-05T12:26:45+00:00\",\"dateModified\":\"2022-12-05T12:55:06+00:00\",\"description\":\"Pentru cazare in Targu Secuiesc, va recomandam urmatoarele optiuni: Casa Pixel, Tiny Campus si Casa Voros.\",\"breadcrumb\":{\"@id\":\"https:\\\/\\\/targusecuiesc.eu\\\/2022\\\/12\\\/05\\\/te-afli-in-cautarea-unui-loc-potrivit-de-cazare-in-targu-secuiesc\\\/#breadcrumb\"},\"inLanguage\":\"ro-RO\",\"potentialAction\":[{\"@type\":\"ReadAction\",\"target\":[\"https:\\\/\\\/targusecuiesc.eu\\\/2022\\\/12\\\/05\\\/te-afli-in-cautarea-unui-loc-potrivit-de-cazare-in-targu-secuiesc\\\/\"]}]},{\"@type\":\"ImageObject\",\"inLanguage\":\"ro-RO\",\"@id\":\"https:\\\/\\\/targusecuiesc.eu\\\/2022\\\/12\\\/05\\\/te-afli-in-cautarea-unui-loc-potrivit-de-cazare-in-targu-secuiesc\\\/#primaryimage\",\"url\":\"https:\\\/\\\/targusecuiesc.eu\\\/wp-content\\\/uploads\\\/2022\\\/12\\\/cazare-targu-secuiesc-Casuta-mobila-scaled.jpg\",\"contentUrl\":\"https:\\\/\\\/targusecuiesc.eu\\\/wp-content\\\/uploads\\\/2022\\\/12\\\/cazare-targu-secuiesc-Casuta-mobila-scaled.jpg\",\"width\":1024,\"height\":768},{\"@type\":\"BreadcrumbList\",\"@id\":\"https:\\\/\\\/targusecuiesc.eu\\\/2022\\\/12\\\/05\\\/te-afli-in-cautarea-unui-loc-potrivit-de-cazare-in-targu-secuiesc\\\/#breadcrumb\",\"itemListElement\":[{\"@type\":\"ListItem\",\"position\":1,\"name\":\"Prima pagin\u0103\",\"item\":\"https:\\\/\\\/targusecuiesc.eu\\\/\"},{\"@type\":\"ListItem\",\"position\":2,\"name\":\"Te afli in cautarea unui loc potrivit de cazare in Targu Secuiesc?\"}]},{\"@type\":\"WebSite\",\"@id\":\"https:\\\/\\\/targusecuiesc.eu\\\/#website\",\"url\":\"https:\\\/\\\/targusecuiesc.eu\\\/\",\"name\":\"Cazare \u00een T\u00e2rgu Secueisc\",\"description\":\"Te afli \u00een c\u0103utarea unui loc potrivit de cazare \u00een T\u00e2rgu Secuiesc?\",\"publisher\":{\"@id\":\"https:\\\/\\\/targusecuiesc.eu\\\/#organization\"},\"alternateName\":\"Te afli in cautarea unui loc potrivit de cazare in Targu Secuiesc?\",\"potentialAction\":[{\"@type\":\"SearchAction\",\"target\":{\"@type\":\"EntryPoint\",\"urlTemplate\":\"https:\\\/\\\/targusecuiesc.eu\\\/?s={search_term_string}\"},\"query-input\":{\"@type\":\"PropertyValueSpecification\",\"valueRequired\":true,\"valueName\":\"search_term_string\"}}],\"inLanguage\":\"ro-RO\"},{\"@type\":\"Organization\",\"@id\":\"https:\\\/\\\/targusecuiesc.eu\\\/#organization\",\"name\":\"Cazare \u00een T\u00e2rgu Secueisc\",\"alternateName\":\"Te afli in cautarea unui loc potrivit de cazare in Targu Secuiesc?\",\"url\":\"https:\\\/\\\/targusecuiesc.eu\\\/\",\"logo\":{\"@type\":\"ImageObject\",\"inLanguage\":\"ro-RO\",\"@id\":\"https:\\\/\\\/targusecuiesc.eu\\\/#\\\/schema\\\/logo\\\/image\\\/\",\"url\":\"https:\\\/\\\/targusecuiesc.eu\\\/wp-content\\\/uploads\\\/2022\\\/05\\\/cropped-targu-secuiesc-1-e1653031917947.png\",\"contentUrl\":\"https:\\\/\\\/targusecuiesc.eu\\\/wp-content\\\/uploads\\\/2022\\\/05\\\/cropped-targu-secuiesc-1-e1653031917947.png\",\"width\":512,\"height\":512,\"caption\":\"Cazare \u00een T\u00e2rgu Secueisc\"},\"image\":{\"@id\":\"https:\\\/\\\/targusecuiesc.eu\\\/#\\\/schema\\\/logo\\\/image\\\/\"}},{\"@type\":\"Person\",\"@id\":\"https:\\\/\\\/targusecuiesc.eu\\\/#\\\/schema\\\/person\\\/3e8e0dc36a7b432328a4fa3a70aa5de3\",\"name\":\"Levente\",\"image\":{\"@type\":\"ImageObject\",\"inLanguage\":\"ro-RO\",\"@id\":\"https:\\\/\\\/secure.gravatar.com\\\/avatar\\\/a800d69db893890d57b88525e6aba9502659e29fa5a7ce96c5354202678a9227?s=96&d=mm&r=g\",\"url\":\"https:\\\/\\\/secure.gravatar.com\\\/avatar\\\/a800d69db893890d57b88525e6aba9502659e29fa5a7ce96c5354202678a9227?s=96&d=mm&r=g\",\"contentUrl\":\"https:\\\/\\\/secure.gravatar.com\\\/avatar\\\/a800d69db893890d57b88525e6aba9502659e29fa5a7ce96c5354202678a9227?s=96&d=mm&r=g\",\"caption\":\"Levente\"},\"sameAs\":[\"https:\\\/\\\/targusecuiesc.eu\"],\"url\":\"https:\\\/\\\/targusecuiesc.eu\\\/ro\\\/author\\\/admin\\\/\"}]}<\/script>\n<!-- \/ Yoast SEO plugin. -->","yoast_head_json":{"title":"Te afli in cautarea unui loc potrivit de cazare in Targu Secuiesc? -","description":"Pentru cazare in Targu Secuiesc, va recomandam urmatoarele optiuni: Casa Pixel, Tiny Campus si Casa Voros.","robots":{"index":"index","follow":"follow","max-snippet":"max-snippet:-1","max-image-preview":"max-image-preview:large","max-video-preview":"max-video-preview:-1"},"canonical":"https:\/\/targusecuiesc.eu\/ro\/2022\/12\/05\/te-afli-in-cautarea-unui-loc-potrivit-de-cazare-in-targu-secuiesc\/","og_locale":"ro_RO","og_type":"article","og_title":"Te afli in cautarea unui loc potrivit de cazare in Targu Secuiesc? -","og_description":"Pentru cazare in Targu Secuiesc, va recomandam urmatoarele optiuni: Casa Pixel, Tiny Campus si Casa Voros.","og_url":"https:\/\/targusecuiesc.eu\/ro\/2022\/12\/05\/te-afli-in-cautarea-unui-loc-potrivit-de-cazare-in-targu-secuiesc\/","og_site_name":"Cazare \u00een T\u00e2rgu Secueisc","article_published_time":"2022-12-05T12:26:45+00:00","article_modified_time":"2022-12-05T12:55:06+00:00","og_image":[{"width":1024,"height":768,"url":"https:\/\/targusecuiesc.eu\/wp-content\/uploads\/2022\/12\/cazare-targu-secuiesc-Casuta-mobila-scaled.jpg","type":"image\/jpeg"}],"author":"Levente","twitter_card":"summary_large_image","twitter_misc":{"Scris de":"Levente","Timp estimat pentru citire":"2 minute"},"schema":{"@context":"https:\/\/schema.org","@graph":[{"@type":"Article","@id":"https:\/\/targusecuiesc.eu\/2022\/12\/05\/te-afli-in-cautarea-unui-loc-potrivit-de-cazare-in-targu-secuiesc\/#article","isPartOf":{"@id":"https:\/\/targusecuiesc.eu\/2022\/12\/05\/te-afli-in-cautarea-unui-loc-potrivit-de-cazare-in-targu-secuiesc\/"},"author":{"name":"Levente","@id":"https:\/\/targusecuiesc.eu\/#\/schema\/person\/3e8e0dc36a7b432328a4fa3a70aa5de3"},"headline":"Te afli in cautarea unui loc potrivit de cazare in Targu Secuiesc?","datePublished":"2022-12-05T12:26:45+00:00","dateModified":"2022-12-05T12:55:06+00:00","mainEntityOfPage":{"@id":"https:\/\/targusecuiesc.eu\/2022\/12\/05\/te-afli-in-cautarea-unui-loc-potrivit-de-cazare-in-targu-secuiesc\/"},"wordCount":227,"commentCount":0,"publisher":{"@id":"https:\/\/targusecuiesc.eu\/#organization"},"image":{"@id":"https:\/\/targusecuiesc.eu\/2022\/12\/05\/te-afli-in-cautarea-unui-loc-potrivit-de-cazare-in-targu-secuiesc\/#primaryimage"},"thumbnailUrl":"https:\/\/targusecuiesc.eu\/wp-content\/uploads\/2022\/12\/cazare-targu-secuiesc-Casuta-mobila-scaled.jpg","articleSection":["Uncategorized"],"inLanguage":"ro-RO","potentialAction":[{"@type":"CommentAction","name":"Comment","target":["https:\/\/targusecuiesc.eu\/2022\/12\/05\/te-afli-in-cautarea-unui-loc-potrivit-de-cazare-in-targu-secuiesc\/#respond"]}]},{"@type":"WebPage","@id":"https:\/\/targusecuiesc.eu\/2022\/12\/05\/te-afli-in-cautarea-unui-loc-potrivit-de-cazare-in-targu-secuiesc\/","url":"https:\/\/targusecuiesc.eu\/2022\/12\/05\/te-afli-in-cautarea-unui-loc-potrivit-de-cazare-in-targu-secuiesc\/","name":"Te afli in cautarea unui loc potrivit de cazare in Targu Secuiesc? -","isPartOf":{"@id":"https:\/\/targusecuiesc.eu\/#website"},"primaryImageOfPage":{"@id":"https:\/\/targusecuiesc.eu\/2022\/12\/05\/te-afli-in-cautarea-unui-loc-potrivit-de-cazare-in-targu-secuiesc\/#primaryimage"},"image":{"@id":"https:\/\/targusecuiesc.eu\/2022\/12\/05\/te-afli-in-cautarea-unui-loc-potrivit-de-cazare-in-targu-secuiesc\/#primaryimage"},"thumbnailUrl":"https:\/\/targusecuiesc.eu\/wp-content\/uploads\/2022\/12\/cazare-targu-secuiesc-Casuta-mobila-scaled.jpg","datePublished":"2022-12-05T12:26:45+00:00","dateModified":"2022-12-05T12:55:06+00:00","description":"Pentru cazare in Targu Secuiesc, va recomandam urmatoarele optiuni: Casa Pixel, Tiny Campus si Casa Voros.","breadcrumb":{"@id":"https:\/\/targusecuiesc.eu\/2022\/12\/05\/te-afli-in-cautarea-unui-loc-potrivit-de-cazare-in-targu-secuiesc\/#breadcrumb"},"inLanguage":"ro-RO","potentialAction":[{"@type":"ReadAction","target":["https:\/\/targusecuiesc.eu\/2022\/12\/05\/te-afli-in-cautarea-unui-loc-potrivit-de-cazare-in-targu-secuiesc\/"]}]},{"@type":"ImageObject","inLanguage":"ro-RO","@id":"https:\/\/targusecuiesc.eu\/2022\/12\/05\/te-afli-in-cautarea-unui-loc-potrivit-de-cazare-in-targu-secuiesc\/#primaryimage","url":"https:\/\/targusecuiesc.eu\/wp-content\/uploads\/2022\/12\/cazare-targu-secuiesc-Casuta-mobila-scaled.jpg","contentUrl":"https:\/\/targusecuiesc.eu\/wp-content\/uploads\/2022\/12\/cazare-targu-secuiesc-Casuta-mobila-scaled.jpg","width":1024,"height":768},{"@type":"BreadcrumbList","@id":"https:\/\/targusecuiesc.eu\/2022\/12\/05\/te-afli-in-cautarea-unui-loc-potrivit-de-cazare-in-targu-secuiesc\/#breadcrumb","itemListElement":[{"@type":"ListItem","position":1,"name":"Prima pagin\u0103","item":"https:\/\/targusecuiesc.eu\/"},{"@type":"ListItem","position":2,"name":"Te afli in cautarea unui loc potrivit de cazare in Targu Secuiesc?"}]},{"@type":"WebSite","@id":"https:\/\/targusecuiesc.eu\/#website","url":"https:\/\/targusecuiesc.eu\/","name":"Cazare \u00een T\u00e2rgu Secueisc","description":"Te afli \u00een c\u0103utarea unui loc potrivit de cazare \u00een T\u00e2rgu Secuiesc?","publisher":{"@id":"https:\/\/targusecuiesc.eu\/#organization"},"alternateName":"Te afli in cautarea unui loc potrivit de cazare in Targu Secuiesc?","potentialAction":[{"@type":"SearchAction","target":{"@type":"EntryPoint","urlTemplate":"https:\/\/targusecuiesc.eu\/?s={search_term_string}"},"query-input":{"@type":"PropertyValueSpecification","valueRequired":true,"valueName":"search_term_string"}}],"inLanguage":"ro-RO"},{"@type":"Organization","@id":"https:\/\/targusecuiesc.eu\/#organization","name":"Cazare \u00een T\u00e2rgu Secueisc","alternateName":"Te afli in cautarea unui loc potrivit de cazare in Targu Secuiesc?","url":"https:\/\/targusecuiesc.eu\/","logo":{"@type":"ImageObject","inLanguage":"ro-RO","@id":"https:\/\/targusecuiesc.eu\/#\/schema\/logo\/image\/","url":"https:\/\/targusecuiesc.eu\/wp-content\/uploads\/2022\/05\/cropped-targu-secuiesc-1-e1653031917947.png","contentUrl":"https:\/\/targusecuiesc.eu\/wp-content\/uploads\/2022\/05\/cropped-targu-secuiesc-1-e1653031917947.png","width":512,"height":512,"caption":"Cazare \u00een T\u00e2rgu Secueisc"},"image":{"@id":"https:\/\/targusecuiesc.eu\/#\/schema\/logo\/image\/"}},{"@type":"Person","@id":"https:\/\/targusecuiesc.eu\/#\/schema\/person\/3e8e0dc36a7b432328a4fa3a70aa5de3","name":"Levente","image":{"@type":"ImageObject","inLanguage":"ro-RO","@id":"https:\/\/secure.gravatar.com\/avatar\/a800d69db893890d57b88525e6aba9502659e29fa5a7ce96c5354202678a9227?s=96&d=mm&r=g","url":"https:\/\/secure.gravatar.com\/avatar\/a800d69db893890d57b88525e6aba9502659e29fa5a7ce96c5354202678a9227?s=96&d=mm&r=g","contentUrl":"https:\/\/secure.gravatar.com\/avatar\/a800d69db893890d57b88525e6aba9502659e29fa5a7ce96c5354202678a9227?s=96&d=mm&r=g","caption":"Levente"},"sameAs":["https:\/\/targusecuiesc.eu"],"url":"https:\/\/targusecuiesc.eu\/ro\/author\/admin\/"}]}},"_links":{"self":[{"href":"https:\/\/targusecuiesc.eu\/ro\/wp-json\/wp\/v2\/posts\/2649","targetHints":{"allow":["GET"]}}],"collection":[{"href":"https:\/\/targusecuiesc.eu\/ro\/wp-json\/wp\/v2\/posts"}],"about":[{"href":"https:\/\/targusecuiesc.eu\/ro\/wp-json\/wp\/v2\/types\/post"}],"author":[{"embeddable":true,"href":"https:\/\/targusecuiesc.eu\/ro\/wp-json\/wp\/v2\/users\/1"}],"replies":[{"embeddable":true,"href":"https:\/\/targusecuiesc.eu\/ro\/wp-json\/wp\/v2\/comments?post=2649"}],"version-history":[{"count":0,"href":"https:\/\/targusecuiesc.eu\/ro\/wp-json\/wp\/v2\/posts\/2649\/revisions"}],"wp:featuredmedia":[{"embeddable":true,"href":"https:\/\/targusecuiesc.eu\/ro\/wp-json\/wp\/v2\/media\/2684"}],"wp:attachment":[{"href":"https:\/\/targusecuiesc.eu\/ro\/wp-json\/wp\/v2\/media?parent=2649"}],"wp:term":[{"taxonomy":"category","embeddable":true,"href":"https:\/\/targusecuiesc.eu\/ro\/wp-json\/wp\/v2\/categories?post=2649"},{"taxonomy":"post_tag","embeddable":true,"href":"https:\/\/targusecuiesc.eu\/ro\/wp-json\/wp\/v2\/tags?post=2649"}],"curies":[{"name":"wp","href":"https:\/\/api.w.org\/{rel}","templated":true}]}}