{"id":17331,"date":"2025-03-09T08:27:36","date_gmt":"2025-03-09T06:27:36","guid":{"rendered":"https:\/\/targusecuiesc.eu\/?p=17331"},"modified":"2025-03-09T08:38:29","modified_gmt":"2025-03-09T06:38:29","slug":"o-tura-de-bicicleta-perfecta-din-targu-secuiesc","status":"publish","type":"post","link":"https:\/\/targusecuiesc.eu\/ro\/2025\/03\/09\/o-tura-de-bicicleta-perfecta-din-targu-secuiesc\/","title":{"rendered":"O tur\u0103 de biciclet\u0103 perfect\u0103 din T\u00e2rgu Secuiesc prin peisaje incredibile!"},"content":{"rendered":"\t\t<div data-elementor-type=\"wp-post\" data-elementor-id=\"17331\" class=\"elementor elementor-17331\" data-elementor-post-type=\"post\">\n\t\t\t\t\t\t<section class=\"elementor-section elementor-top-section elementor-element elementor-element-b4b4101 elementor-section-boxed elementor-section-height-default elementor-section-height-default\" data-id=\"b4b4101\" data-element_type=\"section\" data-e-type=\"section\">\n\t\t\t\t\t\t<div class=\"elementor-container elementor-column-gap-default\">\n\t\t\t\t\t<div class=\"elementor-column elementor-col-100 elementor-top-column elementor-element elementor-element-dfb3b3f\" data-id=\"dfb3b3f\" data-element_type=\"column\" data-e-type=\"column\">\n\t\t\t<div class=\"elementor-widget-wrap elementor-element-populated\">\n\t\t\t\t\t\t<div class=\"elementor-element elementor-element-055b2b7 elementor-widget elementor-widget-text-editor\" data-id=\"055b2b7\" data-element_type=\"widget\" data-e-type=\"widget\" data-widget_type=\"text-editor.default\">\n\t\t\t\t\t\t\t\t\t<p data-start=\"0\" data-end=\"221\">Traseul propus este excelent pentru o tur\u0103 de biciclet\u0103 relaxant\u0103, de dificultate medie, \u0219i acoper\u0103 zone pitore\u0219ti din Covasna. Iat\u0103 c\u00e2teva detalii despre fiecare segment \u0219i c\u00e2teva recomand\u0103ri pentru siguran\u021b\u0103 \u0219i confort:<\/p><h3 data-start=\"223\" data-end=\"294\"><strong data-start=\"227\" data-end=\"292\">Descriere traseu (40 km, 3-4 ore, teren mixt, drumuri sigure)<\/strong><\/h3><p data-start=\"295\" data-end=\"348\"><strong data-start=\"298\" data-end=\"346\">Pixel Resort (T\u00e2rgu Secuiesc) \u2192 Turia (8 km)<\/strong><\/p><ul data-start=\"349\" data-end=\"486\"><li data-start=\"349\" data-end=\"381\">Drum asfaltat, trafic redus.<\/li><li data-start=\"382\" data-end=\"419\">Aten\u021bie la intersec\u021biile cu DN11.<\/li><\/ul><p data-start=\"488\" data-end=\"518\"><strong data-start=\"491\" data-end=\"516\">Turia \u2192 Cernat (7 km)<\/strong><\/p><ul data-start=\"519\" data-end=\"616\"><li data-start=\"519\" data-end=\"561\">Drum rural asfaltat, peisaje frumoase.<\/li><li data-start=\"562\" data-end=\"616\">Cernat merit\u0103 o oprire la <strong data-start=\"590\" data-end=\"613\">Muzeul Haszmann P\u00e1l<\/strong>.<\/li><\/ul><p data-start=\"618\" data-end=\"661\"><strong data-start=\"621\" data-end=\"659\">Cernat \u2192 M\u0103rcu\u0219a \u2192 Hatuica (12 km)<\/strong><\/p><ul data-start=\"662\" data-end=\"770\"><li data-start=\"662\" data-end=\"711\">Drum lini\u0219tit, prin sate autentice secuie\u0219ti.<\/li><li data-start=\"712\" data-end=\"770\">M\u0103rcu\u0219a are biserici interesante \u0219i zone de belvedere.<\/li><\/ul><p data-start=\"772\" data-end=\"822\"><strong data-start=\"775\" data-end=\"820\">Hatuica \u2192 Catalina \u2192 Pixel Resort (13 km)<\/strong><\/p><ul data-start=\"823\" data-end=\"916\"><li data-start=\"823\" data-end=\"916\">Catalina are c\u00e2teva dealuri frumoase, iar drumul spre T\u00e2rgu Secuiesc e asfaltat \u0219i sigur.<\/li><\/ul><h3 data-start=\"918\" data-end=\"968\"><strong data-start=\"922\" data-end=\"966\">Recomand\u0103ri pentru siguran\u021b\u0103 \u0219i confort:<\/strong><\/h3><p data-start=\"969\" data-end=\"1236\">Lua\u021bi <strong data-start=\"977\" data-end=\"1001\">minim 1 litru de ap\u0103<\/strong>, mai ales c\u0103 nu e izvor \u00een Turia.<\/p><p data-start=\"969\" data-end=\"1236\">Purta\u021bi <strong data-start=\"1048\" data-end=\"1082\">casc\u0103 \u0219i haine reflectorizante<\/strong>.<\/p><p data-start=\"969\" data-end=\"1236\"><br data-start=\"1083\" data-end=\"1086\" \/>Verifica\u021bi <strong data-start=\"1099\" data-end=\"1120\">presiunea ro\u021bilor<\/strong> \u0219i lua\u021bi un kit de repara\u021bii.<\/p><p data-start=\"969\" data-end=\"1236\">\u00a0Face\u021bi o oprire la <strong data-start=\"1174\" data-end=\"1197\">Muzeul Haszmann P\u00e1l<\/strong> din Cernat pentru o pauz\u0103 cultural\u0103.<\/p><p data-start=\"1238\" data-end=\"1299\" data-is-last-node=\"\" data-is-only-node=\"\">\u00a0<\/p>\t\t\t\t\t\t\t\t<\/div>\n\t\t\t\t\t<\/div>\n\t\t<\/div>\n\t\t\t\t\t<\/div>\n\t\t<\/section>\n\t\t\t\t<\/div>\n\t\t","protected":false},"excerpt":{"rendered":"<p>Traseul propus este excelent pentru o tur\u0103 de biciclet\u0103 relaxant\u0103, de dificultate medie, \u0219i acoper\u0103 zone pitore\u0219ti din Covasna. Iat\u0103 c\u00e2teva detalii despre fiecare segment \u0219i c\u00e2teva recomand\u0103ri pentru siguran\u021b\u0103 \u0219i confort:<\/p>\n","protected":false},"author":1,"featured_media":0,"comment_status":"open","ping_status":"open","sticky":false,"template":"","format":"standard","meta":{"ocean_post_layout":"","ocean_both_sidebars_style":"","ocean_both_sidebars_content_width":0,"ocean_both_sidebars_sidebars_width":0,"ocean_sidebar":"","ocean_second_sidebar":"","ocean_disable_margins":"enable","ocean_add_body_class":"","ocean_shortcode_before_top_bar":"","ocean_shortcode_after_top_bar":"","ocean_shortcode_before_header":"","ocean_shortcode_after_header":"","ocean_has_shortcode":"","ocean_shortcode_after_title":"","ocean_shortcode_before_footer_widgets":"","ocean_shortcode_after_footer_widgets":"","ocean_shortcode_before_footer_bottom":"","ocean_shortcode_after_footer_bottom":"","ocean_display_top_bar":"default","ocean_display_header":"default","ocean_header_style":"","ocean_center_header_left_menu":"","ocean_custom_header_template":"","ocean_custom_logo":0,"ocean_custom_retina_logo":0,"ocean_custom_logo_max_width":0,"ocean_custom_logo_tablet_max_width":0,"ocean_custom_logo_mobile_max_width":0,"ocean_custom_logo_max_height":0,"ocean_custom_logo_tablet_max_height":0,"ocean_custom_logo_mobile_max_height":0,"ocean_header_custom_menu":"","ocean_menu_typo_font_family":"","ocean_menu_typo_font_subset":"","ocean_menu_typo_font_size":0,"ocean_menu_typo_font_size_tablet":0,"ocean_menu_typo_font_size_mobile":0,"ocean_menu_typo_font_size_unit":"px","ocean_menu_typo_font_weight":"","ocean_menu_typo_font_weight_tablet":"","ocean_menu_typo_font_weight_mobile":"","ocean_menu_typo_transform":"","ocean_menu_typo_transform_tablet":"","ocean_menu_typo_transform_mobile":"","ocean_menu_typo_line_height":0,"ocean_menu_typo_line_height_tablet":0,"ocean_menu_typo_line_height_mobile":0,"ocean_menu_typo_line_height_unit":"","ocean_menu_typo_spacing":0,"ocean_menu_typo_spacing_tablet":0,"ocean_menu_typo_spacing_mobile":0,"ocean_menu_typo_spacing_unit":"","ocean_menu_link_color":"","ocean_menu_link_color_hover":"","ocean_menu_link_color_active":"","ocean_menu_link_background":"","ocean_menu_link_hover_background":"","ocean_menu_link_active_background":"","ocean_menu_social_links_bg":"","ocean_menu_social_hover_links_bg":"","ocean_menu_social_links_color":"","ocean_menu_social_hover_links_color":"","ocean_disable_title":"default","ocean_disable_heading":"default","ocean_post_title":"","ocean_post_subheading":"","ocean_post_title_style":"","ocean_post_title_background_color":"","ocean_post_title_background":0,"ocean_post_title_bg_image_position":"","ocean_post_title_bg_image_attachment":"","ocean_post_title_bg_image_repeat":"","ocean_post_title_bg_image_size":"","ocean_post_title_height":0,"ocean_post_title_bg_overlay":0.5,"ocean_post_title_bg_overlay_color":"","ocean_disable_breadcrumbs":"default","ocean_breadcrumbs_color":"","ocean_breadcrumbs_separator_color":"","ocean_breadcrumbs_links_color":"","ocean_breadcrumbs_links_hover_color":"","ocean_display_footer_widgets":"default","ocean_display_footer_bottom":"default","ocean_custom_footer_template":"","_joinchat":[],"ocean_post_oembed":"","ocean_post_self_hosted_media":"","ocean_post_video_embed":"","ocean_link_format":"","ocean_link_format_target":"self","ocean_quote_format":"","ocean_quote_format_link":"post","ocean_gallery_link_images":"on","ocean_gallery_id":[],"footnotes":""},"categories":[1],"tags":[],"class_list":["post-17331","post","type-post","status-publish","format-standard","hentry","category-uncategorized","entry"],"yoast_head":"<!-- This site is optimized with the Yoast SEO plugin v27.3 - https:\/\/yoast.com\/product\/yoast-seo-wordpress\/ -->\n<title>O tur\u0103 de biciclet\u0103 perfect\u0103 din T\u00e2rgu Secuiesc prin peisaje incredibile! - Cazare \u00een T\u00e2rgu Secueisc<\/title>\n<meta name=\"robots\" content=\"index, follow, max-snippet:-1, max-image-preview:large, max-video-preview:-1\" \/>\n<link rel=\"canonical\" href=\"https:\/\/targusecuiesc.eu\/ro\/2025\/03\/09\/o-tura-de-bicicleta-perfecta-din-targu-secuiesc\/\" \/>\n<meta property=\"og:locale\" content=\"ro_RO\" \/>\n<meta property=\"og:type\" content=\"article\" \/>\n<meta property=\"og:title\" content=\"O tur\u0103 de biciclet\u0103 perfect\u0103 din T\u00e2rgu Secuiesc prin peisaje incredibile! - Cazare \u00een T\u00e2rgu Secueisc\" \/>\n<meta property=\"og:description\" content=\"Traseul propus este excelent pentru o tur\u0103 de biciclet\u0103 relaxant\u0103, de dificultate medie, \u0219i acoper\u0103 zone pitore\u0219ti din Covasna. Iat\u0103 c\u00e2teva detalii despre fiecare segment \u0219i c\u00e2teva recomand\u0103ri pentru siguran\u021b\u0103 \u0219i confort:\" \/>\n<meta property=\"og:url\" content=\"https:\/\/targusecuiesc.eu\/ro\/2025\/03\/09\/o-tura-de-bicicleta-perfecta-din-targu-secuiesc\/\" \/>\n<meta property=\"og:site_name\" content=\"Cazare \u00een T\u00e2rgu Secueisc\" \/>\n<meta property=\"article:published_time\" content=\"2025-03-09T06:27:36+00:00\" \/>\n<meta property=\"article:modified_time\" content=\"2025-03-09T06:38:29+00:00\" \/>\n<meta name=\"author\" content=\"Levente\" \/>\n<meta name=\"twitter:card\" content=\"summary_large_image\" \/>\n<meta name=\"twitter:label1\" content=\"Scris de\" \/>\n\t<meta name=\"twitter:data1\" content=\"Levente\" \/>\n\t<meta name=\"twitter:label2\" content=\"Timp estimat pentru citire\" \/>\n\t<meta name=\"twitter:data2\" content=\"1 minut\" \/>\n<script type=\"application\/ld+json\" class=\"yoast-schema-graph\">{\"@context\":\"https:\\\/\\\/schema.org\",\"@graph\":[{\"@type\":[\"Article\",\"BlogPosting\"],\"@id\":\"https:\\\/\\\/targusecuiesc.eu\\\/ro\\\/2025\\\/03\\\/09\\\/o-tura-de-bicicleta-perfecta-din-targu-secuiesc\\\/#article\",\"isPartOf\":{\"@id\":\"https:\\\/\\\/targusecuiesc.eu\\\/ro\\\/2025\\\/03\\\/09\\\/o-tura-de-bicicleta-perfecta-din-targu-secuiesc\\\/\"},\"author\":{\"name\":\"Levente\",\"@id\":\"https:\\\/\\\/targusecuiesc.eu\\\/#\\\/schema\\\/person\\\/3e8e0dc36a7b432328a4fa3a70aa5de3\"},\"headline\":\"O tur\u0103 de biciclet\u0103 perfect\u0103 din T\u00e2rgu Secuiesc prin peisaje incredibile!\",\"datePublished\":\"2025-03-09T06:27:36+00:00\",\"dateModified\":\"2025-03-09T06:38:29+00:00\",\"mainEntityOfPage\":{\"@id\":\"https:\\\/\\\/targusecuiesc.eu\\\/ro\\\/2025\\\/03\\\/09\\\/o-tura-de-bicicleta-perfecta-din-targu-secuiesc\\\/\"},\"wordCount\":191,\"commentCount\":0,\"publisher\":{\"@id\":\"https:\\\/\\\/targusecuiesc.eu\\\/#organization\"},\"articleSection\":[\"Uncategorized\"],\"inLanguage\":\"ro-RO\",\"potentialAction\":[{\"@type\":\"CommentAction\",\"name\":\"Comment\",\"target\":[\"https:\\\/\\\/targusecuiesc.eu\\\/ro\\\/2025\\\/03\\\/09\\\/o-tura-de-bicicleta-perfecta-din-targu-secuiesc\\\/#respond\"]}]},{\"@type\":\"WebPage\",\"@id\":\"https:\\\/\\\/targusecuiesc.eu\\\/ro\\\/2025\\\/03\\\/09\\\/o-tura-de-bicicleta-perfecta-din-targu-secuiesc\\\/\",\"url\":\"https:\\\/\\\/targusecuiesc.eu\\\/ro\\\/2025\\\/03\\\/09\\\/o-tura-de-bicicleta-perfecta-din-targu-secuiesc\\\/\",\"name\":\"O tur\u0103 de biciclet\u0103 perfect\u0103 din T\u00e2rgu Secuiesc prin peisaje incredibile! - Cazare \u00een T\u00e2rgu Secueisc\",\"isPartOf\":{\"@id\":\"https:\\\/\\\/targusecuiesc.eu\\\/#website\"},\"datePublished\":\"2025-03-09T06:27:36+00:00\",\"dateModified\":\"2025-03-09T06:38:29+00:00\",\"breadcrumb\":{\"@id\":\"https:\\\/\\\/targusecuiesc.eu\\\/ro\\\/2025\\\/03\\\/09\\\/o-tura-de-bicicleta-perfecta-din-targu-secuiesc\\\/#breadcrumb\"},\"inLanguage\":\"ro-RO\",\"potentialAction\":[{\"@type\":\"ReadAction\",\"target\":[\"https:\\\/\\\/targusecuiesc.eu\\\/ro\\\/2025\\\/03\\\/09\\\/o-tura-de-bicicleta-perfecta-din-targu-secuiesc\\\/\"]}]},{\"@type\":\"BreadcrumbList\",\"@id\":\"https:\\\/\\\/targusecuiesc.eu\\\/ro\\\/2025\\\/03\\\/09\\\/o-tura-de-bicicleta-perfecta-din-targu-secuiesc\\\/#breadcrumb\",\"itemListElement\":[{\"@type\":\"ListItem\",\"position\":1,\"name\":\"Prima pagin\u0103\",\"item\":\"https:\\\/\\\/targusecuiesc.eu\\\/\"},{\"@type\":\"ListItem\",\"position\":2,\"name\":\"O tur\u0103 de biciclet\u0103 perfect\u0103 din T\u00e2rgu Secuiesc prin peisaje incredibile!\"}]},{\"@type\":\"WebSite\",\"@id\":\"https:\\\/\\\/targusecuiesc.eu\\\/#website\",\"url\":\"https:\\\/\\\/targusecuiesc.eu\\\/\",\"name\":\"Cazare \u00een T\u00e2rgu Secueisc\",\"description\":\"Te afli \u00een c\u0103utarea unui loc potrivit de cazare \u00een T\u00e2rgu Secuiesc?\",\"publisher\":{\"@id\":\"https:\\\/\\\/targusecuiesc.eu\\\/#organization\"},\"alternateName\":\"Te afli in cautarea unui loc potrivit de cazare in Targu Secuiesc?\",\"potentialAction\":[{\"@type\":\"SearchAction\",\"target\":{\"@type\":\"EntryPoint\",\"urlTemplate\":\"https:\\\/\\\/targusecuiesc.eu\\\/?s={search_term_string}\"},\"query-input\":{\"@type\":\"PropertyValueSpecification\",\"valueRequired\":true,\"valueName\":\"search_term_string\"}}],\"inLanguage\":\"ro-RO\"},{\"@type\":\"Organization\",\"@id\":\"https:\\\/\\\/targusecuiesc.eu\\\/#organization\",\"name\":\"Cazare \u00een T\u00e2rgu Secueisc\",\"alternateName\":\"Te afli in cautarea unui loc potrivit de cazare in Targu Secuiesc?\",\"url\":\"https:\\\/\\\/targusecuiesc.eu\\\/\",\"logo\":{\"@type\":\"ImageObject\",\"inLanguage\":\"ro-RO\",\"@id\":\"https:\\\/\\\/targusecuiesc.eu\\\/#\\\/schema\\\/logo\\\/image\\\/\",\"url\":\"https:\\\/\\\/targusecuiesc.eu\\\/wp-content\\\/uploads\\\/2022\\\/05\\\/cropped-targu-secuiesc-1-e1653031917947.png\",\"contentUrl\":\"https:\\\/\\\/targusecuiesc.eu\\\/wp-content\\\/uploads\\\/2022\\\/05\\\/cropped-targu-secuiesc-1-e1653031917947.png\",\"width\":512,\"height\":512,\"caption\":\"Cazare \u00een T\u00e2rgu Secueisc\"},\"image\":{\"@id\":\"https:\\\/\\\/targusecuiesc.eu\\\/#\\\/schema\\\/logo\\\/image\\\/\"}},{\"@type\":\"Person\",\"@id\":\"https:\\\/\\\/targusecuiesc.eu\\\/#\\\/schema\\\/person\\\/3e8e0dc36a7b432328a4fa3a70aa5de3\",\"name\":\"Levente\",\"image\":{\"@type\":\"ImageObject\",\"inLanguage\":\"ro-RO\",\"@id\":\"https:\\\/\\\/secure.gravatar.com\\\/avatar\\\/a800d69db893890d57b88525e6aba9502659e29fa5a7ce96c5354202678a9227?s=96&d=mm&r=g\",\"url\":\"https:\\\/\\\/secure.gravatar.com\\\/avatar\\\/a800d69db893890d57b88525e6aba9502659e29fa5a7ce96c5354202678a9227?s=96&d=mm&r=g\",\"contentUrl\":\"https:\\\/\\\/secure.gravatar.com\\\/avatar\\\/a800d69db893890d57b88525e6aba9502659e29fa5a7ce96c5354202678a9227?s=96&d=mm&r=g\",\"caption\":\"Levente\"},\"sameAs\":[\"https:\\\/\\\/targusecuiesc.eu\"],\"url\":\"https:\\\/\\\/targusecuiesc.eu\\\/ro\\\/author\\\/admin\\\/\"}]}<\/script>\n<!-- \/ Yoast SEO plugin. -->","yoast_head_json":{"title":"O tur\u0103 de biciclet\u0103 perfect\u0103 din T\u00e2rgu Secuiesc prin peisaje incredibile! - Cazare \u00een T\u00e2rgu Secueisc","robots":{"index":"index","follow":"follow","max-snippet":"max-snippet:-1","max-image-preview":"max-image-preview:large","max-video-preview":"max-video-preview:-1"},"canonical":"https:\/\/targusecuiesc.eu\/ro\/2025\/03\/09\/o-tura-de-bicicleta-perfecta-din-targu-secuiesc\/","og_locale":"ro_RO","og_type":"article","og_title":"O tur\u0103 de biciclet\u0103 perfect\u0103 din T\u00e2rgu Secuiesc prin peisaje incredibile! - Cazare \u00een T\u00e2rgu Secueisc","og_description":"Traseul propus este excelent pentru o tur\u0103 de biciclet\u0103 relaxant\u0103, de dificultate medie, \u0219i acoper\u0103 zone pitore\u0219ti din Covasna. Iat\u0103 c\u00e2teva detalii despre fiecare segment \u0219i c\u00e2teva recomand\u0103ri pentru siguran\u021b\u0103 \u0219i confort:","og_url":"https:\/\/targusecuiesc.eu\/ro\/2025\/03\/09\/o-tura-de-bicicleta-perfecta-din-targu-secuiesc\/","og_site_name":"Cazare \u00een T\u00e2rgu Secueisc","article_published_time":"2025-03-09T06:27:36+00:00","article_modified_time":"2025-03-09T06:38:29+00:00","author":"Levente","twitter_card":"summary_large_image","twitter_misc":{"Scris de":"Levente","Timp estimat pentru citire":"1 minut"},"schema":{"@context":"https:\/\/schema.org","@graph":[{"@type":["Article","BlogPosting"],"@id":"https:\/\/targusecuiesc.eu\/ro\/2025\/03\/09\/o-tura-de-bicicleta-perfecta-din-targu-secuiesc\/#article","isPartOf":{"@id":"https:\/\/targusecuiesc.eu\/ro\/2025\/03\/09\/o-tura-de-bicicleta-perfecta-din-targu-secuiesc\/"},"author":{"name":"Levente","@id":"https:\/\/targusecuiesc.eu\/#\/schema\/person\/3e8e0dc36a7b432328a4fa3a70aa5de3"},"headline":"O tur\u0103 de biciclet\u0103 perfect\u0103 din T\u00e2rgu Secuiesc prin peisaje incredibile!","datePublished":"2025-03-09T06:27:36+00:00","dateModified":"2025-03-09T06:38:29+00:00","mainEntityOfPage":{"@id":"https:\/\/targusecuiesc.eu\/ro\/2025\/03\/09\/o-tura-de-bicicleta-perfecta-din-targu-secuiesc\/"},"wordCount":191,"commentCount":0,"publisher":{"@id":"https:\/\/targusecuiesc.eu\/#organization"},"articleSection":["Uncategorized"],"inLanguage":"ro-RO","potentialAction":[{"@type":"CommentAction","name":"Comment","target":["https:\/\/targusecuiesc.eu\/ro\/2025\/03\/09\/o-tura-de-bicicleta-perfecta-din-targu-secuiesc\/#respond"]}]},{"@type":"WebPage","@id":"https:\/\/targusecuiesc.eu\/ro\/2025\/03\/09\/o-tura-de-bicicleta-perfecta-din-targu-secuiesc\/","url":"https:\/\/targusecuiesc.eu\/ro\/2025\/03\/09\/o-tura-de-bicicleta-perfecta-din-targu-secuiesc\/","name":"O tur\u0103 de biciclet\u0103 perfect\u0103 din T\u00e2rgu Secuiesc prin peisaje incredibile! - Cazare \u00een T\u00e2rgu Secueisc","isPartOf":{"@id":"https:\/\/targusecuiesc.eu\/#website"},"datePublished":"2025-03-09T06:27:36+00:00","dateModified":"2025-03-09T06:38:29+00:00","breadcrumb":{"@id":"https:\/\/targusecuiesc.eu\/ro\/2025\/03\/09\/o-tura-de-bicicleta-perfecta-din-targu-secuiesc\/#breadcrumb"},"inLanguage":"ro-RO","potentialAction":[{"@type":"ReadAction","target":["https:\/\/targusecuiesc.eu\/ro\/2025\/03\/09\/o-tura-de-bicicleta-perfecta-din-targu-secuiesc\/"]}]},{"@type":"BreadcrumbList","@id":"https:\/\/targusecuiesc.eu\/ro\/2025\/03\/09\/o-tura-de-bicicleta-perfecta-din-targu-secuiesc\/#breadcrumb","itemListElement":[{"@type":"ListItem","position":1,"name":"Prima pagin\u0103","item":"https:\/\/targusecuiesc.eu\/"},{"@type":"ListItem","position":2,"name":"O tur\u0103 de biciclet\u0103 perfect\u0103 din T\u00e2rgu Secuiesc prin peisaje incredibile!"}]},{"@type":"WebSite","@id":"https:\/\/targusecuiesc.eu\/#website","url":"https:\/\/targusecuiesc.eu\/","name":"Cazare \u00een T\u00e2rgu Secueisc","description":"Te afli \u00een c\u0103utarea unui loc potrivit de cazare \u00een T\u00e2rgu Secuiesc?","publisher":{"@id":"https:\/\/targusecuiesc.eu\/#organization"},"alternateName":"Te afli in cautarea unui loc potrivit de cazare in Targu Secuiesc?","potentialAction":[{"@type":"SearchAction","target":{"@type":"EntryPoint","urlTemplate":"https:\/\/targusecuiesc.eu\/?s={search_term_string}"},"query-input":{"@type":"PropertyValueSpecification","valueRequired":true,"valueName":"search_term_string"}}],"inLanguage":"ro-RO"},{"@type":"Organization","@id":"https:\/\/targusecuiesc.eu\/#organization","name":"Cazare \u00een T\u00e2rgu Secueisc","alternateName":"Te afli in cautarea unui loc potrivit de cazare in Targu Secuiesc?","url":"https:\/\/targusecuiesc.eu\/","logo":{"@type":"ImageObject","inLanguage":"ro-RO","@id":"https:\/\/targusecuiesc.eu\/#\/schema\/logo\/image\/","url":"https:\/\/targusecuiesc.eu\/wp-content\/uploads\/2022\/05\/cropped-targu-secuiesc-1-e1653031917947.png","contentUrl":"https:\/\/targusecuiesc.eu\/wp-content\/uploads\/2022\/05\/cropped-targu-secuiesc-1-e1653031917947.png","width":512,"height":512,"caption":"Cazare \u00een T\u00e2rgu Secueisc"},"image":{"@id":"https:\/\/targusecuiesc.eu\/#\/schema\/logo\/image\/"}},{"@type":"Person","@id":"https:\/\/targusecuiesc.eu\/#\/schema\/person\/3e8e0dc36a7b432328a4fa3a70aa5de3","name":"Levente","image":{"@type":"ImageObject","inLanguage":"ro-RO","@id":"https:\/\/secure.gravatar.com\/avatar\/a800d69db893890d57b88525e6aba9502659e29fa5a7ce96c5354202678a9227?s=96&d=mm&r=g","url":"https:\/\/secure.gravatar.com\/avatar\/a800d69db893890d57b88525e6aba9502659e29fa5a7ce96c5354202678a9227?s=96&d=mm&r=g","contentUrl":"https:\/\/secure.gravatar.com\/avatar\/a800d69db893890d57b88525e6aba9502659e29fa5a7ce96c5354202678a9227?s=96&d=mm&r=g","caption":"Levente"},"sameAs":["https:\/\/targusecuiesc.eu"],"url":"https:\/\/targusecuiesc.eu\/ro\/author\/admin\/"}]}},"_links":{"self":[{"href":"https:\/\/targusecuiesc.eu\/ro\/wp-json\/wp\/v2\/posts\/17331","targetHints":{"allow":["GET"]}}],"collection":[{"href":"https:\/\/targusecuiesc.eu\/ro\/wp-json\/wp\/v2\/posts"}],"about":[{"href":"https:\/\/targusecuiesc.eu\/ro\/wp-json\/wp\/v2\/types\/post"}],"author":[{"embeddable":true,"href":"https:\/\/targusecuiesc.eu\/ro\/wp-json\/wp\/v2\/users\/1"}],"replies":[{"embeddable":true,"href":"https:\/\/targusecuiesc.eu\/ro\/wp-json\/wp\/v2\/comments?post=17331"}],"version-history":[{"count":0,"href":"https:\/\/targusecuiesc.eu\/ro\/wp-json\/wp\/v2\/posts\/17331\/revisions"}],"wp:attachment":[{"href":"https:\/\/targusecuiesc.eu\/ro\/wp-json\/wp\/v2\/media?parent=17331"}],"wp:term":[{"taxonomy":"category","embeddable":true,"href":"https:\/\/targusecuiesc.eu\/ro\/wp-json\/wp\/v2\/categories?post=17331"},{"taxonomy":"post_tag","embeddable":true,"href":"https:\/\/targusecuiesc.eu\/ro\/wp-json\/wp\/v2\/tags?post=17331"}],"curies":[{"name":"wp","href":"https:\/\/api.w.org\/{rel}","templated":true}]}}