{"id":16823,"date":"2025-02-22T08:29:23","date_gmt":"2025-02-22T06:29:23","guid":{"rendered":"https:\/\/targusecuiesc.eu\/?p=16823"},"modified":"2025-02-22T08:42:46","modified_gmt":"2025-02-22T06:42:46","slug":"lacul-sfanta-ana-o-calatorie-in-timp","status":"publish","type":"post","link":"https:\/\/targusecuiesc.eu\/ro\/2025\/02\/22\/lacul-sfanta-ana-o-calatorie-in-timp\/","title":{"rendered":"Lacul Sf\u00e2nta Ana \u2013 O c\u0103l\u0103torie \u00een timp printre minunile naturii"},"content":{"rendered":"\t\t<div data-elementor-type=\"wp-post\" data-elementor-id=\"16823\" class=\"elementor elementor-16823\" data-elementor-post-type=\"post\">\n\t\t\t\t\t\t<section class=\"elementor-section elementor-top-section elementor-element elementor-element-90d77da elementor-section-boxed elementor-section-height-default elementor-section-height-default\" data-id=\"90d77da\" data-element_type=\"section\" data-e-type=\"section\">\n\t\t\t\t\t\t<div class=\"elementor-container elementor-column-gap-default\">\n\t\t\t\t\t<div class=\"elementor-column elementor-col-100 elementor-top-column elementor-element elementor-element-2600573\" data-id=\"2600573\" data-element_type=\"column\" data-e-type=\"column\">\n\t\t\t<div class=\"elementor-widget-wrap elementor-element-populated\">\n\t\t\t\t\t\t<div class=\"elementor-element elementor-element-0e3f957 elementor-widget elementor-widget-image\" data-id=\"0e3f957\" data-element_type=\"widget\" data-e-type=\"widget\" data-widget_type=\"image.default\">\n\t\t\t\t\t\t\t\t\t\t\t\t\t\t\t<img fetchpriority=\"high\" decoding=\"async\" width=\"1024\" height=\"683\" src=\"https:\/\/targusecuiesc.eu\/wp-content\/uploads\/2025\/02\/DSC_1005-1024x683.jpeg\" class=\"attachment-large size-large wp-image-16829\" alt=\"lacul Sfanta Ana\" srcset=\"https:\/\/targusecuiesc.eu\/wp-content\/uploads\/2025\/02\/DSC_1005-1024x683.jpeg 1024w, https:\/\/targusecuiesc.eu\/wp-content\/uploads\/2025\/02\/DSC_1005-300x200.jpeg 300w, https:\/\/targusecuiesc.eu\/wp-content\/uploads\/2025\/02\/DSC_1005-768x512.jpeg 768w, https:\/\/targusecuiesc.eu\/wp-content\/uploads\/2025\/02\/DSC_1005-1536x1025.jpeg 1536w, https:\/\/targusecuiesc.eu\/wp-content\/uploads\/2025\/02\/DSC_1005-2048x1367.jpeg 2048w, https:\/\/targusecuiesc.eu\/wp-content\/uploads\/2025\/02\/DSC_1005-18x12.jpeg 18w\" sizes=\"(max-width: 1024px) 100vw, 1024px\" \/>\t\t\t\t\t\t\t\t\t\t\t\t\t\t\t<\/div>\n\t\t\t\t\t<\/div>\n\t\t<\/div>\n\t\t\t\t\t<\/div>\n\t\t<\/section>\n\t\t\t\t<section class=\"elementor-section elementor-top-section elementor-element elementor-element-022a7b6 elementor-section-boxed elementor-section-height-default elementor-section-height-default\" data-id=\"022a7b6\" data-element_type=\"section\" data-e-type=\"section\">\n\t\t\t\t\t\t<div class=\"elementor-container elementor-column-gap-default\">\n\t\t\t\t\t<div class=\"elementor-column elementor-col-100 elementor-top-column elementor-element elementor-element-256cfe6\" data-id=\"256cfe6\" data-element_type=\"column\" data-e-type=\"column\">\n\t\t\t<div class=\"elementor-widget-wrap elementor-element-populated\">\n\t\t\t\t\t\t<div class=\"elementor-element elementor-element-a750683 elementor-widget elementor-widget-text-editor\" data-id=\"a750683\" data-element_type=\"widget\" data-e-type=\"widget\" data-widget_type=\"text-editor.default\">\n\t\t\t\t\t\t\t\t\t<p>Lacul Sf\u00e2nta Ana nu este doar o suprafa\u021b\u0103 de ap\u0103 pitoreasc\u0103 pe hart\u0103, ci \u0219i un monument viu care p\u0103streaz\u0103 etapele multiple de schimbare din ultimii zece mii de ani. Istoria lacului dezv\u0103luie nu doar transform\u0103rile geologice \u0219i ecologice, ci \u0219i urmele activit\u0103\u021bii umane. Iar, av\u00e2nd \u00een vedere confortul modern, Pixel Resort se afl\u0103 la doar 30 de minute cu ma\u0219ina, f\u0103c\u00e2nd ca relaxarea contemporan\u0103 s\u0103 se \u00eembine armonios cu experien\u021bele ad\u00e2nci ale trecutului.<\/p><hr \/><h3>Etapele istorice ale lacului<\/h3><p>Cele mai recente cercet\u0103ri, conform studiilor realizate de P\u00e1l Zolt\u00e1n \u0219i Pilb\u00e1th Attila, eviden\u021biaz\u0103 mai multe perioade distincte \u00een evolu\u021bia Lacului Sf\u00e2nta Ana:<\/p><ul><li><p><strong>Stare de lac mic \u0219i mla\u0219tin\u0103 de turb\u0103 (aproximativ acum 9800 de ani):<\/strong><br \/>Starea ini\u021bial\u0103 a lacului era una simpl\u0103, caracterizat\u0103 de un lac mic \u0219i o mla\u0219tin\u0103 de turb\u0103, tipic\u0103 pentru perioada timpurie.<\/p><\/li><li><p><strong>Stadiul mla\u0219tinilor \u0219i lacurilor mici (aproximativ acum 8800 de ani):<\/strong><br \/>Aceast\u0103 perioad\u0103 a fost marcat\u0103 de apari\u021bia mla\u0219tinilor \u0219i a lacurilor mici pe teritoriul lacului, aduc\u00e2nd schimb\u0103ri ecologice semnificative.<\/p><\/li><li><p><strong>Stare de lac mezotrof, apoi cu nivel de ap\u0103 oscilant (aproximativ \u00eentre acum 7050 de ani \u0219i acum 2700 de ani):<\/strong><br \/>\u00cen aceast\u0103 etap\u0103, nivelul apei lacului a crescut constant, urm\u00e2nd apoi s\u0103 oscileze, reflect\u00e2nd modific\u0103rile condi\u021biilor de mediu.<\/p><\/li><li><p><strong>Stare de lac profund oligotrof (aproximativ acum 700 de ani):<\/strong><br \/>Atunci, ad\u00e2ncimea lacului putea dep\u0103\u0219i chiar 12 metri, iar starea ecologic\u0103 era definit\u0103 ca fiind de tip lac profund, oligotrof.<\/p><\/li><\/ul><p>Studiile indic\u0103 faptul c\u0103 primele efecte antropogene evidente \u2013 \u00een principal urmele eroziunii asociate cu defri\u0219\u0103rile \u2013 au ap\u0103rut acum aproximativ 1000\u2013900 de ani. De la acest prag, acum 700 de ani p\u00e2n\u0103 \u00een prezent, se pot observa continuu urmele activit\u0103\u021bii umane, care au dus la eutrofizarea antropogen\u0103 \u0219i sc\u0103derea nivelului apei. Drept urmare, pe malul estic al lacului s-a format o zon\u0103 de ap\u0103 pu\u021bin ad\u00e2nc\u0103, unde vegeta\u021bia a suferit schimb\u0103ri rapide \u0219i durabile.<\/p><hr \/><h3>Lacul Sf\u00e2nta Ana \u0219i craterul s\u0103u<\/h3><p>\u00cen timp ce lacurile vulcanice prezint\u0103, \u00een general, un bazin regulat, \u00een form\u0103 de p\u00e2lnie, Lacul Sf\u00e2nta Ana, din cauza umplerii accelerate, are ast\u0103zi un bazin extins, mult mai plat. Aceast\u0103 umplere nu a redus doar ad\u00e2ncimea medie \u0219i ad\u00e2ncimea maxim\u0103 a lacului, ci a diminuat semnificativ \u0219i suprafa\u021ba \u0219i perimetrul s\u0103u. Aceste schimb\u0103ri reflect\u0103 dinamismul proceselor naturale \u0219i impactul interven\u021biei umane de-a lungul timpului.<\/p><hr \/><h3>Amintiri din b\u0103i de odinioar\u0103 \u0219i experien\u021be comunitare<\/h3><p>\u00cen trecut, apele r\u0103coroase ale Lacului Sf\u00e2nta Ana evocau frecvent amintirile verii. \u00cenotul aici nu era doar o modalitate de a r\u0103cori corpul, ci \u0219i o experien\u021b\u0103 care revigora sufletul, oferind fiec\u0103rui vizitator o experien\u021b\u0103 unic\u0103. Fie c\u0103 era vorba de prima scufundare independent\u0103 din copil\u0103rie, de o excursie \u00een familie sau de o \u00eent\u00e2lnire spontan\u0103 \u00eentre prieteni, lacul p\u0103stra ceva special pentru fiecare. Aceste amintiri tr\u0103iesc \u0219i ast\u0103zi, fiecare persoan\u0103 \u00eemp\u0103rt\u0103\u0219indu-\u0219i propria poveste despre acest loc magic.<\/p><hr \/><h3>\u00a0<\/h3><p>\u00a0<\/p><p>Istoria Lacului Sf\u00e2nta Ana este definit\u0103 at\u00e2t de schimb\u0103rile geologice \u0219i evolu\u021bia ecologic\u0103, c\u00e2t \u0219i de urmele activit\u0103\u021bii umane. De-a lungul ultimilor zece mii de ani, lacul a trecut prin numeroase st\u0103ri \u2013 de la un lac mic \u0219i mla\u0219tin\u0103 de turb\u0103 p\u00e2n\u0103 la perioada unui lac profund oligotrof \u2013, \u00een timp ce interven\u021bia uman\u0103 \u0219i-a l\u0103sat amprenta. Apropierea de Pixel Resort \u2013 la doar 30 de minute cu ma\u0219ina \u2013 ofer\u0103 oportunitatea de a privi \u00eenapoi la trecutul comun al naturii \u0219i al umanit\u0103\u021bii, al\u0103turi de relaxarea modern\u0103.<\/p><p>Ast\u0103zi, Lacul Sf\u00e2nta Ana nu este doar o forma\u021biune natural\u0103, ci \u0219i un monument viu, unde fiecare vizitator \u00ee\u0219i poate g\u0103si propria poveste, amintiri \u0219i experien\u021be. Dac\u0103 data viitoare dore\u0219ti s\u0103 faci o c\u0103l\u0103torie \u00een timp \u0219i s\u0103 redescoperi minunile naturii, exploreaz\u0103 acest loc \u2013 vei fi cu siguran\u021b\u0103 \u00eembog\u0103\u021bit cu experien\u021be noi \u0219i o \u00een\u021belegere mai profund\u0103.<\/p>\t\t\t\t\t\t\t\t<\/div>\n\t\t\t\t\t<\/div>\n\t\t<\/div>\n\t\t\t\t\t<\/div>\n\t\t<\/section>\n\t\t\t\t<\/div>\n\t\t","protected":false},"excerpt":{"rendered":"<p>Lacul Sf\u00e2nta Ana nu este doar o suprafa\u021b\u0103 de ap\u0103 pitoreasc\u0103 pe hart\u0103, ci \u0219i un monument viu care p\u0103streaz\u0103 etapele multiple de schimbare din ultimii zece mii de ani. Istoria lacului dezv\u0103luie nu doar transform\u0103rile geologice \u0219i ecologice, ci \u0219i urmele activit\u0103\u021bii umane. Iar, av\u00e2nd \u00een vedere confortul modern, Pixel Resort se afl\u0103 la [&hellip;]<\/p>\n","protected":false},"author":1,"featured_media":16824,"comment_status":"open","ping_status":"open","sticky":false,"template":"","format":"standard","meta":{"ocean_post_layout":"","ocean_both_sidebars_style":"","ocean_both_sidebars_content_width":0,"ocean_both_sidebars_sidebars_width":0,"ocean_sidebar":"","ocean_second_sidebar":"","ocean_disable_margins":"enable","ocean_add_body_class":"","ocean_shortcode_before_top_bar":"","ocean_shortcode_after_top_bar":"","ocean_shortcode_before_header":"","ocean_shortcode_after_header":"","ocean_has_shortcode":"","ocean_shortcode_after_title":"","ocean_shortcode_before_footer_widgets":"","ocean_shortcode_after_footer_widgets":"","ocean_shortcode_before_footer_bottom":"","ocean_shortcode_after_footer_bottom":"","ocean_display_top_bar":"default","ocean_display_header":"default","ocean_header_style":"","ocean_center_header_left_menu":"","ocean_custom_header_template":"","ocean_custom_logo":0,"ocean_custom_retina_logo":0,"ocean_custom_logo_max_width":0,"ocean_custom_logo_tablet_max_width":0,"ocean_custom_logo_mobile_max_width":0,"ocean_custom_logo_max_height":0,"ocean_custom_logo_tablet_max_height":0,"ocean_custom_logo_mobile_max_height":0,"ocean_header_custom_menu":"","ocean_menu_typo_font_family":"","ocean_menu_typo_font_subset":"","ocean_menu_typo_font_size":0,"ocean_menu_typo_font_size_tablet":0,"ocean_menu_typo_font_size_mobile":0,"ocean_menu_typo_font_size_unit":"px","ocean_menu_typo_font_weight":"","ocean_menu_typo_font_weight_tablet":"","ocean_menu_typo_font_weight_mobile":"","ocean_menu_typo_transform":"","ocean_menu_typo_transform_tablet":"","ocean_menu_typo_transform_mobile":"","ocean_menu_typo_line_height":0,"ocean_menu_typo_line_height_tablet":0,"ocean_menu_typo_line_height_mobile":0,"ocean_menu_typo_line_height_unit":"","ocean_menu_typo_spacing":0,"ocean_menu_typo_spacing_tablet":0,"ocean_menu_typo_spacing_mobile":0,"ocean_menu_typo_spacing_unit":"","ocean_menu_link_color":"","ocean_menu_link_color_hover":"","ocean_menu_link_color_active":"","ocean_menu_link_background":"","ocean_menu_link_hover_background":"","ocean_menu_link_active_background":"","ocean_menu_social_links_bg":"","ocean_menu_social_hover_links_bg":"","ocean_menu_social_links_color":"","ocean_menu_social_hover_links_color":"","ocean_disable_title":"default","ocean_disable_heading":"default","ocean_post_title":"","ocean_post_subheading":"","ocean_post_title_style":"","ocean_post_title_background_color":"","ocean_post_title_background":0,"ocean_post_title_bg_image_position":"","ocean_post_title_bg_image_attachment":"","ocean_post_title_bg_image_repeat":"","ocean_post_title_bg_image_size":"","ocean_post_title_height":0,"ocean_post_title_bg_overlay":0.5,"ocean_post_title_bg_overlay_color":"","ocean_disable_breadcrumbs":"default","ocean_breadcrumbs_color":"","ocean_breadcrumbs_separator_color":"","ocean_breadcrumbs_links_color":"","ocean_breadcrumbs_links_hover_color":"","ocean_display_footer_widgets":"default","ocean_display_footer_bottom":"default","ocean_custom_footer_template":"","_joinchat":[],"ocean_post_oembed":"","ocean_post_self_hosted_media":"","ocean_post_video_embed":"","ocean_link_format":"","ocean_link_format_target":"self","ocean_quote_format":"","ocean_quote_format_link":"post","ocean_gallery_link_images":"on","ocean_gallery_id":[],"footnotes":""},"categories":[1],"tags":[],"class_list":["post-16823","post","type-post","status-publish","format-standard","has-post-thumbnail","hentry","category-uncategorized","entry","has-media"],"yoast_head":"<!-- This site is optimized with the Yoast SEO plugin v27.5 - https:\/\/yoast.com\/product\/yoast-seo-wordpress\/ -->\n<title>Lacul Sf\u00e2nta Ana \u2013 O c\u0103l\u0103torie \u00een timp printre minunile naturii - Cazare \u00een T\u00e2rgu Secueisc<\/title>\n<meta name=\"robots\" content=\"index, follow, max-snippet:-1, max-image-preview:large, max-video-preview:-1\" \/>\n<link rel=\"canonical\" href=\"https:\/\/targusecuiesc.eu\/ro\/2025\/02\/22\/lacul-sfanta-ana-o-calatorie-in-timp\/\" \/>\n<meta property=\"og:locale\" content=\"ro_RO\" \/>\n<meta property=\"og:type\" content=\"article\" \/>\n<meta property=\"og:title\" content=\"Szent Anna-t\u00f3 \u2013 Egy id\u0151utaz\u00e1s a term\u00e9szet csod\u00e1i k\u00f6z\u00f6tt\" \/>\n<meta property=\"og:description\" content=\"A Szent Anna-t\u00f3 nem csup\u00e1n egy fest\u0151i v\u00edzfel\u00fclet a t\u00e9rk\u00e9pen, hanem egy olyan \u00e9l\u0151 eml\u00e9km\u0171, mely az elm\u00falt t\u00edzezer \u00e9v sz\u00e1mos v\u00e1ltoz\u00e1si f\u00e1zis\u00e1t \u00f6r\u00f6k\u00edtette meg.\" \/>\n<meta property=\"og:url\" content=\"https:\/\/targusecuiesc.eu\/ro\/2025\/02\/22\/lacul-sfanta-ana-o-calatorie-in-timp\/\" \/>\n<meta property=\"og:site_name\" content=\"Cazare \u00een T\u00e2rgu Secueisc\" \/>\n<meta property=\"article:published_time\" content=\"2025-02-22T06:29:23+00:00\" \/>\n<meta property=\"article:modified_time\" content=\"2025-02-22T06:42:46+00:00\" \/>\n<meta property=\"og:image\" content=\"https:\/\/targusecuiesc.eu\/wp-content\/uploads\/2025\/02\/szent-anna-to-lacul-sfanta-ana.jpg\" \/>\n\t<meta property=\"og:image:width\" content=\"1280\" \/>\n\t<meta property=\"og:image:height\" content=\"720\" \/>\n\t<meta property=\"og:image:type\" content=\"image\/jpeg\" \/>\n<meta name=\"author\" content=\"Levente\" \/>\n<meta name=\"twitter:card\" content=\"summary_large_image\" \/>\n<meta name=\"twitter:label1\" content=\"Scris de\" \/>\n\t<meta name=\"twitter:data1\" content=\"Levente\" \/>\n\t<meta name=\"twitter:label2\" content=\"Timp estimat pentru citire\" \/>\n\t<meta name=\"twitter:data2\" content=\"4 minute\" \/>\n<script type=\"application\/ld+json\" class=\"yoast-schema-graph\">{\"@context\":\"https:\\\/\\\/schema.org\",\"@graph\":[{\"@type\":\"Article\",\"@id\":\"https:\\\/\\\/targusecuiesc.eu\\\/2025\\\/02\\\/22\\\/lacul-sfanta-ana-o-calatorie-in-timp\\\/#article\",\"isPartOf\":{\"@id\":\"https:\\\/\\\/targusecuiesc.eu\\\/2025\\\/02\\\/22\\\/lacul-sfanta-ana-o-calatorie-in-timp\\\/\"},\"author\":{\"name\":\"Levente\",\"@id\":\"https:\\\/\\\/targusecuiesc.eu\\\/#\\\/schema\\\/person\\\/3e8e0dc36a7b432328a4fa3a70aa5de3\"},\"headline\":\"Lacul Sf\u00e2nta Ana \u2013 O c\u0103l\u0103torie \u00een timp printre minunile naturii\",\"datePublished\":\"2025-02-22T06:29:23+00:00\",\"dateModified\":\"2025-02-22T06:42:46+00:00\",\"mainEntityOfPage\":{\"@id\":\"https:\\\/\\\/targusecuiesc.eu\\\/2025\\\/02\\\/22\\\/lacul-sfanta-ana-o-calatorie-in-timp\\\/\"},\"wordCount\":699,\"commentCount\":0,\"publisher\":{\"@id\":\"https:\\\/\\\/targusecuiesc.eu\\\/#organization\"},\"image\":{\"@id\":\"https:\\\/\\\/targusecuiesc.eu\\\/2025\\\/02\\\/22\\\/lacul-sfanta-ana-o-calatorie-in-timp\\\/#primaryimage\"},\"thumbnailUrl\":\"https:\\\/\\\/targusecuiesc.eu\\\/wp-content\\\/uploads\\\/2025\\\/02\\\/szent-anna-to-lacul-sfanta-ana.jpg\",\"articleSection\":[\"Uncategorized\"],\"inLanguage\":\"ro-RO\",\"potentialAction\":[{\"@type\":\"CommentAction\",\"name\":\"Comment\",\"target\":[\"https:\\\/\\\/targusecuiesc.eu\\\/2025\\\/02\\\/22\\\/lacul-sfanta-ana-o-calatorie-in-timp\\\/#respond\"]}]},{\"@type\":\"WebPage\",\"@id\":\"https:\\\/\\\/targusecuiesc.eu\\\/2025\\\/02\\\/22\\\/lacul-sfanta-ana-o-calatorie-in-timp\\\/\",\"url\":\"https:\\\/\\\/targusecuiesc.eu\\\/2025\\\/02\\\/22\\\/lacul-sfanta-ana-o-calatorie-in-timp\\\/\",\"name\":\"Lacul Sf\u00e2nta Ana \u2013 O c\u0103l\u0103torie \u00een timp printre minunile naturii - Cazare \u00een T\u00e2rgu Secueisc\",\"isPartOf\":{\"@id\":\"https:\\\/\\\/targusecuiesc.eu\\\/#website\"},\"primaryImageOfPage\":{\"@id\":\"https:\\\/\\\/targusecuiesc.eu\\\/2025\\\/02\\\/22\\\/lacul-sfanta-ana-o-calatorie-in-timp\\\/#primaryimage\"},\"image\":{\"@id\":\"https:\\\/\\\/targusecuiesc.eu\\\/2025\\\/02\\\/22\\\/lacul-sfanta-ana-o-calatorie-in-timp\\\/#primaryimage\"},\"thumbnailUrl\":\"https:\\\/\\\/targusecuiesc.eu\\\/wp-content\\\/uploads\\\/2025\\\/02\\\/szent-anna-to-lacul-sfanta-ana.jpg\",\"datePublished\":\"2025-02-22T06:29:23+00:00\",\"dateModified\":\"2025-02-22T06:42:46+00:00\",\"breadcrumb\":{\"@id\":\"https:\\\/\\\/targusecuiesc.eu\\\/2025\\\/02\\\/22\\\/lacul-sfanta-ana-o-calatorie-in-timp\\\/#breadcrumb\"},\"inLanguage\":\"ro-RO\",\"potentialAction\":[{\"@type\":\"ReadAction\",\"target\":[\"https:\\\/\\\/targusecuiesc.eu\\\/2025\\\/02\\\/22\\\/lacul-sfanta-ana-o-calatorie-in-timp\\\/\"]}]},{\"@type\":\"ImageObject\",\"inLanguage\":\"ro-RO\",\"@id\":\"https:\\\/\\\/targusecuiesc.eu\\\/2025\\\/02\\\/22\\\/lacul-sfanta-ana-o-calatorie-in-timp\\\/#primaryimage\",\"url\":\"https:\\\/\\\/targusecuiesc.eu\\\/wp-content\\\/uploads\\\/2025\\\/02\\\/szent-anna-to-lacul-sfanta-ana.jpg\",\"contentUrl\":\"https:\\\/\\\/targusecuiesc.eu\\\/wp-content\\\/uploads\\\/2025\\\/02\\\/szent-anna-to-lacul-sfanta-ana.jpg\",\"width\":1280,\"height\":720,\"caption\":\"szent anna to lacul sfanta ana\"},{\"@type\":\"BreadcrumbList\",\"@id\":\"https:\\\/\\\/targusecuiesc.eu\\\/2025\\\/02\\\/22\\\/lacul-sfanta-ana-o-calatorie-in-timp\\\/#breadcrumb\",\"itemListElement\":[{\"@type\":\"ListItem\",\"position\":1,\"name\":\"Prima pagin\u0103\",\"item\":\"https:\\\/\\\/targusecuiesc.eu\\\/\"},{\"@type\":\"ListItem\",\"position\":2,\"name\":\"Lacul Sf\u00e2nta Ana \u2013 O c\u0103l\u0103torie \u00een timp printre minunile naturii\"}]},{\"@type\":\"WebSite\",\"@id\":\"https:\\\/\\\/targusecuiesc.eu\\\/#website\",\"url\":\"https:\\\/\\\/targusecuiesc.eu\\\/\",\"name\":\"Cazare \u00een T\u00e2rgu Secueisc\",\"description\":\"Te afli \u00een c\u0103utarea unui loc potrivit de cazare \u00een T\u00e2rgu Secuiesc?\",\"publisher\":{\"@id\":\"https:\\\/\\\/targusecuiesc.eu\\\/#organization\"},\"alternateName\":\"Te afli in cautarea unui loc potrivit de cazare in Targu Secuiesc?\",\"potentialAction\":[{\"@type\":\"SearchAction\",\"target\":{\"@type\":\"EntryPoint\",\"urlTemplate\":\"https:\\\/\\\/targusecuiesc.eu\\\/?s={search_term_string}\"},\"query-input\":{\"@type\":\"PropertyValueSpecification\",\"valueRequired\":true,\"valueName\":\"search_term_string\"}}],\"inLanguage\":\"ro-RO\"},{\"@type\":\"Organization\",\"@id\":\"https:\\\/\\\/targusecuiesc.eu\\\/#organization\",\"name\":\"Cazare \u00een T\u00e2rgu Secueisc\",\"alternateName\":\"Te afli in cautarea unui loc potrivit de cazare in Targu Secuiesc?\",\"url\":\"https:\\\/\\\/targusecuiesc.eu\\\/\",\"logo\":{\"@type\":\"ImageObject\",\"inLanguage\":\"ro-RO\",\"@id\":\"https:\\\/\\\/targusecuiesc.eu\\\/#\\\/schema\\\/logo\\\/image\\\/\",\"url\":\"https:\\\/\\\/targusecuiesc.eu\\\/wp-content\\\/uploads\\\/2022\\\/05\\\/cropped-targu-secuiesc-1-e1653031917947.png\",\"contentUrl\":\"https:\\\/\\\/targusecuiesc.eu\\\/wp-content\\\/uploads\\\/2022\\\/05\\\/cropped-targu-secuiesc-1-e1653031917947.png\",\"width\":512,\"height\":512,\"caption\":\"Cazare \u00een T\u00e2rgu Secueisc\"},\"image\":{\"@id\":\"https:\\\/\\\/targusecuiesc.eu\\\/#\\\/schema\\\/logo\\\/image\\\/\"}},{\"@type\":\"Person\",\"@id\":\"https:\\\/\\\/targusecuiesc.eu\\\/#\\\/schema\\\/person\\\/3e8e0dc36a7b432328a4fa3a70aa5de3\",\"name\":\"Levente\",\"image\":{\"@type\":\"ImageObject\",\"inLanguage\":\"ro-RO\",\"@id\":\"https:\\\/\\\/secure.gravatar.com\\\/avatar\\\/a800d69db893890d57b88525e6aba9502659e29fa5a7ce96c5354202678a9227?s=96&d=mm&r=g\",\"url\":\"https:\\\/\\\/secure.gravatar.com\\\/avatar\\\/a800d69db893890d57b88525e6aba9502659e29fa5a7ce96c5354202678a9227?s=96&d=mm&r=g\",\"contentUrl\":\"https:\\\/\\\/secure.gravatar.com\\\/avatar\\\/a800d69db893890d57b88525e6aba9502659e29fa5a7ce96c5354202678a9227?s=96&d=mm&r=g\",\"caption\":\"Levente\"},\"sameAs\":[\"https:\\\/\\\/targusecuiesc.eu\"],\"url\":\"https:\\\/\\\/targusecuiesc.eu\\\/ro\\\/author\\\/admin\\\/\"}]}<\/script>\n<!-- \/ Yoast SEO plugin. -->","yoast_head_json":{"title":"Lacul Sf\u00e2nta Ana \u2013 O c\u0103l\u0103torie \u00een timp printre minunile naturii - Cazare \u00een T\u00e2rgu Secueisc","robots":{"index":"index","follow":"follow","max-snippet":"max-snippet:-1","max-image-preview":"max-image-preview:large","max-video-preview":"max-video-preview:-1"},"canonical":"https:\/\/targusecuiesc.eu\/ro\/2025\/02\/22\/lacul-sfanta-ana-o-calatorie-in-timp\/","og_locale":"ro_RO","og_type":"article","og_title":"Szent Anna-t\u00f3 \u2013 Egy id\u0151utaz\u00e1s a term\u00e9szet csod\u00e1i k\u00f6z\u00f6tt","og_description":"A Szent Anna-t\u00f3 nem csup\u00e1n egy fest\u0151i v\u00edzfel\u00fclet a t\u00e9rk\u00e9pen, hanem egy olyan \u00e9l\u0151 eml\u00e9km\u0171, mely az elm\u00falt t\u00edzezer \u00e9v sz\u00e1mos v\u00e1ltoz\u00e1si f\u00e1zis\u00e1t \u00f6r\u00f6k\u00edtette meg.","og_url":"https:\/\/targusecuiesc.eu\/ro\/2025\/02\/22\/lacul-sfanta-ana-o-calatorie-in-timp\/","og_site_name":"Cazare \u00een T\u00e2rgu Secueisc","article_published_time":"2025-02-22T06:29:23+00:00","article_modified_time":"2025-02-22T06:42:46+00:00","og_image":[{"width":1280,"height":720,"url":"https:\/\/targusecuiesc.eu\/wp-content\/uploads\/2025\/02\/szent-anna-to-lacul-sfanta-ana.jpg","type":"image\/jpeg"}],"author":"Levente","twitter_card":"summary_large_image","twitter_misc":{"Scris de":"Levente","Timp estimat pentru citire":"4 minute"},"schema":{"@context":"https:\/\/schema.org","@graph":[{"@type":"Article","@id":"https:\/\/targusecuiesc.eu\/2025\/02\/22\/lacul-sfanta-ana-o-calatorie-in-timp\/#article","isPartOf":{"@id":"https:\/\/targusecuiesc.eu\/2025\/02\/22\/lacul-sfanta-ana-o-calatorie-in-timp\/"},"author":{"name":"Levente","@id":"https:\/\/targusecuiesc.eu\/#\/schema\/person\/3e8e0dc36a7b432328a4fa3a70aa5de3"},"headline":"Lacul Sf\u00e2nta Ana \u2013 O c\u0103l\u0103torie \u00een timp printre minunile naturii","datePublished":"2025-02-22T06:29:23+00:00","dateModified":"2025-02-22T06:42:46+00:00","mainEntityOfPage":{"@id":"https:\/\/targusecuiesc.eu\/2025\/02\/22\/lacul-sfanta-ana-o-calatorie-in-timp\/"},"wordCount":699,"commentCount":0,"publisher":{"@id":"https:\/\/targusecuiesc.eu\/#organization"},"image":{"@id":"https:\/\/targusecuiesc.eu\/2025\/02\/22\/lacul-sfanta-ana-o-calatorie-in-timp\/#primaryimage"},"thumbnailUrl":"https:\/\/targusecuiesc.eu\/wp-content\/uploads\/2025\/02\/szent-anna-to-lacul-sfanta-ana.jpg","articleSection":["Uncategorized"],"inLanguage":"ro-RO","potentialAction":[{"@type":"CommentAction","name":"Comment","target":["https:\/\/targusecuiesc.eu\/2025\/02\/22\/lacul-sfanta-ana-o-calatorie-in-timp\/#respond"]}]},{"@type":"WebPage","@id":"https:\/\/targusecuiesc.eu\/2025\/02\/22\/lacul-sfanta-ana-o-calatorie-in-timp\/","url":"https:\/\/targusecuiesc.eu\/2025\/02\/22\/lacul-sfanta-ana-o-calatorie-in-timp\/","name":"Lacul Sf\u00e2nta Ana \u2013 O c\u0103l\u0103torie \u00een timp printre minunile naturii - Cazare \u00een T\u00e2rgu Secueisc","isPartOf":{"@id":"https:\/\/targusecuiesc.eu\/#website"},"primaryImageOfPage":{"@id":"https:\/\/targusecuiesc.eu\/2025\/02\/22\/lacul-sfanta-ana-o-calatorie-in-timp\/#primaryimage"},"image":{"@id":"https:\/\/targusecuiesc.eu\/2025\/02\/22\/lacul-sfanta-ana-o-calatorie-in-timp\/#primaryimage"},"thumbnailUrl":"https:\/\/targusecuiesc.eu\/wp-content\/uploads\/2025\/02\/szent-anna-to-lacul-sfanta-ana.jpg","datePublished":"2025-02-22T06:29:23+00:00","dateModified":"2025-02-22T06:42:46+00:00","breadcrumb":{"@id":"https:\/\/targusecuiesc.eu\/2025\/02\/22\/lacul-sfanta-ana-o-calatorie-in-timp\/#breadcrumb"},"inLanguage":"ro-RO","potentialAction":[{"@type":"ReadAction","target":["https:\/\/targusecuiesc.eu\/2025\/02\/22\/lacul-sfanta-ana-o-calatorie-in-timp\/"]}]},{"@type":"ImageObject","inLanguage":"ro-RO","@id":"https:\/\/targusecuiesc.eu\/2025\/02\/22\/lacul-sfanta-ana-o-calatorie-in-timp\/#primaryimage","url":"https:\/\/targusecuiesc.eu\/wp-content\/uploads\/2025\/02\/szent-anna-to-lacul-sfanta-ana.jpg","contentUrl":"https:\/\/targusecuiesc.eu\/wp-content\/uploads\/2025\/02\/szent-anna-to-lacul-sfanta-ana.jpg","width":1280,"height":720,"caption":"szent anna to lacul sfanta ana"},{"@type":"BreadcrumbList","@id":"https:\/\/targusecuiesc.eu\/2025\/02\/22\/lacul-sfanta-ana-o-calatorie-in-timp\/#breadcrumb","itemListElement":[{"@type":"ListItem","position":1,"name":"Prima pagin\u0103","item":"https:\/\/targusecuiesc.eu\/"},{"@type":"ListItem","position":2,"name":"Lacul Sf\u00e2nta Ana \u2013 O c\u0103l\u0103torie \u00een timp printre minunile naturii"}]},{"@type":"WebSite","@id":"https:\/\/targusecuiesc.eu\/#website","url":"https:\/\/targusecuiesc.eu\/","name":"Cazare \u00een T\u00e2rgu Secueisc","description":"Te afli \u00een c\u0103utarea unui loc potrivit de cazare \u00een T\u00e2rgu Secuiesc?","publisher":{"@id":"https:\/\/targusecuiesc.eu\/#organization"},"alternateName":"Te afli in cautarea unui loc potrivit de cazare in Targu Secuiesc?","potentialAction":[{"@type":"SearchAction","target":{"@type":"EntryPoint","urlTemplate":"https:\/\/targusecuiesc.eu\/?s={search_term_string}"},"query-input":{"@type":"PropertyValueSpecification","valueRequired":true,"valueName":"search_term_string"}}],"inLanguage":"ro-RO"},{"@type":"Organization","@id":"https:\/\/targusecuiesc.eu\/#organization","name":"Cazare \u00een T\u00e2rgu Secueisc","alternateName":"Te afli in cautarea unui loc potrivit de cazare in Targu Secuiesc?","url":"https:\/\/targusecuiesc.eu\/","logo":{"@type":"ImageObject","inLanguage":"ro-RO","@id":"https:\/\/targusecuiesc.eu\/#\/schema\/logo\/image\/","url":"https:\/\/targusecuiesc.eu\/wp-content\/uploads\/2022\/05\/cropped-targu-secuiesc-1-e1653031917947.png","contentUrl":"https:\/\/targusecuiesc.eu\/wp-content\/uploads\/2022\/05\/cropped-targu-secuiesc-1-e1653031917947.png","width":512,"height":512,"caption":"Cazare \u00een T\u00e2rgu Secueisc"},"image":{"@id":"https:\/\/targusecuiesc.eu\/#\/schema\/logo\/image\/"}},{"@type":"Person","@id":"https:\/\/targusecuiesc.eu\/#\/schema\/person\/3e8e0dc36a7b432328a4fa3a70aa5de3","name":"Levente","image":{"@type":"ImageObject","inLanguage":"ro-RO","@id":"https:\/\/secure.gravatar.com\/avatar\/a800d69db893890d57b88525e6aba9502659e29fa5a7ce96c5354202678a9227?s=96&d=mm&r=g","url":"https:\/\/secure.gravatar.com\/avatar\/a800d69db893890d57b88525e6aba9502659e29fa5a7ce96c5354202678a9227?s=96&d=mm&r=g","contentUrl":"https:\/\/secure.gravatar.com\/avatar\/a800d69db893890d57b88525e6aba9502659e29fa5a7ce96c5354202678a9227?s=96&d=mm&r=g","caption":"Levente"},"sameAs":["https:\/\/targusecuiesc.eu"],"url":"https:\/\/targusecuiesc.eu\/ro\/author\/admin\/"}]}},"_links":{"self":[{"href":"https:\/\/targusecuiesc.eu\/ro\/wp-json\/wp\/v2\/posts\/16823","targetHints":{"allow":["GET"]}}],"collection":[{"href":"https:\/\/targusecuiesc.eu\/ro\/wp-json\/wp\/v2\/posts"}],"about":[{"href":"https:\/\/targusecuiesc.eu\/ro\/wp-json\/wp\/v2\/types\/post"}],"author":[{"embeddable":true,"href":"https:\/\/targusecuiesc.eu\/ro\/wp-json\/wp\/v2\/users\/1"}],"replies":[{"embeddable":true,"href":"https:\/\/targusecuiesc.eu\/ro\/wp-json\/wp\/v2\/comments?post=16823"}],"version-history":[{"count":0,"href":"https:\/\/targusecuiesc.eu\/ro\/wp-json\/wp\/v2\/posts\/16823\/revisions"}],"wp:featuredmedia":[{"embeddable":true,"href":"https:\/\/targusecuiesc.eu\/ro\/wp-json\/wp\/v2\/media\/16824"}],"wp:attachment":[{"href":"https:\/\/targusecuiesc.eu\/ro\/wp-json\/wp\/v2\/media?parent=16823"}],"wp:term":[{"taxonomy":"category","embeddable":true,"href":"https:\/\/targusecuiesc.eu\/ro\/wp-json\/wp\/v2\/categories?post=16823"},{"taxonomy":"post_tag","embeddable":true,"href":"https:\/\/targusecuiesc.eu\/ro\/wp-json\/wp\/v2\/tags?post=16823"}],"curies":[{"name":"wp","href":"https:\/\/api.w.org\/{rel}","templated":true}]}}