{"id":7211,"date":"2023-08-01T20:30:32","date_gmt":"2023-08-01T17:30:32","guid":{"rendered":"https:\/\/targusecuiesc.eu\/?p=7211"},"modified":"2023-09-12T10:33:42","modified_gmt":"2023-09-12T07:33:42","slug":"holegballon-fesztival-kezdivasarhely","status":"publish","type":"post","link":"https:\/\/targusecuiesc.eu\/hu\/2023\/08\/01\/festivalul-baloanelor-cu-aer-cald-2023\/","title":{"rendered":"H\u0151l\u00e9gballon fesztiv\u00e1l 2023"},"content":{"rendered":"<div data-elementor-type=\"wp-post\" data-elementor-id=\"7211\" class=\"elementor elementor-7211\" data-elementor-post-type=\"post\">\n\t\t\t\t\t\t<section class=\"elementor-section elementor-top-section elementor-element elementor-element-e02e61e elementor-section-boxed elementor-section-height-default elementor-section-height-default\" data-id=\"e02e61e\" data-element_type=\"section\" data-e-type=\"section\">\n\t\t\t\t\t\t<div class=\"elementor-container elementor-column-gap-default\">\n\t\t\t\t\t<div class=\"elementor-column elementor-col-100 elementor-top-column elementor-element elementor-element-004c756\" data-id=\"004c756\" data-element_type=\"column\" data-e-type=\"column\">\n\t\t\t<div class=\"elementor-widget-wrap elementor-element-populated\">\n\t\t\t\t\t\t<div class=\"elementor-element elementor-element-d4eef3d elementor-widget elementor-widget-image\" data-id=\"d4eef3d\" data-element_type=\"widget\" data-e-type=\"widget\" data-widget_type=\"image.default\">\n\t\t\t\t\t\t\t\t\t\t\t\t\t\t\t<img fetchpriority=\"high\" decoding=\"async\" width=\"1024\" height=\"768\" src=\"https:\/\/targusecuiesc.eu\/wp-content\/uploads\/2023\/08\/Festivalul-baloanelor-cu-aer-cald-2023-Targu-Secuiesc--1024x768.jpg\" class=\"attachment-large size-large wp-image-7213\" alt=\"H\u0151l\u00e9gballon Fesztiv\u00e1l 2023 | Targu Secuiesc\" srcset=\"https:\/\/targusecuiesc.eu\/wp-content\/uploads\/2023\/08\/Festivalul-baloanelor-cu-aer-cald-2023-Targu-Secuiesc--scaled.jpg 1024w, https:\/\/targusecuiesc.eu\/wp-content\/uploads\/2023\/08\/Festivalul-baloanelor-cu-aer-cald-2023-Targu-Secuiesc--300x225.jpg 300w, https:\/\/targusecuiesc.eu\/wp-content\/uploads\/2023\/08\/Festivalul-baloanelor-cu-aer-cald-2023-Targu-Secuiesc--768x576.jpg 768w, https:\/\/targusecuiesc.eu\/wp-content\/uploads\/2023\/08\/Festivalul-baloanelor-cu-aer-cald-2023-Targu-Secuiesc--1536x1152.jpg 1536w, https:\/\/targusecuiesc.eu\/wp-content\/uploads\/2023\/08\/Festivalul-baloanelor-cu-aer-cald-2023-Targu-Secuiesc--2048x1536.jpg 2048w, https:\/\/targusecuiesc.eu\/wp-content\/uploads\/2023\/08\/Festivalul-baloanelor-cu-aer-cald-2023-Targu-Secuiesc--16x12.jpg 16w\" sizes=\"(max-width: 1024px) 100vw, 1024px\" \/>\t\t\t\t\t\t\t\t\t\t\t\t\t\t\t<\/div>\n\t\t\t\t\t<\/div>\n\t\t<\/div>\n\t\t\t\t\t<\/div>\n\t\t<\/section>\n\t\t\t\t<section class=\"elementor-section elementor-top-section elementor-element elementor-element-be038e9 elementor-section-boxed elementor-section-height-default elementor-section-height-default\" data-id=\"be038e9\" data-element_type=\"section\" data-e-type=\"section\">\n\t\t\t\t\t\t<div class=\"elementor-container elementor-column-gap-default\">\n\t\t\t\t\t<div class=\"elementor-column elementor-col-100 elementor-top-column elementor-element elementor-element-a159925\" data-id=\"a159925\" data-element_type=\"column\" data-e-type=\"column\">\n\t\t\t<div class=\"elementor-widget-wrap elementor-element-populated\">\n\t\t\t\t\t\t<div class=\"elementor-element elementor-element-80c2915 elementor-widget elementor-widget-spacer\" data-id=\"80c2915\" data-element_type=\"widget\" data-e-type=\"widget\" data-widget_type=\"spacer.default\">\n\t\t\t\t\t\t\t<div class=\"elementor-spacer\">\n\t\t\t<div class=\"elementor-spacer-inner\"><\/div>\n\t\t<\/div>\n\t\t\t\t\t\t<\/div>\n\t\t\t\t\t<\/div>\n\t\t<\/div>\n\t\t\t\t\t<\/div>\n\t\t<\/section>\n\t\t\t\t<section class=\"elementor-section elementor-top-section elementor-element elementor-element-3a75e92 elementor-section-boxed elementor-section-height-default elementor-section-height-default\" data-id=\"3a75e92\" data-element_type=\"section\" data-e-type=\"section\">\n\t\t\t\t\t\t<div class=\"elementor-container elementor-column-gap-default\">\n\t\t\t\t\t<div class=\"elementor-column elementor-col-100 elementor-top-column elementor-element elementor-element-1b3bc05\" data-id=\"1b3bc05\" data-element_type=\"column\" data-e-type=\"column\">\n\t\t\t<div class=\"elementor-widget-wrap elementor-element-populated\">\n\t\t\t\t\t\t<div class=\"elementor-element elementor-element-2bd7d9d elementor-widget elementor-widget-text-editor\" data-id=\"2bd7d9d\" data-element_type=\"widget\" data-e-type=\"widget\" data-widget_type=\"text-editor.default\">\n\t\t\t\t\t\t\t\t\t<p class=\"p1\">Az X Balloon Fest (H\u0151l\u00e9gballon Fesztiv\u00e1l K\u00e9zdiv\u00e1s\u00e1rhelyen) szeptember 15-17. k\u00f6z\u00f6tt ker\u00fcl megrendez\u00e9sre, izgalmas esem\u00e9ny a r\u00e9sztvev\u0151k \u00e9s a l\u00e1togat\u00f3k sz\u00e1m\u00e1ra is. A fesztiv\u00e1l ideje alatt t\u00f6bb tucat sz\u00ednes h\u0151l\u00e9gballon emelkedik a tiszta \u00e9gboltra, leny\u0171g\u00f6z\u0151 l\u00e1tv\u00e1nyt ny\u00fajtva.<\/p>\t\t\t\t\t\t\t\t<\/div>\n\t\t\t\t\t<\/div>\n\t\t<\/div>\n\t\t\t\t\t<\/div>\n\t\t<\/section>\n\t\t\t\t<section class=\"elementor-section elementor-top-section elementor-element elementor-element-07b6465 elementor-section-boxed elementor-section-height-default elementor-section-height-default\" data-id=\"07b6465\" data-element_type=\"section\" data-e-type=\"section\">\n\t\t\t\t\t\t<div class=\"elementor-container elementor-column-gap-default\">\n\t\t\t\t\t<div class=\"elementor-column elementor-col-100 elementor-top-column elementor-element elementor-element-4592094\" data-id=\"4592094\" data-element_type=\"column\" data-e-type=\"column\">\n\t\t\t<div class=\"elementor-widget-wrap elementor-element-populated\">\n\t\t\t\t\t\t<div class=\"elementor-element elementor-element-d86afe6 elementor-widget elementor-widget-text-editor\" data-id=\"d86afe6\" data-element_type=\"widget\" data-e-type=\"widget\" data-widget_type=\"text-editor.default\">\n\t\t\t\t\t\t\t\t\t<p class=\"p1\">A r\u00e9sztvev\u0151k \u00e9lvezhetik a rep\u00fcl\u00e9st a k\u00f6rny\u00e9k fest\u0151i t\u00e1jai felett, ahonnan egyed\u00fcl\u00e1ll\u00f3 kil\u00e1t\u00e1s ny\u00edlik K\u00e9zdiv\u00e1s\u00e1rhelyre \u00e9s k\u00f6rny\u00e9k\u00e9re.<\/p>\t\t\t\t\t\t\t\t<\/div>\n\t\t\t\t\t<\/div>\n\t\t<\/div>\n\t\t\t\t\t<\/div>\n\t\t<\/section>\n\t\t\t\t<section class=\"elementor-section elementor-top-section elementor-element elementor-element-5f254cc elementor-section-boxed elementor-section-height-default elementor-section-height-default\" data-id=\"5f254cc\" data-element_type=\"section\" data-e-type=\"section\">\n\t\t\t\t\t\t<div class=\"elementor-container elementor-column-gap-default\">\n\t\t\t\t\t<div class=\"elementor-column elementor-col-100 elementor-top-column elementor-element elementor-element-3b13267\" data-id=\"3b13267\" data-element_type=\"column\" data-e-type=\"column\">\n\t\t\t<div class=\"elementor-widget-wrap elementor-element-populated\">\n\t\t\t\t\t\t<div class=\"elementor-element elementor-element-b640ba7 elementor-widget elementor-widget-text-editor\" data-id=\"b640ba7\" data-element_type=\"widget\" data-e-type=\"widget\" data-widget_type=\"text-editor.default\">\n\t\t\t\t\t\t\t\t\t<p>Ez a fesztiv\u00e1l egyed\u00fcl\u00e1ll\u00f3 lehet\u0151s\u00e9get k\u00edn\u00e1l arra, hogy megcsod\u00e1lhassuk a h\u0151l\u00e9gballonok v\u00e1ltozatos form\u00e1it \u00e9s sz\u00edneit, amelyek eml\u00e9kezetes l\u00e1tv\u00e1nyt ny\u00fajtanak. A l\u00e9gg\u00f6mbfelvonul\u00e1son k\u00edv\u00fcl a rendezv\u00e9nyen sz\u00f3rakoztat\u00f3 tev\u00e9kenys\u00e9gek, hagyom\u00e1nyos \u00e9telek \u00e9s vid\u00e1m hangulat v\u00e1rja a r\u00e9sztvev\u0151ket. \u00cdgy minden r\u00e9sztvev\u0151nek felejthetetlen \u00e9lm\u00e9nyben lesz r\u00e9sze ebben a fest\u0151i v\u00e1rosban, Erd\u00e9ly sz\u00edv\u00e9ben.<\/p><p>\u00a0<\/p><p>Tov\u00e1bbi r\u00e9szletek:\u00a0<a href=\"https:\/\/www.facebook.com\/events\/299366589170796\/\"><span style=\"color: #050505; font-family: system-ui, -apple-system, 'system-ui', '.SFNSText-Regular', sans-serif; font-size: 28px; font-style: normal; font-variant-ligatures: normal; font-variant-caps: normal;\">X Balloon Fest - 2023<\/span><\/a><\/p>\t\t\t\t\t\t\t\t<\/div>\n\t\t\t\t\t<\/div>\n\t\t<\/div>\n\t\t\t\t\t<\/div>\n\t\t<\/section>\n\t\t\t\t<section class=\"elementor-section elementor-top-section elementor-element elementor-element-5b8cb05 elementor-section-boxed elementor-section-height-default elementor-section-height-default\" data-id=\"5b8cb05\" data-element_type=\"section\" data-e-type=\"section\">\n\t\t\t\t\t\t<div class=\"elementor-container elementor-column-gap-default\">\n\t\t\t\t\t<div class=\"elementor-column elementor-col-100 elementor-top-column elementor-element elementor-element-286ce56\" data-id=\"286ce56\" data-element_type=\"column\" data-e-type=\"column\">\n\t\t\t<div class=\"elementor-widget-wrap elementor-element-populated\">\n\t\t\t\t\t\t<div class=\"elementor-element elementor-element-f1d397f elementor-widget-divider--view-line elementor-widget elementor-widget-divider\" data-id=\"f1d397f\" data-element_type=\"widget\" data-e-type=\"widget\" data-widget_type=\"divider.default\">\n\t\t\t\t\t\t\t<div class=\"elementor-divider\">\n\t\t\t<span class=\"elementor-divider-separator\">\n\t\t\t\t\t\t<\/span>\n\t\t<\/div>\n\t\t\t\t\t\t<\/div>\n\t\t\t\t\t<\/div>\n\t\t<\/div>\n\t\t\t\t\t<\/div>\n\t\t<\/section>\n\t\t\t\t<section class=\"elementor-section elementor-top-section elementor-element elementor-element-a4c3f91 elementor-section-boxed elementor-section-height-default elementor-section-height-default\" data-id=\"a4c3f91\" data-element_type=\"section\" data-e-type=\"section\">\n\t\t\t\t\t\t<div class=\"elementor-container elementor-column-gap-default\">\n\t\t\t\t\t<div class=\"elementor-column elementor-col-100 elementor-top-column elementor-element elementor-element-9750962\" data-id=\"9750962\" data-element_type=\"column\" data-e-type=\"column\">\n\t\t\t<div class=\"elementor-widget-wrap elementor-element-populated\">\n\t\t\t\t\t\t<div class=\"elementor-element elementor-element-ce65a1c elementor-widget elementor-widget-heading\" data-id=\"ce65a1c\" data-element_type=\"widget\" data-e-type=\"widget\" data-widget_type=\"heading.default\">\n\t\t\t\t\t<h2 class=\"elementor-heading-title elementor-size-default\"><a href=\"https:\/\/targusecuiesc.eu\/hu\/szallasra\/\">Sz\u00e1ll\u00e1s aj\u00e1nlatok K\u00e9zdiv\u00e1s\u00e1rhelyen:<\/a><\/h2>\t\t\t\t<\/div>\n\t\t\t\t\t<\/div>\n\t\t<\/div>\n\t\t\t\t\t<\/div>\n\t\t<\/section>\n\t\t\t\t<section class=\"elementor-section elementor-top-section elementor-element elementor-element-d712987 elementor-section-boxed elementor-section-height-default elementor-section-height-default\" data-id=\"d712987\" data-element_type=\"section\" data-e-type=\"section\">\n\t\t\t\t\t\t<div class=\"elementor-container elementor-column-gap-default\">\n\t\t\t\t\t<div class=\"elementor-column elementor-col-100 elementor-top-column elementor-element elementor-element-76d8def\" data-id=\"76d8def\" data-element_type=\"column\" data-e-type=\"column\">\n\t\t\t<div class=\"elementor-widget-wrap elementor-element-populated\">\n\t\t\t\t\t\t<div class=\"elementor-element elementor-element-bdda54f elementor-widget elementor-widget-spacer\" data-id=\"bdda54f\" data-element_type=\"widget\" data-e-type=\"widget\" data-widget_type=\"spacer.default\">\n\t\t\t\t\t\t\t<div class=\"elementor-spacer\">\n\t\t\t<div class=\"elementor-spacer-inner\"><\/div>\n\t\t<\/div>\n\t\t\t\t\t\t<\/div>\n\t\t\t\t\t<\/div>\n\t\t<\/div>\n\t\t\t\t\t<\/div>\n\t\t<\/section>\n\t\t\t\t<section class=\"elementor-section elementor-top-section elementor-element elementor-element-261a81b elementor-section-boxed elementor-section-height-default elementor-section-height-default\" data-id=\"261a81b\" data-element_type=\"section\" data-e-type=\"section\">\n\t\t\t\t\t\t<div class=\"elementor-container elementor-column-gap-default\">\n\t\t\t\t\t<div class=\"elementor-column elementor-col-50 elementor-top-column elementor-element elementor-element-3e8aba6\" data-id=\"3e8aba6\" data-element_type=\"column\" data-e-type=\"column\">\n\t\t\t<div class=\"elementor-widget-wrap elementor-element-populated\">\n\t\t\t\t\t\t<div class=\"elementor-element elementor-element-ad54188 elementor-widget elementor-widget-image\" data-id=\"ad54188\" data-element_type=\"widget\" data-e-type=\"widget\" data-widget_type=\"image.default\">\n\t\t\t\t\t\t\t\t\t\t\t\t<figure class=\"wp-caption\">\n\t\t\t\t\t\t\t\t\t\t\t<a href=\"https:\/\/targusecuiesc.eu\/hu\/kapcsolatfelvetel\/\">\n\t\t\t\t\t\t\t<img decoding=\"async\" width=\"1024\" height=\"768\" data-src=\"https:\/\/targusecuiesc.eu\/wp-content\/uploads\/2023\/05\/FE79DC20-4A84-4F50-AAB6-5725950CA1E9-1024x768.jpeg\" class=\"attachment-large size-large wp-image-6234 lazyload\" alt=\"Sz\u00e1ll\u00e1s T\u00e2rgu Secueisc\" data-srcset=\"https:\/\/targusecuiesc.eu\/wp-content\/uploads\/2023\/05\/FE79DC20-4A84-4F50-AAB6-5725950CA1E9-scaled.jpeg 1024w, https:\/\/targusecuiesc.eu\/wp-content\/uploads\/2023\/05\/FE79DC20-4A84-4F50-AAB6-5725950CA1E9-300x225.jpeg 300w, https:\/\/targusecuiesc.eu\/wp-content\/uploads\/2023\/05\/FE79DC20-4A84-4F50-AAB6-5725950CA1E9-768x576.jpeg 768w, https:\/\/targusecuiesc.eu\/wp-content\/uploads\/2023\/05\/FE79DC20-4A84-4F50-AAB6-5725950CA1E9-1536x1152.jpeg 1536w, https:\/\/targusecuiesc.eu\/wp-content\/uploads\/2023\/05\/FE79DC20-4A84-4F50-AAB6-5725950CA1E9-2048x1536.jpeg 2048w, https:\/\/targusecuiesc.eu\/wp-content\/uploads\/2023\/05\/FE79DC20-4A84-4F50-AAB6-5725950CA1E9-16x12.jpeg 16w\" data-sizes=\"(max-width: 1024px) 100vw, 1024px\" src=\"data:image\/svg+xml;base64,PHN2ZyB3aWR0aD0iMSIgaGVpZ2h0PSIxIiB4bWxucz0iaHR0cDovL3d3dy53My5vcmcvMjAwMC9zdmciPjwvc3ZnPg==\" style=\"--smush-placeholder-width: 1024px; --smush-placeholder-aspect-ratio: 1024\/768;\" \/>\t\t\t\t\t\t\t\t<\/a>\n\t\t\t\t\t\t\t\t\t\t\t<figcaption class=\"widget-image-caption wp-caption-text\">Pixel Panzi\u00f3<\/figcaption>\n\t\t\t\t\t\t\t\t\t\t<\/figure>\n\t\t\t\t\t\t\t\t\t<\/div>\n\t\t\t\t\t<\/div>\n\t\t<\/div>\n\t\t\t\t<div class=\"elementor-column elementor-col-50 elementor-top-column elementor-element elementor-element-6bd4a73\" data-id=\"6bd4a73\" data-element_type=\"column\" data-e-type=\"column\">\n\t\t\t<div class=\"elementor-widget-wrap elementor-element-populated\">\n\t\t\t\t\t\t<div class=\"elementor-element elementor-element-eeb645b elementor-widget elementor-widget-image\" data-id=\"eeb645b\" data-element_type=\"widget\" data-e-type=\"widget\" data-widget_type=\"image.default\">\n\t\t\t\t\t\t\t\t\t\t\t\t<figure class=\"wp-caption\">\n\t\t\t\t\t\t\t\t\t\t\t<a href=\"https:\/\/targusecuiesc.eu\/hu\/kapcsolatfelvetel\/\">\n\t\t\t\t\t\t\t<img decoding=\"async\" width=\"1024\" height=\"768\" data-src=\"https:\/\/targusecuiesc.eu\/wp-content\/uploads\/2023\/05\/zbor-cu-balonul-Cazare-targu-secuiesc-1024x768.jpg\" class=\"attachment-large size-large wp-image-6099 lazyload\" alt=\"ballonrep\u00fcl\u00e9s | Targu secuiesc sz\u00e1ll\u00e1s\" data-srcset=\"https:\/\/targusecuiesc.eu\/wp-content\/uploads\/2023\/05\/zbor-cu-balonul-Cazare-targu-secuiesc-scaled.jpg 1024w, https:\/\/targusecuiesc.eu\/wp-content\/uploads\/2023\/05\/zbor-cu-balonul-Cazare-targu-secuiesc-300x225.jpg 300w, https:\/\/targusecuiesc.eu\/wp-content\/uploads\/2023\/05\/zbor-cu-balonul-Cazare-targu-secuiesc-768x576.jpg 768w, https:\/\/targusecuiesc.eu\/wp-content\/uploads\/2023\/05\/zbor-cu-balonul-Cazare-targu-secuiesc-1536x1152.jpg 1536w, https:\/\/targusecuiesc.eu\/wp-content\/uploads\/2023\/05\/zbor-cu-balonul-Cazare-targu-secuiesc-2048x1536.jpg 2048w, https:\/\/targusecuiesc.eu\/wp-content\/uploads\/2023\/05\/zbor-cu-balonul-Cazare-targu-secuiesc-16x12.jpg 16w\" data-sizes=\"(max-width: 1024px) 100vw, 1024px\" src=\"data:image\/svg+xml;base64,PHN2ZyB3aWR0aD0iMSIgaGVpZ2h0PSIxIiB4bWxucz0iaHR0cDovL3d3dy53My5vcmcvMjAwMC9zdmciPjwvc3ZnPg==\" style=\"--smush-placeholder-width: 1024px; --smush-placeholder-aspect-ratio: 1024\/768;\" \/>\t\t\t\t\t\t\t\t<\/a>\n\t\t\t\t\t\t\t\t\t\t\t<figcaption class=\"widget-image-caption wp-caption-text\">Tiny Campus<\/figcaption>\n\t\t\t\t\t\t\t\t\t\t<\/figure>\n\t\t\t\t\t\t\t\t\t<\/div>\n\t\t\t\t\t<\/div>\n\t\t<\/div>\n\t\t\t\t\t<\/div>\n\t\t<\/section>\n\t\t\t\t<section class=\"elementor-section elementor-top-section elementor-element elementor-element-c2171c0 elementor-section-boxed elementor-section-height-default elementor-section-height-default\" data-id=\"c2171c0\" data-element_type=\"section\" data-e-type=\"section\">\n\t\t\t\t\t\t<div class=\"elementor-container elementor-column-gap-default\">\n\t\t\t\t\t<div class=\"elementor-column elementor-col-100 elementor-top-column elementor-element elementor-element-4671c6a\" data-id=\"4671c6a\" data-element_type=\"column\" data-e-type=\"column\">\n\t\t\t<div class=\"elementor-widget-wrap elementor-element-populated\">\n\t\t\t\t\t\t<div class=\"elementor-element elementor-element-6b87a3a elementor-button-info elementor-align-justify elementor-widget elementor-widget-button\" data-id=\"6b87a3a\" data-element_type=\"widget\" data-e-type=\"widget\" data-widget_type=\"button.default\">\n\t\t\t\t\t\t\t\t\t\t<a class=\"elementor-button elementor-button-link elementor-size-sm\" href=\"https:\/\/targusecuiesc.eu\/hu\/szallasra\/\">\n\t\t\t\t\t\t<span class=\"elementor-button-content-wrapper\">\n\t\t\t\t\t\t\t\t\t<span class=\"elementor-button-text\">M\u00e9g t\u00f6bb aj\u00e1nlat<\/span>\n\t\t\t\t\t<\/span>\n\t\t\t\t\t<\/a>\n\t\t\t\t\t\t\t\t<\/div>\n\t\t\t\t\t<\/div>\n\t\t<\/div>\n\t\t\t\t\t<\/div>\n\t\t<\/section>\n\t\t\t\t<section class=\"elementor-section elementor-top-section elementor-element elementor-element-259a6d5 elementor-section-boxed elementor-section-height-default elementor-section-height-default\" data-id=\"259a6d5\" data-element_type=\"section\" data-e-type=\"section\">\n\t\t\t\t\t\t<div class=\"elementor-container elementor-column-gap-default\">\n\t\t\t\t\t<div class=\"elementor-column elementor-col-100 elementor-top-column elementor-element elementor-element-d6899f3\" data-id=\"d6899f3\" data-element_type=\"column\" data-e-type=\"column\">\n\t\t\t<div class=\"elementor-widget-wrap elementor-element-populated\">\n\t\t\t\t\t\t<div class=\"elementor-element elementor-element-7993ceb elementor-widget elementor-widget-spacer\" data-id=\"7993ceb\" data-element_type=\"widget\" data-e-type=\"widget\" data-widget_type=\"spacer.default\">\n\t\t\t\t\t\t\t<div class=\"elementor-spacer\">\n\t\t\t<div class=\"elementor-spacer-inner\"><\/div>\n\t\t<\/div>\n\t\t\t\t\t\t<\/div>\n\t\t\t\t\t<\/div>\n\t\t<\/div>\n\t\t\t\t\t<\/div>\n\t\t<\/section>\n\t\t\t\t<section class=\"elementor-section elementor-top-section elementor-element elementor-element-3a4a5dd elementor-section-boxed elementor-section-height-default elementor-section-height-default\" data-id=\"3a4a5dd\" data-element_type=\"section\" data-e-type=\"section\">\n\t\t\t\t\t\t<div class=\"elementor-container elementor-column-gap-default\">\n\t\t\t\t\t<div class=\"elementor-column elementor-col-100 elementor-top-column elementor-element elementor-element-d2a72f9\" data-id=\"d2a72f9\" data-element_type=\"column\" data-e-type=\"column\">\n\t\t\t<div class=\"elementor-widget-wrap elementor-element-populated\">\n\t\t\t\t\t\t<div class=\"elementor-element elementor-element-fcc4ab1 elementor-widget elementor-widget-heading\" data-id=\"fcc4ab1\" data-element_type=\"widget\" data-e-type=\"widget\" data-widget_type=\"heading.default\">\n\t\t\t\t\t<h2 class=\"elementor-heading-title elementor-size-default\"><a href=\"https:\/\/targusecuiesc.eu\/hu\/tapasztalt\/\">Egy\u00e9b tapasztalatok K\u00e9zdiv\u00e1s\u00e1rhely  v\u00e1ros\u00e1ban<\/a><\/h2>\t\t\t\t<\/div>\n\t\t\t\t\t<\/div>\n\t\t<\/div>\n\t\t\t\t\t<\/div>\n\t\t<\/section>\n\t\t\t\t<section class=\"elementor-section elementor-top-section elementor-element elementor-element-c7f55c6 elementor-section-boxed elementor-section-height-default elementor-section-height-default\" data-id=\"c7f55c6\" data-element_type=\"section\" data-e-type=\"section\">\n\t\t\t\t\t\t<div class=\"elementor-container elementor-column-gap-default\">\n\t\t\t\t\t<div class=\"elementor-column elementor-col-100 elementor-top-column elementor-element elementor-element-86adb25\" data-id=\"86adb25\" data-element_type=\"column\" data-e-type=\"column\">\n\t\t\t<div class=\"elementor-widget-wrap elementor-element-populated\">\n\t\t\t\t\t\t<div class=\"elementor-element elementor-element-dce2764 elementor-widget elementor-widget-spacer\" data-id=\"dce2764\" data-element_type=\"widget\" data-e-type=\"widget\" data-widget_type=\"spacer.default\">\n\t\t\t\t\t\t\t<div class=\"elementor-spacer\">\n\t\t\t<div class=\"elementor-spacer-inner\"><\/div>\n\t\t<\/div>\n\t\t\t\t\t\t<\/div>\n\t\t\t\t\t<\/div>\n\t\t<\/div>\n\t\t\t\t\t<\/div>\n\t\t<\/section>\n\t\t\t\t<section class=\"elementor-section elementor-top-section elementor-element elementor-element-9ca0836 elementor-section-boxed elementor-section-height-default elementor-section-height-default\" data-id=\"9ca0836\" data-element_type=\"section\" data-e-type=\"section\">\n\t\t\t\t\t\t<div class=\"elementor-container elementor-column-gap-default\">\n\t\t\t\t\t<div class=\"elementor-column elementor-col-50 elementor-top-column elementor-element elementor-element-48fa7aa\" data-id=\"48fa7aa\" data-element_type=\"column\" data-e-type=\"column\">\n\t\t\t<div class=\"elementor-widget-wrap elementor-element-populated\">\n\t\t\t\t\t\t<div class=\"elementor-element elementor-element-23ebc45 elementor-widget elementor-widget-image\" data-id=\"23ebc45\" data-element_type=\"widget\" data-e-type=\"widget\" data-widget_type=\"image.default\">\n\t\t\t\t\t\t\t\t\t\t\t\t<figure class=\"wp-caption\">\n\t\t\t\t\t\t\t\t\t\t<img decoding=\"async\" width=\"1024\" height=\"576\" data-src=\"https:\/\/targusecuiesc.eu\/wp-content\/uploads\/2023\/06\/tururi-cu-bicilete-targu-secuiesc-1024x576.jpg\" class=\"attachment-large size-large wp-image-6741 lazyload\" alt=\"ker\u00e9kp\u00e1rt\u00far\u00e1k\" data-srcset=\"https:\/\/targusecuiesc.eu\/wp-content\/uploads\/2023\/06\/tururi-cu-bicilete-targu-secuiesc-scaled.jpg 1024w, https:\/\/targusecuiesc.eu\/wp-content\/uploads\/2023\/06\/tururi-cu-bicilete-targu-secuiesc-300x169.jpg 300w, https:\/\/targusecuiesc.eu\/wp-content\/uploads\/2023\/06\/tururi-cu-bicilete-targu-secuiesc-768x432.jpg 768w, https:\/\/targusecuiesc.eu\/wp-content\/uploads\/2023\/06\/tururi-cu-bicilete-targu-secuiesc-1536x864.jpg 1536w, https:\/\/targusecuiesc.eu\/wp-content\/uploads\/2023\/06\/tururi-cu-bicilete-targu-secuiesc-2048x1152.jpg 2048w, https:\/\/targusecuiesc.eu\/wp-content\/uploads\/2023\/06\/tururi-cu-bicilete-targu-secuiesc-18x10.jpg 18w, https:\/\/targusecuiesc.eu\/wp-content\/uploads\/2023\/06\/tururi-cu-bicilete-targu-secuiesc-800x450.jpg 800w\" data-sizes=\"(max-width: 1024px) 100vw, 1024px\" src=\"data:image\/svg+xml;base64,PHN2ZyB3aWR0aD0iMSIgaGVpZ2h0PSIxIiB4bWxucz0iaHR0cDovL3d3dy53My5vcmcvMjAwMC9zdmciPjwvc3ZnPg==\" style=\"--smush-placeholder-width: 1024px; --smush-placeholder-aspect-ratio: 1024\/576;\" \/>\t\t\t\t\t\t\t\t\t\t\t<figcaption class=\"widget-image-caption wp-caption-text\">Ker\u00e9kp\u00e1ros t\u00far\u00e1k<\/figcaption>\n\t\t\t\t\t\t\t\t\t\t<\/figure>\n\t\t\t\t\t\t\t\t\t<\/div>\n\t\t\t\t\t<\/div>\n\t\t<\/div>\n\t\t\t\t<div class=\"elementor-column elementor-col-50 elementor-top-column elementor-element elementor-element-02a7b5b\" data-id=\"02a7b5b\" data-element_type=\"column\" data-e-type=\"column\">\n\t\t\t<div class=\"elementor-widget-wrap elementor-element-populated\">\n\t\t\t\t\t\t<div class=\"elementor-element elementor-element-3d05d3f elementor-widget elementor-widget-image\" data-id=\"3d05d3f\" data-element_type=\"widget\" data-e-type=\"widget\" data-widget_type=\"image.default\">\n\t\t\t\t\t\t\t\t\t\t\t\t<figure class=\"wp-caption\">\n\t\t\t\t\t\t\t\t\t\t<img decoding=\"async\" width=\"1024\" height=\"536\" data-src=\"https:\/\/targusecuiesc.eu\/wp-content\/uploads\/2023\/06\/tururi-utv-targu-secuiesc-1024x536.jpeg\" class=\"attachment-large size-large wp-image-6813 lazyload\" alt=\"UTV t\u00far\u00e1k\" data-srcset=\"https:\/\/targusecuiesc.eu\/wp-content\/uploads\/2023\/06\/tururi-utv-targu-secuiesc.jpeg 1024w, https:\/\/targusecuiesc.eu\/wp-content\/uploads\/2023\/06\/tururi-utv-targu-secuiesc-300x157.jpeg 300w, https:\/\/targusecuiesc.eu\/wp-content\/uploads\/2023\/06\/tururi-utv-targu-secuiesc-768x402.jpeg 768w, https:\/\/targusecuiesc.eu\/wp-content\/uploads\/2023\/06\/tururi-utv-targu-secuiesc-18x9.jpeg 18w\" data-sizes=\"(max-width: 1024px) 100vw, 1024px\" src=\"data:image\/svg+xml;base64,PHN2ZyB3aWR0aD0iMSIgaGVpZ2h0PSIxIiB4bWxucz0iaHR0cDovL3d3dy53My5vcmcvMjAwMC9zdmciPjwvc3ZnPg==\" style=\"--smush-placeholder-width: 1024px; --smush-placeholder-aspect-ratio: 1024\/536;\" \/>\t\t\t\t\t\t\t\t\t\t\t<figcaption class=\"widget-image-caption wp-caption-text\">UTV t\u00far\u00e1k<\/figcaption>\n\t\t\t\t\t\t\t\t\t\t<\/figure>\n\t\t\t\t\t\t\t\t\t<\/div>\n\t\t\t\t\t<\/div>\n\t\t<\/div>\n\t\t\t\t\t<\/div>\n\t\t<\/section>\n\t\t\t\t<section class=\"elementor-section elementor-top-section elementor-element elementor-element-ee29426 elementor-section-boxed elementor-section-height-default elementor-section-height-default\" data-id=\"ee29426\" data-element_type=\"section\" data-e-type=\"section\">\n\t\t\t\t\t\t<div class=\"elementor-container elementor-column-gap-default\">\n\t\t\t\t\t<div class=\"elementor-column elementor-col-50 elementor-top-column elementor-element elementor-element-76f1099\" data-id=\"76f1099\" data-element_type=\"column\" data-e-type=\"column\">\n\t\t\t<div class=\"elementor-widget-wrap elementor-element-populated\">\n\t\t\t\t\t\t<div class=\"elementor-element elementor-element-a949e15 elementor-widget elementor-widget-image\" data-id=\"a949e15\" data-element_type=\"widget\" data-e-type=\"widget\" data-widget_type=\"image.default\">\n\t\t\t\t\t\t\t\t\t\t\t\t<figure class=\"wp-caption\">\n\t\t\t\t\t\t\t\t\t\t<img decoding=\"async\" width=\"1024\" height=\"768\" data-src=\"https:\/\/targusecuiesc.eu\/wp-content\/uploads\/2022\/07\/Autorulota-de-inchiriat-Nobel-Art-2019-1024x768.jpg\" class=\"attachment-large size-large wp-image-1086 lazyload\" alt=\"Aut\u00f3b\u00e9rl\u00e9s | Targu Secuiesc\" data-srcset=\"https:\/\/targusecuiesc.eu\/wp-content\/uploads\/2022\/07\/Autorulota-de-inchiriat-Nobel-Art-2019.jpg 1024w, https:\/\/targusecuiesc.eu\/wp-content\/uploads\/2022\/07\/Autorulota-de-inchiriat-Nobel-Art-2019-600x450.jpg 600w, https:\/\/targusecuiesc.eu\/wp-content\/uploads\/2022\/07\/Autorulota-de-inchiriat-Nobel-Art-2019-300x225.jpg 300w, https:\/\/targusecuiesc.eu\/wp-content\/uploads\/2022\/07\/Autorulota-de-inchiriat-Nobel-Art-2019-768x576.jpg 768w, https:\/\/targusecuiesc.eu\/wp-content\/uploads\/2022\/07\/Autorulota-de-inchiriat-Nobel-Art-2019-1536x1152.jpg 1536w, https:\/\/targusecuiesc.eu\/wp-content\/uploads\/2022\/07\/Autorulota-de-inchiriat-Nobel-Art-2019-16x12.jpg 16w\" data-sizes=\"(max-width: 1024px) 100vw, 1024px\" src=\"data:image\/svg+xml;base64,PHN2ZyB3aWR0aD0iMSIgaGVpZ2h0PSIxIiB4bWxucz0iaHR0cDovL3d3dy53My5vcmcvMjAwMC9zdmciPjwvc3ZnPg==\" style=\"--smush-placeholder-width: 1024px; --smush-placeholder-aspect-ratio: 1024\/768;\" \/>\t\t\t\t\t\t\t\t\t\t\t<figcaption class=\"widget-image-caption wp-caption-text\">B\u00e9relhet\u0151 lak\u00f3aut\u00f3<\/figcaption>\n\t\t\t\t\t\t\t\t\t\t<\/figure>\n\t\t\t\t\t\t\t\t\t<\/div>\n\t\t\t\t\t<\/div>\n\t\t<\/div>\n\t\t\t\t<div class=\"elementor-column elementor-col-50 elementor-top-column elementor-element elementor-element-9e92eb6\" data-id=\"9e92eb6\" data-element_type=\"column\" data-e-type=\"column\">\n\t\t\t<div class=\"elementor-widget-wrap elementor-element-populated\">\n\t\t\t\t\t\t<div class=\"elementor-element elementor-element-59c5bcf elementor-widget elementor-widget-image\" data-id=\"59c5bcf\" data-element_type=\"widget\" data-e-type=\"widget\" data-widget_type=\"image.default\">\n\t\t\t\t\t\t\t\t\t\t\t\t<figure class=\"wp-caption\">\n\t\t\t\t\t\t\t\t\t\t<img decoding=\"async\" width=\"1024\" height=\"768\" data-src=\"https:\/\/targusecuiesc.eu\/wp-content\/uploads\/2022\/06\/tur-enduro-Targu-Secuiesc-jud-Covasna_5.jpeg\" class=\"attachment-large size-large wp-image-903 lazyload\" alt=\"enduro t\u00fara Targu Secuiesc jud Covasna\" data-srcset=\"https:\/\/targusecuiesc.eu\/wp-content\/uploads\/2022\/06\/tur-enduro-Targu-Secuiesc-jud-Covasna_5.jpeg 1024w, https:\/\/targusecuiesc.eu\/wp-content\/uploads\/2022\/06\/tur-enduro-Targu-Secuiesc-jud-Covasna_5-600x450.jpeg 600w\" data-sizes=\"(max-width: 1024px) 100vw, 1024px\" src=\"data:image\/svg+xml;base64,PHN2ZyB3aWR0aD0iMSIgaGVpZ2h0PSIxIiB4bWxucz0iaHR0cDovL3d3dy53My5vcmcvMjAwMC9zdmciPjwvc3ZnPg==\" style=\"--smush-placeholder-width: 1024px; --smush-placeholder-aspect-ratio: 1024\/768;\" \/>\t\t\t\t\t\t\t\t\t\t\t<figcaption class=\"widget-image-caption wp-caption-text\">Enduro t\u00far\u00e1k<\/figcaption>\n\t\t\t\t\t\t\t\t\t\t<\/figure>\n\t\t\t\t\t\t\t\t\t<\/div>\n\t\t\t\t\t<\/div>\n\t\t<\/div>\n\t\t\t\t\t<\/div>\n\t\t<\/section>\n\t\t\t\t<section class=\"elementor-section elementor-top-section elementor-element elementor-element-fd8d45b elementor-section-boxed elementor-section-height-default elementor-section-height-default\" data-id=\"fd8d45b\" data-element_type=\"section\" data-e-type=\"section\">\n\t\t\t\t\t\t<div class=\"elementor-container elementor-column-gap-default\">\n\t\t\t\t\t<div class=\"elementor-column elementor-col-100 elementor-top-column elementor-element elementor-element-ec2877a\" data-id=\"ec2877a\" data-element_type=\"column\" data-e-type=\"column\">\n\t\t\t<div class=\"elementor-widget-wrap elementor-element-populated\">\n\t\t\t\t\t\t<div class=\"elementor-element elementor-element-a147ed2 elementor-button-info elementor-align-justify elementor-widget elementor-widget-button\" data-id=\"a147ed2\" data-element_type=\"widget\" data-e-type=\"widget\" data-widget_type=\"button.default\">\n\t\t\t\t\t\t\t\t\t\t<a class=\"elementor-button elementor-button-link elementor-size-sm\" href=\"https:\/\/targusecuiesc.eu\/hu\/tapasztalt\/\">\n\t\t\t\t\t\t<span class=\"elementor-button-content-wrapper\">\n\t\t\t\t\t\t\t\t\t<span class=\"elementor-button-text\">L\u00e1sd m\u00e9g:<\/span>\n\t\t\t\t\t<\/span>\n\t\t\t\t\t<\/a>\n\t\t\t\t\t\t\t\t<\/div>\n\t\t\t\t\t<\/div>\n\t\t<\/div>\n\t\t\t\t\t<\/div>\n\t\t<\/section>\n\t\t\t\t<section class=\"elementor-section elementor-top-section elementor-element elementor-element-bed1f3e elementor-section-boxed elementor-section-height-default elementor-section-height-default\" data-id=\"bed1f3e\" data-element_type=\"section\" data-e-type=\"section\">\n\t\t\t\t\t\t<div class=\"elementor-container elementor-column-gap-default\">\n\t\t\t\t\t<div class=\"elementor-column elementor-col-100 elementor-top-column elementor-element elementor-element-50e93bd\" data-id=\"50e93bd\" data-element_type=\"column\" data-e-type=\"column\">\n\t\t\t<div class=\"elementor-widget-wrap elementor-element-populated\">\n\t\t\t\t\t\t<div class=\"elementor-element elementor-element-0779737 elementor-widget elementor-widget-text-editor\" data-id=\"0779737\" data-element_type=\"widget\" data-e-type=\"widget\" data-widget_type=\"text-editor.default\">\n\t\t\t\t\t\t\t\t\t<h1><em><strong>R\u00e9szletes program:<\/strong><\/em><\/h1><p><strong>SZEPTEMBER 15., P\u00c9NTEK<\/strong><\/p><p>7:00 H\u0150L\u00c9GBALLONOS REP\u00dcL\u00c9S<\/p><p>10:00-17:00 HODOR ANDREA\u2502 \u00c9GETHET\u0150 GYURMAFIGUR\u00c1K K\u00c9SZ\u00cdT\u00c9SE<\/p><p>10:00\u201314:00 M\u00c9ZESM\u0170HELY\u2502SZ\u00c1NT\u00d3 J\u00d3ZSEF, m\u00e9zeskal\u00e1cs d\u00edsz\u00edt\u00e9s<\/p><p>10:30 Z\u00dcMM\u00d6G\u00c9S\u2502ISMERKED\u00c9S A M\u00c9HEK \u00c9S A M\u00c9H\u00c9SZET VIL\u00c1G\u00c1VAL!<\/p><p>-<\/p><p>Helysz\u00edn: el\u0151ad\u00f3s\u00e1tor.<\/p><p>11:00-13:30 Z\u00d6LD NAP EGYES\u00dcLET \u2502LASS\u00daS\u00c1GI KER\u00c9KP\u00c1ROS \u00dcGYESS\u00c9GI VERSENY<\/p><p>Helysz\u00edn: fortyog\u00f3f\u00fcrd\u0151i piknik<\/p><p>11:00 L\u00c1TV\u00c1NYKONYHA\u00a0<\/p><p>10:00-17:00 PRO PECTUS EGYES\u00dcLET\u2502SKILL J\u00c1T\u00c9KOK<\/p><p>13:00-14:00 \"R\u00d3ZSASZ\u00cdNH\u00c1Z\" B\u00c1BSZ\u00cdNH\u00c1Z \u2502A H\u00c1ROMPOF\u00c1J\u00da KUNYH\u00d3<\/p><p>Helysz\u00edn: el\u0151ad\u00f3s\u00e1tor.<\/p><p>13:00 SAPIENTIA UNIVERSITY\u2502INTERAKT\u00cdV K\u00cdS\u00c9RLETEK GYEREKEKNEK\u00a0<\/p><p>14:00-15:00 M\u00c9ZK\u00d3STOL\u00d3\u2502 HELYI TERMEL\u0150K TERM\u00c9KEI<\/p><p>16:00 STORY CORNER \u2502TO STORIES WITH BENK\u0150\u00c9VA\u00a0<\/p><p>16:00-17:30 CSEREI GY\u00d6NGYV\u00c9R\u2502\u00c9LM\u00c9NYEK AZ EL CAMIN\u00d3R\u00d3L\u00a0<\/p><p>Moder\u00e1tor: Melkuhn Andrea Gizella, zar\u00e1ndok az El Camin\u00f3n, helysz\u00edn: konferencias\u00e1tor;<\/p><p>18:00 T\u00c1NC WORKSHOP\u2502FINOM ZENEKAR \u00c9S BENK\u0150 \u00c9VA<\/p><p>Helysz\u00edn: el\u0151ad\u00f3s\u00e1tor.<\/p><p>19:00 H\u0150L\u00c9GBALLON- \u00c9S K\u00d6T\u00c9LZETI REP\u00dcL\u00c9S (FELSZ\u00c1LL\u00c1S)<\/p><p>20:00 T\u00c1BORT\u0170Z \u00c9S M\u00c1LYVACUKOR<\/p><p>SZEPTEMBER 16. SZOMBAT<\/p><p>7:00 H\u0150L\u00c9GBALLON REP\u00dcL\u00c9S<\/p><p>11:00 KULIN\u00c1RIS ESEM\u00c9NYEK<\/p><p>11:00-17:00 BRNY HANGULAT<\/p><p>11:00-19:00 TEV\u00c9KENYS\u00c9GEK HAGYOM\u00c1NYOS FA J\u00c1T\u00c9KOKKAL\u00a0<\/p><p>12:00-18:00 Z\u00d6LD NAP EGYES\u00dcLET Egyes\u00fclet \u2502ACTIVE FAMILY (csal\u00e1di programok)<\/p><p>12:00-18:00 HODOR ANDREA\u2502 M\u0170V\u00c9SZI ALKOT\u00d3 TEV\u00c9KENYS\u00c9G POLIMER AGYAG TERM\u00c9KEKKEL<\/p><p>12:00-13:30 KOZMA ORSI \u2502GYERMEKOLIMPIA<\/p><p>13:00 - TEXTILM\u0170HELY \u2502KREAKIDS ST\u00daDI\u00d3<\/p><p>14:00-15:00 A SPORTR\u00d3L \u2502TANULJ A CROSSFITR\u0150L - FERENCZ TAM\u00c1S \u00c9S KOZMA ORSI EDZ\u0150KKEL\u00a0<\/p><p>Moder\u00e1tor: Dacz\u00f3 Hodor Barna ; helysz\u00edn: konferencias\u00e1tor<\/p><p>15:00-16:30 SPORTID\u0150\u2502KIH\u00cdV\u00c1S, VAGY LEGY\u00c9L TE A LEGT\u00d6K\u00d6SEBB EMBER AZ X BALLON FESZTIV\u00c1LON\u00a0<\/p><p>Helysz\u00edn: a konferencias\u00e1tor el\u0151tti p\u00e1lya<\/p><p>15:00-17:00 \u00c9DES TORTA WORKSHOP\u2502\u00c9des s\u00fctem\u00e9nyek d\u00edsz\u00edt\u00e9se SZ\u00c1NT\u00d3 J\u00d3ZSEF-el<\/p><p>15:00 M\u00c9ZK\u00d3STOL\u00d3\u2502 HELYI TERMEL\u0150K TERM\u00c9KEI<\/p><p>17:00 TEKERG\u0150K\u2502GYERMEKKONCERT<\/p><p>Helysz\u00edn: el\u0151ad\u00f3s\u00e1tor.<\/p><p>16:00 OUTDOOR YOGA BOR\u00d3KA D\u00c9NES-szel \/ kezd\u0151knek<\/p><p>17:00 OUTDOOR YOGA BOR\u00d3KA D\u00c9NES-szel \/ halad\u00f3\u00a0<\/p><p>Helysz\u00edn: fortyog\u00f3f\u00fcrd\u0151i piknik<\/p><p>18:00 K\u00c9ZM\u0170VES S\u00d6RK\u00d3STOL\u00d3\u2502GADO BEER, MUSTACHE, LUCRETIA SCHOONER\u00a0<\/p><p>19:00 H\u0150L\u00c9GBALLON- \u00c9S K\u00d6T\u00c9LZETI REP\u00dcL\u00c9S (FELSZ\u00c1LL\u00c1S)<\/p><p>19:30 BOR- \u00c9S SAJTK\u00d3STOL\u00d3 \u2502 CRICOVAI BOROK \u00c9S PUTNOKY-CSICS\u00d3I SAJTOK\u00a0<\/p><p>20:30 SZABADT\u00c9RI MOZI \u2502TOP GUN: MAVERICK (2022)<\/p><p>17:00-23:00 HANGULAT DJ FERY B \u00c1LTAL<\/p><p>SZEPTEMBER 17. VAS\u00c1RNAP<\/p><p>7:00 H\u0150L\u00c9GBALLONOS REP\u00dcL\u00c9S\u00a0<\/p><p>11:00 KULIN\u00c1RIS ESEM\u00c9NYEK<\/p><p>11:00-17:00 \u00dcDV\u00d6Z\u00d6LTE HANGULAT\u00c1T HANGZAVAROK<\/p><p>11:00-17:00 Z\u00d6LD NAP EGYES\u00dcLET Egyes\u00fclet \u2502ACTIVE FAMILY (csal\u00e1di programok)<\/p><p>12:00 TEXTIL M\u0170HELY \u2502KREAKIDS ST\u00daDI\u00d3<\/p><p>13:00-15:00 \u00c9DES TORTA WORKSHOP\u2502\u00c9des s\u00fctem\u00e9nyek d\u00edsz\u00edt\u00e9se SZ\u00c1NT\u00d3 J\u00d3ZSEF-el<\/p><p>11:00-18:00 H\u00c1ROMSZ\u00c9KI K\u00c9ZM\u0170VESEK EGYES\u00dcLETE \u2502 AGYAGOZ\u00c1S, B\u00daTORFEST\u00c9S, H\u00cdMZ\u00c9S<\/p><p>14:00 M\u00c9ZK\u00d3STOL\u00d3\u2502 HELYI TERMEL\u0150K TERM\u00c9KEI<\/p><p>16:00 TEXTIL M\u0170HELY \u2502KREAKIDS ST\u00daDI\u00d3<\/p><p>17:00 A H\u0150L\u00c9GBALLONOS FOT\u00d3P\u00c1LY\u00c1ZAT EREDM\u00c9NYEI<\/p><p>18:00 AZ AKT\u00cdV CSAL\u00c1DOK VERSENY\u00c9NEK EREDM\u00c9NYEI - Z\u00d6LD NAP EGYES\u00dcLET EGYES\u00dcLET<\/p><p>19:00 H\u0150L\u00c9GBALLON- \u00c9S K\u00d6T\u00c9LZETI REP\u00dcL\u00c9S (FELSZ\u00c1LL\u00c1S)<\/p><p>17:00-23:00 HANGULAT DJ SZABI \u00c1LTAL<\/p><p>\u00c1LLAND\u00d3 PROGRAMOK<\/p><p>OFF-ROAD TOUR<\/p><p>ELEKTROMOS KER\u00c9KP\u00c1ROK TESZTEL\u00c9SE<\/p><p>\u00d3RI\u00c1S SZ\u00cdNEZ\u0150 RAJZOK<\/p><p>VID\u00c1MPARK\u00a0<\/p><p>TERMEL\u0150I \u00c9S K\u00c9ZM\u0170VES V\u00c1S\u00c1R<\/p><p>\u00cdNYENC FINOMS\u00c1GOK<\/p><p>FOT\u00d3SAROK<\/p><p>ECHITATION (szeptember 16-17.)\u00a0<\/p><p>FOT\u00d3VERSENY<\/p><p>THE X BALLOON TRAIN (szeptember 15., p\u00e9ntek, 15:00-19:00 * szeptember 16., szombat, 11:00-19:00, szeptember 17., vas\u00e1rnap, 11:00-17:00)<\/p><p>Indul\u00e1s: G\u00e1bor \u00c1ron t\u00e9r, c\u00e9l: Fortyog\u00f3 f\u00fcrd\u0151<\/p><p>ARCK\u00c9PFEST\u00c9S\u00a0<\/p><p>MOTOROS TANDEMREP\u00dcL\u00c9SEK<\/p><p>\u00a0<\/p><p>JEGYEK A WEBOLDALON V\u00c1S\u00c1ROLHAT\u00d3K MEG <a href=\"http:\/\/www.xballoon.ro\/\">www.xballoon.ro<\/a>. A HELYSZ\u00cdNEN VEHET\u0150 JEGYEK A K\u00d6T\u00c9LZETI REP\u00dcL\u00c9SRE<\/p><p>\u00a0<\/p>\t\t\t\t\t\t\t\t<\/div>\n\t\t\t\t\t<\/div>\n\t\t<\/div>\n\t\t\t\t\t<\/div>\n\t\t<\/section>\n\t\t\t\t<\/div>","protected":false},"excerpt":{"rendered":"<p>X Balloon Fest (Festivalul de balon cu aer cald de la T\u00e2rgu Secuiesc) are loc \u00een perioada 15-17 septembrie \u0219i reprezint\u0103 un eveniment captivant pentru participan\u021bi \u0219i vizitatori. \u00cen cadrul festivalului, zeci de baloane cu aer cald colorate se ridic\u0103 \u00een cerul senin, oferind un spectacol impresionant. Participan\u021bii se bucur\u0103 de zboruri deasupra peisajului pitoresc [&hellip;]<\/p>\n","protected":false},"author":1,"featured_media":7329,"comment_status":"open","ping_status":"open","sticky":false,"template":"","format":"standard","meta":{"ocean_post_layout":"","ocean_both_sidebars_style":"","ocean_both_sidebars_content_width":0,"ocean_both_sidebars_sidebars_width":0,"ocean_sidebar":"","ocean_second_sidebar":"","ocean_disable_margins":"enable","ocean_add_body_class":"","ocean_shortcode_before_top_bar":"","ocean_shortcode_after_top_bar":"","ocean_shortcode_before_header":"","ocean_shortcode_after_header":"","ocean_has_shortcode":"","ocean_shortcode_after_title":"","ocean_shortcode_before_footer_widgets":"","ocean_shortcode_after_footer_widgets":"","ocean_shortcode_before_footer_bottom":"","ocean_shortcode_after_footer_bottom":"","ocean_display_top_bar":"default","ocean_display_header":"default","ocean_header_style":"","ocean_center_header_left_menu":"","ocean_custom_header_template":"","ocean_custom_logo":0,"ocean_custom_retina_logo":0,"ocean_custom_logo_max_width":0,"ocean_custom_logo_tablet_max_width":0,"ocean_custom_logo_mobile_max_width":0,"ocean_custom_logo_max_height":0,"ocean_custom_logo_tablet_max_height":0,"ocean_custom_logo_mobile_max_height":0,"ocean_header_custom_menu":"","ocean_menu_typo_font_family":"","ocean_menu_typo_font_subset":"","ocean_menu_typo_font_size":0,"ocean_menu_typo_font_size_tablet":0,"ocean_menu_typo_font_size_mobile":0,"ocean_menu_typo_font_size_unit":"px","ocean_menu_typo_font_weight":"","ocean_menu_typo_font_weight_tablet":"","ocean_menu_typo_font_weight_mobile":"","ocean_menu_typo_transform":"","ocean_menu_typo_transform_tablet":"","ocean_menu_typo_transform_mobile":"","ocean_menu_typo_line_height":0,"ocean_menu_typo_line_height_tablet":0,"ocean_menu_typo_line_height_mobile":0,"ocean_menu_typo_line_height_unit":"","ocean_menu_typo_spacing":0,"ocean_menu_typo_spacing_tablet":0,"ocean_menu_typo_spacing_mobile":0,"ocean_menu_typo_spacing_unit":"","ocean_menu_link_color":"","ocean_menu_link_color_hover":"","ocean_menu_link_color_active":"","ocean_menu_link_background":"","ocean_menu_link_hover_background":"","ocean_menu_link_active_background":"","ocean_menu_social_links_bg":"","ocean_menu_social_hover_links_bg":"","ocean_menu_social_links_color":"","ocean_menu_social_hover_links_color":"","ocean_disable_title":"default","ocean_disable_heading":"default","ocean_post_title":"","ocean_post_subheading":"","ocean_post_title_style":"","ocean_post_title_background_color":"","ocean_post_title_background":0,"ocean_post_title_bg_image_position":"","ocean_post_title_bg_image_attachment":"","ocean_post_title_bg_image_repeat":"","ocean_post_title_bg_image_size":"","ocean_post_title_height":0,"ocean_post_title_bg_overlay":0.5,"ocean_post_title_bg_overlay_color":"","ocean_disable_breadcrumbs":"default","ocean_breadcrumbs_color":"","ocean_breadcrumbs_separator_color":"","ocean_breadcrumbs_links_color":"","ocean_breadcrumbs_links_hover_color":"","ocean_display_footer_widgets":"default","ocean_display_footer_bottom":"default","ocean_custom_footer_template":"","_joinchat":[],"ocean_post_oembed":"","ocean_post_self_hosted_media":"","ocean_post_video_embed":"","ocean_link_format":"","ocean_link_format_target":"self","ocean_quote_format":"","ocean_quote_format_link":"post","ocean_gallery_link_images":"on","ocean_gallery_id":[],"footnotes":""},"categories":[1],"tags":[34,52,54],"class_list":["post-7211","post","type-post","status-publish","format-standard","has-post-thumbnail","hentry","category-uncategorized","tag-cazare-targu-secuiesc","tag-cazare-targu-secuiesc-2","tag-cazare-tg-secuiesc","entry","has-media"],"yoast_head":"<!-- This site is optimized with the Yoast SEO plugin v27.3 - https:\/\/yoast.com\/product\/yoast-seo-wordpress\/ -->\n<title>Festivalul baloanelor cu aer cald 2023 - T\u00e2rgu Secuiesc<\/title>\n<meta name=\"description\" content=\"Festivalul de balon cu aer cald de la T\u00e2rgu Secuiesc are loc \u00een perioada 15-17 septembrie \u0219i reprezint\u0103 un eveniment captivant pentru participan\u021bi.\" \/>\n<meta name=\"robots\" content=\"index, follow, max-snippet:-1, max-image-preview:large, max-video-preview:-1\" \/>\n<link rel=\"canonical\" href=\"https:\/\/targusecuiesc.eu\/hu\/2023\/08\/01\/holegballon-fesztival-kezdivasarhely\/\" \/>\n<meta property=\"og:locale\" content=\"hu_HU\" \/>\n<meta property=\"og:type\" content=\"article\" \/>\n<meta property=\"og:title\" content=\"Festivalul baloanelor cu aer cald 2023 - T\u00e2rgu Secuiesc\" \/>\n<meta property=\"og:description\" content=\"Festivalul de balon cu aer cald de la T\u00e2rgu Secuiesc are loc \u00een perioada 15-17 septembrie \u0219i reprezint\u0103 un eveniment captivant pentru participan\u021bi.\" \/>\n<meta property=\"og:url\" content=\"https:\/\/targusecuiesc.eu\/hu\/2023\/08\/01\/holegballon-fesztival-kezdivasarhely\/\" \/>\n<meta property=\"og:site_name\" content=\"Cazare \u00een T\u00e2rgu Secueisc\" \/>\n<meta property=\"article:published_time\" content=\"2023-08-01T17:30:32+00:00\" \/>\n<meta property=\"article:modified_time\" content=\"2023-09-12T07:33:42+00:00\" \/>\n<meta property=\"og:image\" content=\"https:\/\/targusecuiesc.eu\/wp-content\/uploads\/2023\/08\/309387540_996610905073906_5290339763055428167_n.jpg\" \/>\n\t<meta property=\"og:image:width\" content=\"2048\" \/>\n\t<meta property=\"og:image:height\" content=\"1356\" \/>\n\t<meta property=\"og:image:type\" content=\"image\/jpeg\" \/>\n<meta name=\"author\" content=\"Levente\" \/>\n<meta name=\"twitter:card\" content=\"summary_large_image\" \/>\n<meta name=\"twitter:label1\" content=\"Szerz\u0151:\" \/>\n\t<meta name=\"twitter:data1\" content=\"Levente\" \/>\n\t<meta name=\"twitter:label2\" content=\"Becs\u00fclt olvas\u00e1si id\u0151\" \/>\n\t<meta name=\"twitter:data2\" content=\"6 perc\" \/>\n<script type=\"application\/ld+json\" class=\"yoast-schema-graph\">{\"@context\":\"https:\\\/\\\/schema.org\",\"@graph\":[{\"@type\":\"Article\",\"@id\":\"https:\\\/\\\/targusecuiesc.eu\\\/ro\\\/2023\\\/08\\\/01\\\/festivalul-baloanelor-cu-aer-cald-2023\\\/#article\",\"isPartOf\":{\"@id\":\"https:\\\/\\\/targusecuiesc.eu\\\/ro\\\/2023\\\/08\\\/01\\\/festivalul-baloanelor-cu-aer-cald-2023\\\/\"},\"author\":{\"name\":\"Levente\",\"@id\":\"https:\\\/\\\/targusecuiesc.eu\\\/#\\\/schema\\\/person\\\/3e8e0dc36a7b432328a4fa3a70aa5de3\"},\"headline\":\"Festivalul baloanelor cu aer cald 2023\",\"datePublished\":\"2023-08-01T17:30:32+00:00\",\"dateModified\":\"2023-09-12T07:33:42+00:00\",\"mainEntityOfPage\":{\"@id\":\"https:\\\/\\\/targusecuiesc.eu\\\/ro\\\/2023\\\/08\\\/01\\\/festivalul-baloanelor-cu-aer-cald-2023\\\/\"},\"wordCount\":778,\"commentCount\":0,\"publisher\":{\"@id\":\"https:\\\/\\\/targusecuiesc.eu\\\/#organization\"},\"image\":{\"@id\":\"https:\\\/\\\/targusecuiesc.eu\\\/ro\\\/2023\\\/08\\\/01\\\/festivalul-baloanelor-cu-aer-cald-2023\\\/#primaryimage\"},\"thumbnailUrl\":\"https:\\\/\\\/targusecuiesc.eu\\\/wp-content\\\/uploads\\\/2023\\\/08\\\/309387540_996610905073906_5290339763055428167_n.jpg\",\"keywords\":[\"Cazare targu secuiesc\",\"cazare t\u00e2rgu secuiesc\",\"Cazare Tg. Secuiesc\"],\"articleSection\":[\"Uncategorized\"],\"inLanguage\":\"hu\",\"potentialAction\":[{\"@type\":\"CommentAction\",\"name\":\"Comment\",\"target\":[\"https:\\\/\\\/targusecuiesc.eu\\\/ro\\\/2023\\\/08\\\/01\\\/festivalul-baloanelor-cu-aer-cald-2023\\\/#respond\"]}]},{\"@type\":\"WebPage\",\"@id\":\"https:\\\/\\\/targusecuiesc.eu\\\/ro\\\/2023\\\/08\\\/01\\\/festivalul-baloanelor-cu-aer-cald-2023\\\/\",\"url\":\"https:\\\/\\\/targusecuiesc.eu\\\/ro\\\/2023\\\/08\\\/01\\\/festivalul-baloanelor-cu-aer-cald-2023\\\/\",\"name\":\"Festivalul baloanelor cu aer cald 2023 - T\u00e2rgu Secuiesc\",\"isPartOf\":{\"@id\":\"https:\\\/\\\/targusecuiesc.eu\\\/#website\"},\"primaryImageOfPage\":{\"@id\":\"https:\\\/\\\/targusecuiesc.eu\\\/ro\\\/2023\\\/08\\\/01\\\/festivalul-baloanelor-cu-aer-cald-2023\\\/#primaryimage\"},\"image\":{\"@id\":\"https:\\\/\\\/targusecuiesc.eu\\\/ro\\\/2023\\\/08\\\/01\\\/festivalul-baloanelor-cu-aer-cald-2023\\\/#primaryimage\"},\"thumbnailUrl\":\"https:\\\/\\\/targusecuiesc.eu\\\/wp-content\\\/uploads\\\/2023\\\/08\\\/309387540_996610905073906_5290339763055428167_n.jpg\",\"datePublished\":\"2023-08-01T17:30:32+00:00\",\"dateModified\":\"2023-09-12T07:33:42+00:00\",\"description\":\"Festivalul de balon cu aer cald de la T\u00e2rgu Secuiesc are loc \u00een perioada 15-17 septembrie \u0219i reprezint\u0103 un eveniment captivant pentru participan\u021bi.\",\"breadcrumb\":{\"@id\":\"https:\\\/\\\/targusecuiesc.eu\\\/ro\\\/2023\\\/08\\\/01\\\/festivalul-baloanelor-cu-aer-cald-2023\\\/#breadcrumb\"},\"inLanguage\":\"hu\",\"potentialAction\":[{\"@type\":\"ReadAction\",\"target\":[\"https:\\\/\\\/targusecuiesc.eu\\\/ro\\\/2023\\\/08\\\/01\\\/festivalul-baloanelor-cu-aer-cald-2023\\\/\"]}]},{\"@type\":\"ImageObject\",\"inLanguage\":\"hu\",\"@id\":\"https:\\\/\\\/targusecuiesc.eu\\\/ro\\\/2023\\\/08\\\/01\\\/festivalul-baloanelor-cu-aer-cald-2023\\\/#primaryimage\",\"url\":\"https:\\\/\\\/targusecuiesc.eu\\\/wp-content\\\/uploads\\\/2023\\\/08\\\/309387540_996610905073906_5290339763055428167_n.jpg\",\"contentUrl\":\"https:\\\/\\\/targusecuiesc.eu\\\/wp-content\\\/uploads\\\/2023\\\/08\\\/309387540_996610905073906_5290339763055428167_n.jpg\",\"width\":1024,\"height\":678,\"caption\":\"Festivalul baloanelor cu aer cald 2023 |Targu Secuiesc\"},{\"@type\":\"BreadcrumbList\",\"@id\":\"https:\\\/\\\/targusecuiesc.eu\\\/ro\\\/2023\\\/08\\\/01\\\/festivalul-baloanelor-cu-aer-cald-2023\\\/#breadcrumb\",\"itemListElement\":[{\"@type\":\"ListItem\",\"position\":1,\"name\":\"Prima pagin\u0103\",\"item\":\"https:\\\/\\\/targusecuiesc.eu\\\/\"},{\"@type\":\"ListItem\",\"position\":2,\"name\":\"Festivalul baloanelor cu aer cald 2023\"}]},{\"@type\":\"WebSite\",\"@id\":\"https:\\\/\\\/targusecuiesc.eu\\\/#website\",\"url\":\"https:\\\/\\\/targusecuiesc.eu\\\/\",\"name\":\"Cazare \u00een T\u00e2rgu Secueisc\",\"description\":\"Te afli \u00een c\u0103utarea unui loc potrivit de cazare \u00een T\u00e2rgu Secuiesc?\",\"publisher\":{\"@id\":\"https:\\\/\\\/targusecuiesc.eu\\\/#organization\"},\"alternateName\":\"Te afli in cautarea unui loc potrivit de cazare in Targu Secuiesc?\",\"potentialAction\":[{\"@type\":\"SearchAction\",\"target\":{\"@type\":\"EntryPoint\",\"urlTemplate\":\"https:\\\/\\\/targusecuiesc.eu\\\/?s={search_term_string}\"},\"query-input\":{\"@type\":\"PropertyValueSpecification\",\"valueRequired\":true,\"valueName\":\"search_term_string\"}}],\"inLanguage\":\"hu\"},{\"@type\":\"Organization\",\"@id\":\"https:\\\/\\\/targusecuiesc.eu\\\/#organization\",\"name\":\"Cazare \u00een T\u00e2rgu Secueisc\",\"alternateName\":\"Te afli in cautarea unui loc potrivit de cazare in Targu Secuiesc?\",\"url\":\"https:\\\/\\\/targusecuiesc.eu\\\/\",\"logo\":{\"@type\":\"ImageObject\",\"inLanguage\":\"hu\",\"@id\":\"https:\\\/\\\/targusecuiesc.eu\\\/#\\\/schema\\\/logo\\\/image\\\/\",\"url\":\"https:\\\/\\\/targusecuiesc.eu\\\/wp-content\\\/uploads\\\/2022\\\/05\\\/cropped-targu-secuiesc-1-e1653031917947.png\",\"contentUrl\":\"https:\\\/\\\/targusecuiesc.eu\\\/wp-content\\\/uploads\\\/2022\\\/05\\\/cropped-targu-secuiesc-1-e1653031917947.png\",\"width\":512,\"height\":512,\"caption\":\"Cazare \u00een T\u00e2rgu Secueisc\"},\"image\":{\"@id\":\"https:\\\/\\\/targusecuiesc.eu\\\/#\\\/schema\\\/logo\\\/image\\\/\"}},{\"@type\":\"Person\",\"@id\":\"https:\\\/\\\/targusecuiesc.eu\\\/#\\\/schema\\\/person\\\/3e8e0dc36a7b432328a4fa3a70aa5de3\",\"name\":\"Levente\",\"image\":{\"@type\":\"ImageObject\",\"inLanguage\":\"hu\",\"@id\":\"https:\\\/\\\/secure.gravatar.com\\\/avatar\\\/a800d69db893890d57b88525e6aba9502659e29fa5a7ce96c5354202678a9227?s=96&d=mm&r=g\",\"url\":\"https:\\\/\\\/secure.gravatar.com\\\/avatar\\\/a800d69db893890d57b88525e6aba9502659e29fa5a7ce96c5354202678a9227?s=96&d=mm&r=g\",\"contentUrl\":\"https:\\\/\\\/secure.gravatar.com\\\/avatar\\\/a800d69db893890d57b88525e6aba9502659e29fa5a7ce96c5354202678a9227?s=96&d=mm&r=g\",\"caption\":\"Levente\"},\"sameAs\":[\"https:\\\/\\\/targusecuiesc.eu\"],\"url\":\"https:\\\/\\\/targusecuiesc.eu\\\/hu\\\/author\\\/admin\\\/\"}]}<\/script>\n<!-- \/ Yoast SEO plugin. -->","yoast_head_json":{"title":"H\u0151l\u00e9gballon Fesztiv\u00e1l 2023 - K\u00e9zdiv\u00e1s\u00e1rhelyen","description":"A h\u0151l\u00e9gballonfesztiv\u00e1l szeptember 15-17. k\u00f6z\u00f6tt ker\u00fcl megrendez\u00e9sre K\u00e9zdiv\u00e1s\u00e1rhelyen, \u00e9s izgalmas esem\u00e9ny a r\u00e9sztvev\u0151k sz\u00e1m\u00e1ra.","robots":{"index":"index","follow":"follow","max-snippet":"max-snippet:-1","max-image-preview":"max-image-preview:large","max-video-preview":"max-video-preview:-1"},"canonical":"https:\/\/targusecuiesc.eu\/hu\/2023\/08\/01\/holegballon-fesztival-kezdivasarhely\/","og_locale":"hu_HU","og_type":"article","og_title":"Festivalul baloanelor cu aer cald 2023 - T\u00e2rgu Secuiesc","og_description":"Festivalul de balon cu aer cald de la T\u00e2rgu Secuiesc are loc \u00een perioada 15-17 septembrie \u0219i reprezint\u0103 un eveniment captivant pentru participan\u021bi.","og_url":"https:\/\/targusecuiesc.eu\/hu\/2023\/08\/01\/holegballon-fesztival-kezdivasarhely\/","og_site_name":"Cazare \u00een T\u00e2rgu Secueisc","article_published_time":"2023-08-01T17:30:32+00:00","article_modified_time":"2023-09-12T07:33:42+00:00","og_image":[{"width":2048,"height":1356,"url":"https:\/\/targusecuiesc.eu\/wp-content\/uploads\/2023\/08\/309387540_996610905073906_5290339763055428167_n.jpg","type":"image\/jpeg"}],"author":"Levente","twitter_card":"summary_large_image","twitter_misc":{"Szerz\u0151:":"Levente","Becs\u00fclt olvas\u00e1si id\u0151":"6 perc"},"schema":{"@context":"https:\/\/schema.org","@graph":[{"@type":"Article","@id":"https:\/\/targusecuiesc.eu\/ro\/2023\/08\/01\/festivalul-baloanelor-cu-aer-cald-2023\/#article","isPartOf":{"@id":"https:\/\/targusecuiesc.eu\/ro\/2023\/08\/01\/festivalul-baloanelor-cu-aer-cald-2023\/"},"author":{"name":"Levente","@id":"https:\/\/targusecuiesc.eu\/#\/schema\/person\/3e8e0dc36a7b432328a4fa3a70aa5de3"},"headline":"Festivalul baloanelor cu aer cald 2023","datePublished":"2023-08-01T17:30:32+00:00","dateModified":"2023-09-12T07:33:42+00:00","mainEntityOfPage":{"@id":"https:\/\/targusecuiesc.eu\/ro\/2023\/08\/01\/festivalul-baloanelor-cu-aer-cald-2023\/"},"wordCount":778,"commentCount":0,"publisher":{"@id":"https:\/\/targusecuiesc.eu\/#organization"},"image":{"@id":"https:\/\/targusecuiesc.eu\/ro\/2023\/08\/01\/festivalul-baloanelor-cu-aer-cald-2023\/#primaryimage"},"thumbnailUrl":"https:\/\/targusecuiesc.eu\/wp-content\/uploads\/2023\/08\/309387540_996610905073906_5290339763055428167_n.jpg","keywords":["Cazare targu secuiesc","cazare t\u00e2rgu secuiesc","Cazare Tg. Secuiesc"],"articleSection":["Uncategorized"],"inLanguage":"hu","potentialAction":[{"@type":"CommentAction","name":"Comment","target":["https:\/\/targusecuiesc.eu\/ro\/2023\/08\/01\/festivalul-baloanelor-cu-aer-cald-2023\/#respond"]}]},{"@type":"WebPage","@id":"https:\/\/targusecuiesc.eu\/ro\/2023\/08\/01\/festivalul-baloanelor-cu-aer-cald-2023\/","url":"https:\/\/targusecuiesc.eu\/ro\/2023\/08\/01\/festivalul-baloanelor-cu-aer-cald-2023\/","name":"H\u0151l\u00e9gballon Fesztiv\u00e1l 2023 - K\u00e9zdiv\u00e1s\u00e1rhelyen","isPartOf":{"@id":"https:\/\/targusecuiesc.eu\/#website"},"primaryImageOfPage":{"@id":"https:\/\/targusecuiesc.eu\/ro\/2023\/08\/01\/festivalul-baloanelor-cu-aer-cald-2023\/#primaryimage"},"image":{"@id":"https:\/\/targusecuiesc.eu\/ro\/2023\/08\/01\/festivalul-baloanelor-cu-aer-cald-2023\/#primaryimage"},"thumbnailUrl":"https:\/\/targusecuiesc.eu\/wp-content\/uploads\/2023\/08\/309387540_996610905073906_5290339763055428167_n.jpg","datePublished":"2023-08-01T17:30:32+00:00","dateModified":"2023-09-12T07:33:42+00:00","description":"A h\u0151l\u00e9gballonfesztiv\u00e1l szeptember 15-17. k\u00f6z\u00f6tt ker\u00fcl megrendez\u00e9sre K\u00e9zdiv\u00e1s\u00e1rhelyen, \u00e9s izgalmas esem\u00e9ny a r\u00e9sztvev\u0151k sz\u00e1m\u00e1ra.","breadcrumb":{"@id":"https:\/\/targusecuiesc.eu\/ro\/2023\/08\/01\/festivalul-baloanelor-cu-aer-cald-2023\/#breadcrumb"},"inLanguage":"hu","potentialAction":[{"@type":"ReadAction","target":["https:\/\/targusecuiesc.eu\/ro\/2023\/08\/01\/festivalul-baloanelor-cu-aer-cald-2023\/"]}]},{"@type":"ImageObject","inLanguage":"hu","@id":"https:\/\/targusecuiesc.eu\/ro\/2023\/08\/01\/festivalul-baloanelor-cu-aer-cald-2023\/#primaryimage","url":"https:\/\/targusecuiesc.eu\/wp-content\/uploads\/2023\/08\/309387540_996610905073906_5290339763055428167_n.jpg","contentUrl":"https:\/\/targusecuiesc.eu\/wp-content\/uploads\/2023\/08\/309387540_996610905073906_5290339763055428167_n.jpg","width":1024,"height":678,"caption":"Festivalul baloanelor cu aer cald 2023 |Targu Secuiesc"},{"@type":"BreadcrumbList","@id":"https:\/\/targusecuiesc.eu\/ro\/2023\/08\/01\/festivalul-baloanelor-cu-aer-cald-2023\/#breadcrumb","itemListElement":[{"@type":"ListItem","position":1,"name":"Prima pagin\u0103","item":"https:\/\/targusecuiesc.eu\/"},{"@type":"ListItem","position":2,"name":"Festivalul baloanelor cu aer cald 2023"}]},{"@type":"WebSite","@id":"https:\/\/targusecuiesc.eu\/#website","url":"https:\/\/targusecuiesc.eu\/","name":"Sz\u00e1ll\u00e1s K\u00e9zdiv\u00e1s\u00e1rhelyen","description":"Megfelel\u0151 sz\u00e1ll\u00e1st keres K\u00e9zdiv\u00e1s\u00e1rhelyen?","publisher":{"@id":"https:\/\/targusecuiesc.eu\/#organization"},"alternateName":"Te afli in cautarea unui loc potrivit de cazare in Targu Secuiesc?","potentialAction":[{"@type":"SearchAction","target":{"@type":"EntryPoint","urlTemplate":"https:\/\/targusecuiesc.eu\/?s={search_term_string}"},"query-input":{"@type":"PropertyValueSpecification","valueRequired":true,"valueName":"search_term_string"}}],"inLanguage":"hu"},{"@type":"Organization","@id":"https:\/\/targusecuiesc.eu\/#organization","name":"Sz\u00e1ll\u00e1s K\u00e9zdiv\u00e1s\u00e1rhelyen","alternateName":"Te afli in cautarea unui loc potrivit de cazare in Targu Secuiesc?","url":"https:\/\/targusecuiesc.eu\/","logo":{"@type":"ImageObject","inLanguage":"hu","@id":"https:\/\/targusecuiesc.eu\/#\/schema\/logo\/image\/","url":"https:\/\/targusecuiesc.eu\/wp-content\/uploads\/2022\/05\/cropped-targu-secuiesc-1-e1653031917947.png","contentUrl":"https:\/\/targusecuiesc.eu\/wp-content\/uploads\/2022\/05\/cropped-targu-secuiesc-1-e1653031917947.png","width":512,"height":512,"caption":"Cazare \u00een T\u00e2rgu Secueisc"},"image":{"@id":"https:\/\/targusecuiesc.eu\/#\/schema\/logo\/image\/"}},{"@type":"Person","@id":"https:\/\/targusecuiesc.eu\/#\/schema\/person\/3e8e0dc36a7b432328a4fa3a70aa5de3","name":"Levente","image":{"@type":"ImageObject","inLanguage":"hu","@id":"https:\/\/secure.gravatar.com\/avatar\/a800d69db893890d57b88525e6aba9502659e29fa5a7ce96c5354202678a9227?s=96&d=mm&r=g","url":"https:\/\/secure.gravatar.com\/avatar\/a800d69db893890d57b88525e6aba9502659e29fa5a7ce96c5354202678a9227?s=96&d=mm&r=g","contentUrl":"https:\/\/secure.gravatar.com\/avatar\/a800d69db893890d57b88525e6aba9502659e29fa5a7ce96c5354202678a9227?s=96&d=mm&r=g","caption":"Levente"},"sameAs":["https:\/\/targusecuiesc.eu"],"url":"https:\/\/targusecuiesc.eu\/hu\/author\/admin\/"}]}},"_links":{"self":[{"href":"https:\/\/targusecuiesc.eu\/hu\/wp-json\/wp\/v2\/posts\/7211","targetHints":{"allow":["GET"]}}],"collection":[{"href":"https:\/\/targusecuiesc.eu\/hu\/wp-json\/wp\/v2\/posts"}],"about":[{"href":"https:\/\/targusecuiesc.eu\/hu\/wp-json\/wp\/v2\/types\/post"}],"author":[{"embeddable":true,"href":"https:\/\/targusecuiesc.eu\/hu\/wp-json\/wp\/v2\/users\/1"}],"replies":[{"embeddable":true,"href":"https:\/\/targusecuiesc.eu\/hu\/wp-json\/wp\/v2\/comments?post=7211"}],"version-history":[{"count":0,"href":"https:\/\/targusecuiesc.eu\/hu\/wp-json\/wp\/v2\/posts\/7211\/revisions"}],"wp:featuredmedia":[{"embeddable":true,"href":"https:\/\/targusecuiesc.eu\/hu\/wp-json\/wp\/v2\/media\/7329"}],"wp:attachment":[{"href":"https:\/\/targusecuiesc.eu\/hu\/wp-json\/wp\/v2\/media?parent=7211"}],"wp:term":[{"taxonomy":"category","embeddable":true,"href":"https:\/\/targusecuiesc.eu\/hu\/wp-json\/wp\/v2\/categories?post=7211"},{"taxonomy":"post_tag","embeddable":true,"href":"https:\/\/targusecuiesc.eu\/hu\/wp-json\/wp\/v2\/tags?post=7211"}],"curies":[{"name":"wp","href":"https:\/\/api.w.org\/{rel}","templated":true}]}}