{"id":4726,"date":"2023-02-03T21:47:26","date_gmt":"2023-02-03T19:47:26","guid":{"rendered":"https:\/\/targusecuiesc.eu\/?p=4726"},"modified":"2023-02-03T21:58:40","modified_gmt":"2023-02-03T19:58:40","slug":"targu-secuiesc-postcode","status":"publish","type":"post","link":"https:\/\/targusecuiesc.eu\/hu\/2023\/02\/03\/codul-postal-al-orasului-targu-secuiesc\/","title":{"rendered":"<strong>Ir\u00e1ny\u00edt\u00f3sz\u00e1m<\/strong>\u00a0a v\u00e1ros\u00a0<strong>, K\u00e9zdiv\u00e1s\u00e1rhely<\/strong>"},"content":{"rendered":"<div data-elementor-type=\"wp-post\" data-elementor-id=\"4726\" class=\"elementor elementor-4726\" data-elementor-post-type=\"post\">\n\t\t\t\t\t\t<section class=\"elementor-section elementor-top-section elementor-element elementor-element-41d23ea elementor-section-boxed elementor-section-height-default elementor-section-height-default\" data-id=\"41d23ea\" data-element_type=\"section\" data-e-type=\"section\">\n\t\t\t\t\t\t<div class=\"elementor-container elementor-column-gap-default\">\n\t\t\t\t\t<div class=\"elementor-column elementor-col-100 elementor-top-column elementor-element elementor-element-2baa9d0\" data-id=\"2baa9d0\" data-element_type=\"column\" data-e-type=\"column\">\n\t\t\t<div class=\"elementor-widget-wrap elementor-element-populated\">\n\t\t\t\t\t\t<div class=\"elementor-element elementor-element-6f7b8e7 elementor-widget elementor-widget-image\" data-id=\"6f7b8e7\" data-element_type=\"widget\" data-e-type=\"widget\" data-widget_type=\"image.default\">\n\t\t\t\t\t\t\t\t\t\t\t\t\t\t\t<img fetchpriority=\"high\" decoding=\"async\" width=\"1024\" height=\"538\" src=\"https:\/\/targusecuiesc.eu\/wp-content\/uploads\/2023\/02\/cod-postal-targu-secuiesc-1024x538.webp\" class=\"attachment-large size-large wp-image-4751\" alt=\"ir\u00e1ny\u00edt\u00f3sz\u00e1m targu secuiesc\" srcset=\"https:\/\/targusecuiesc.eu\/wp-content\/uploads\/2023\/02\/cod-postal-targu-secuiesc-scaled.webp 1024w, https:\/\/targusecuiesc.eu\/wp-content\/uploads\/2023\/02\/cod-postal-targu-secuiesc-300x158.webp 300w, https:\/\/targusecuiesc.eu\/wp-content\/uploads\/2023\/02\/cod-postal-targu-secuiesc-768x403.webp 768w, https:\/\/targusecuiesc.eu\/wp-content\/uploads\/2023\/02\/cod-postal-targu-secuiesc-1536x806.webp 1536w, https:\/\/targusecuiesc.eu\/wp-content\/uploads\/2023\/02\/cod-postal-targu-secuiesc-2048x1075.webp 2048w, https:\/\/targusecuiesc.eu\/wp-content\/uploads\/2023\/02\/cod-postal-targu-secuiesc-18x9.webp 18w\" sizes=\"(max-width: 1024px) 100vw, 1024px\" \/>\t\t\t\t\t\t\t\t\t\t\t\t\t\t\t<\/div>\n\t\t\t\t<div class=\"elementor-element elementor-element-1f20853 elementor-widget elementor-widget-text-editor\" data-id=\"1f20853\" data-element_type=\"widget\" data-e-type=\"widget\" data-widget_type=\"text-editor.default\">\n\t\t\t\t\t\t\t\t\t<h1>525400<\/h1>\t\t\t\t\t\t\t\t<\/div>\n\t\t\t\t\t<\/div>\n\t\t<\/div>\n\t\t\t\t\t<\/div>\n\t\t<\/section>\n\t\t\t\t<section class=\"elementor-section elementor-top-section elementor-element elementor-element-5d859ed elementor-section-boxed elementor-section-height-default elementor-section-height-default\" data-id=\"5d859ed\" data-element_type=\"section\" data-e-type=\"section\">\n\t\t\t\t\t\t<div class=\"elementor-container elementor-column-gap-default\">\n\t\t\t\t\t<div class=\"elementor-column elementor-col-100 elementor-top-column elementor-element elementor-element-eb1ba71\" data-id=\"eb1ba71\" data-element_type=\"column\" data-e-type=\"column\">\n\t\t\t<div class=\"elementor-widget-wrap elementor-element-populated\">\n\t\t\t\t\t\t<div class=\"elementor-element elementor-element-e965725 elementor-widget elementor-widget-text-editor\" data-id=\"e965725\" data-element_type=\"widget\" data-e-type=\"widget\" data-widget_type=\"text-editor.default\">\n\t\t\t\t\t\t\t\t\t<p data-pm-slice=\"1 1 []\">V\u00e1ros <a href=\"https:\/\/targusecuiesc.eu\/hu\/\">, K\u00e9zdiv\u00e1s\u00e1rhely<\/a> Kov\u00e1szna megy\u00e9ben egyedi ir\u00e1ny\u00edt\u00f3sz\u00e1mmal rendelkezik, ami megk\u00f6nny\u00edti a postai k\u00fcldem\u00e9nyek k\u00e9zbes\u00edt\u00e9s\u00e9t \u00e9s a csomagk\u00fcld\u00e9st. Ebben a cikkben bemutatjuk Targu Secuiesc postai ir\u00e1ny\u00edt\u00f3sz\u00e1m\u00e1t \u00e9s annak adminisztrat\u00edv c\u00e9lokon k\u00edv\u00fcli felhaszn\u00e1l\u00e1s\u00e1t, mint p\u00e9ld\u00e1ul az online v\u00e1s\u00e1rl\u00e1s, rekl\u00e1m vagy marketing.<\/p><h2>Bevezet\u00e9s<\/h2><p>Targu Secuiesc r\u00f6vid le\u00edr\u00e1sa: A Hargita megye \u00e9szaknyugati r\u00e9sz\u00e9n tal\u00e1lhat\u00f3 Targu Secuiesc fontos gazdas\u00e1gi \u00e9s kultur\u00e1lis k\u00f6zpont. Tekintettel a v\u00e1ros kis m\u00e9ret\u00e9re \u00e9s a korl\u00e1tozott n\u00e9ps\u0171r\u0171s\u00e9gre, Targu Secuiesc egyetlen ir\u00e1ny\u00edt\u00f3sz\u00e1mot kapott, ami megk\u00f6nny\u00edti a postai k\u00e9zbes\u00edt\u00e9st \u00e9s a csomagk\u00fcld\u00e9st.<\/p><h2>Targu Secuiesc ir\u00e1ny\u00edt\u00f3sz\u00e1ma<\/h2><p>Targu Secuiesc bemutat\u00e1sa ir\u00e1ny\u00edt\u00f3sz\u00e1m: 525400. Ez a k\u00f3d a v\u00e1ros lakosainak c\u00edmzett levelek \u00e9s csomagok azonos\u00edt\u00e1s\u00e1ra \u00e9s c\u00edmz\u00e9s\u00e9re haszn\u00e1lhat\u00f3. A k\u00f3d a t\u00e9rk\u00e9pen a hely azonos\u00edt\u00e1s\u00e1ra is haszn\u00e1lhat\u00f3.<\/p><p>A Targu Secuiesc-i ir\u00e1ny\u00edt\u00f3sz\u00e1mok haszn\u00e1lat\u00e1nak p\u00e9ld\u00e1i lehetnek a postai c\u00edmek, az online v\u00e1s\u00e1rl\u00e1s vagy a k\u00e9zbes\u00edt\u00e9s egy\u00e9b form\u00e1i.<\/p><h2>V\u00e1rosi ir\u00e1ny\u00edt\u00f3sz\u00e1m k\u00f6zm\u0171vek <a href=\"https:\/\/targusecuiesc.eu\/hu\/\">, K\u00e9zdiv\u00e1s\u00e1rhely<\/a><\/h2><p>Magyar\u00e1zat arra, hogy a targu secuiesci ir\u00e1ny\u00edt\u00f3sz\u00e1m hogyan haszn\u00e1lhat\u00f3 adminisztrat\u00edv c\u00e9lokra: a targu secuiesci ir\u00e1ny\u00edt\u00f3sz\u00e1mot olyan adminisztrat\u00edv dokumentumokban lehet haszn\u00e1lni, mint a postai nyomtatv\u00e1nyok, ad\u00f3k vagy hivatalos dokumentumok.<\/p><p>A k\u00f6zigazgat\u00e1si c\u00e9l\u00fa felhaszn\u00e1l\u00e1son k\u00edv\u00fcl Targu Secuiesc ir\u00e1ny\u00edt\u00f3sz\u00e1ma felhaszn\u00e1lhat\u00f3 online v\u00e1s\u00e1rl\u00e1sra, rekl\u00e1moz\u00e1sra vagy marketingre is. Emellett ez az ir\u00e1ny\u00edt\u00f3sz\u00e1m haszn\u00e1lhat\u00f3 a Hargita megyei telep\u00fcl\u00e9sek azonos\u00edt\u00e1s\u00e1ra is a t\u00e9rk\u00e9pen.<\/p><p>A Targu Secuiesc ir\u00e1ny\u00edt\u00f3sz\u00e1m\u00e1r\u00f3l sz\u00f3l\u00f3 blog inform\u00e1ci\u00f3inak \u00f6sszefoglal\u00e1sa: Targu Secuiesc v\u00e1ros\u00e1hoz egyetlen ir\u00e1ny\u00edt\u00f3sz\u00e1m tartozik: 525400. Ezt az ir\u00e1ny\u00edt\u00f3sz\u00e1mot a v\u00e1ros lakosainak c\u00edmzett levelek vagy csomagok azonos\u00edt\u00e1s\u00e1ra \u00e9s c\u00edmz\u00e9s\u00e9re, valamint adminisztrat\u00edv c\u00e9lokra lehet haszn\u00e1lni.<\/p><p>Szeretn\u00e9nk arra \u00f6szt\u00f6n\u00f6zni az olvas\u00f3kat, hogy fedezzenek fel t\u00f6bb inform\u00e1ci\u00f3t a Targu Secuiesc ir\u00e1ny\u00edt\u00f3sz\u00e1mr\u00f3l \u00e9s annak haszn\u00e1lat\u00e1r\u00f3l.<\/p>\t\t\t\t\t\t\t\t<\/div>\n\t\t\t\t\t<\/div>\n\t\t<\/div>\n\t\t\t\t\t<\/div>\n\t\t<\/section>\n\t\t\t\t<\/div>","protected":false},"excerpt":{"rendered":"<p>525400 Orasul Targu Secuiesc din judetul Covasna are alocat un singur cod postal, care faciliteaza procesul de livrare a corespondentei si expedierea coletelor. In acest articol vom prezenta codul postal al orasului Targu Secuiesc si utilizarile sale in afara scopurilor administrative precum cumparaturi online, publicitate sau marketing. Introducere Scurta descriere a orasului Targu Secuiesc: Localizat [&hellip;]<\/p>\n","protected":false},"author":1,"featured_media":4751,"comment_status":"open","ping_status":"open","sticky":false,"template":"","format":"standard","meta":{"ocean_post_layout":"","ocean_both_sidebars_style":"","ocean_both_sidebars_content_width":0,"ocean_both_sidebars_sidebars_width":0,"ocean_sidebar":"","ocean_second_sidebar":"","ocean_disable_margins":"enable","ocean_add_body_class":"","ocean_shortcode_before_top_bar":"","ocean_shortcode_after_top_bar":"","ocean_shortcode_before_header":"","ocean_shortcode_after_header":"","ocean_has_shortcode":"","ocean_shortcode_after_title":"","ocean_shortcode_before_footer_widgets":"","ocean_shortcode_after_footer_widgets":"","ocean_shortcode_before_footer_bottom":"","ocean_shortcode_after_footer_bottom":"","ocean_display_top_bar":"default","ocean_display_header":"default","ocean_header_style":"","ocean_center_header_left_menu":"","ocean_custom_header_template":"","ocean_custom_logo":0,"ocean_custom_retina_logo":0,"ocean_custom_logo_max_width":0,"ocean_custom_logo_tablet_max_width":0,"ocean_custom_logo_mobile_max_width":0,"ocean_custom_logo_max_height":0,"ocean_custom_logo_tablet_max_height":0,"ocean_custom_logo_mobile_max_height":0,"ocean_header_custom_menu":"","ocean_menu_typo_font_family":"","ocean_menu_typo_font_subset":"","ocean_menu_typo_font_size":0,"ocean_menu_typo_font_size_tablet":0,"ocean_menu_typo_font_size_mobile":0,"ocean_menu_typo_font_size_unit":"px","ocean_menu_typo_font_weight":"","ocean_menu_typo_font_weight_tablet":"","ocean_menu_typo_font_weight_mobile":"","ocean_menu_typo_transform":"","ocean_menu_typo_transform_tablet":"","ocean_menu_typo_transform_mobile":"","ocean_menu_typo_line_height":0,"ocean_menu_typo_line_height_tablet":0,"ocean_menu_typo_line_height_mobile":0,"ocean_menu_typo_line_height_unit":"","ocean_menu_typo_spacing":0,"ocean_menu_typo_spacing_tablet":0,"ocean_menu_typo_spacing_mobile":0,"ocean_menu_typo_spacing_unit":"","ocean_menu_link_color":"","ocean_menu_link_color_hover":"","ocean_menu_link_color_active":"","ocean_menu_link_background":"","ocean_menu_link_hover_background":"","ocean_menu_link_active_background":"","ocean_menu_social_links_bg":"","ocean_menu_social_hover_links_bg":"","ocean_menu_social_links_color":"","ocean_menu_social_hover_links_color":"","ocean_disable_title":"default","ocean_disable_heading":"default","ocean_post_title":"","ocean_post_subheading":"","ocean_post_title_style":"","ocean_post_title_background_color":"","ocean_post_title_background":0,"ocean_post_title_bg_image_position":"","ocean_post_title_bg_image_attachment":"","ocean_post_title_bg_image_repeat":"","ocean_post_title_bg_image_size":"","ocean_post_title_height":0,"ocean_post_title_bg_overlay":0.5,"ocean_post_title_bg_overlay_color":"","ocean_disable_breadcrumbs":"default","ocean_breadcrumbs_color":"","ocean_breadcrumbs_separator_color":"","ocean_breadcrumbs_links_color":"","ocean_breadcrumbs_links_hover_color":"","ocean_display_footer_widgets":"default","ocean_display_footer_bottom":"default","ocean_custom_footer_template":"","_joinchat":[],"ocean_post_oembed":"","ocean_post_self_hosted_media":"","ocean_post_video_embed":"","ocean_link_format":"","ocean_link_format_target":"self","ocean_quote_format":"","ocean_quote_format_link":"post","ocean_gallery_link_images":"on","ocean_gallery_id":[],"footnotes":""},"categories":[1],"tags":[],"class_list":["post-4726","post","type-post","status-publish","format-standard","has-post-thumbnail","hentry","category-uncategorized","entry","has-media"],"yoast_head":"<!-- This site is optimized with the Yoast SEO plugin v27.3 - https:\/\/yoast.com\/product\/yoast-seo-wordpress\/ -->\n<title>Codul postal\u00a0al orasului\u00a0Targu Secuiesc<\/title>\n<meta name=\"description\" content=\"Orasul Targu Secuiesc are alocat un singur cod postal: 525400\" \/>\n<meta name=\"robots\" content=\"index, follow, max-snippet:-1, max-image-preview:large, max-video-preview:-1\" \/>\n<link rel=\"canonical\" href=\"https:\/\/targusecuiesc.eu\/hu\/2023\/02\/03\/targu-secuiesc-postcode\/\" \/>\n<meta property=\"og:locale\" content=\"hu_HU\" \/>\n<meta property=\"og:type\" content=\"article\" \/>\n<meta property=\"og:title\" content=\"Codul postal\u00a0al orasului\u00a0Targu Secuiesc\" \/>\n<meta property=\"og:description\" content=\"Orasul Targu Secuiesc are alocat un singur cod postal: 525400\" \/>\n<meta property=\"og:url\" content=\"https:\/\/targusecuiesc.eu\/hu\/2023\/02\/03\/targu-secuiesc-postcode\/\" \/>\n<meta property=\"og:site_name\" content=\"Cazare \u00een T\u00e2rgu Secueisc\" \/>\n<meta property=\"article:published_time\" content=\"2023-02-03T19:47:26+00:00\" \/>\n<meta property=\"article:modified_time\" content=\"2023-02-03T19:58:40+00:00\" \/>\n<meta property=\"og:image\" content=\"https:\/\/targusecuiesc.eu\/wp-content\/uploads\/2023\/02\/cod-postal-targu-secuiesc-scaled.webp\" \/>\n\t<meta property=\"og:image:width\" content=\"1024\" \/>\n\t<meta property=\"og:image:height\" content=\"538\" \/>\n\t<meta property=\"og:image:type\" content=\"image\/webp\" \/>\n<meta name=\"author\" content=\"Levente\" \/>\n<meta name=\"twitter:card\" content=\"summary_large_image\" \/>\n<meta name=\"twitter:label1\" content=\"Szerz\u0151:\" \/>\n\t<meta name=\"twitter:data1\" content=\"Levente\" \/>\n\t<meta name=\"twitter:label2\" content=\"Becs\u00fclt olvas\u00e1si id\u0151\" \/>\n\t<meta name=\"twitter:data2\" content=\"2 perc\" \/>\n<script type=\"application\/ld+json\" class=\"yoast-schema-graph\">{\"@context\":\"https:\\\/\\\/schema.org\",\"@graph\":[{\"@type\":\"Article\",\"@id\":\"https:\\\/\\\/targusecuiesc.eu\\\/2023\\\/02\\\/03\\\/codul-postal-al-orasului-targu-secuiesc\\\/#article\",\"isPartOf\":{\"@id\":\"https:\\\/\\\/targusecuiesc.eu\\\/2023\\\/02\\\/03\\\/codul-postal-al-orasului-targu-secuiesc\\\/\"},\"author\":{\"name\":\"Levente\",\"@id\":\"https:\\\/\\\/targusecuiesc.eu\\\/#\\\/schema\\\/person\\\/3e8e0dc36a7b432328a4fa3a70aa5de3\"},\"headline\":\"Codul postal\u00a0al orasului\u00a0Targu Secuiesc\",\"datePublished\":\"2023-02-03T19:47:26+00:00\",\"dateModified\":\"2023-02-03T19:58:40+00:00\",\"mainEntityOfPage\":{\"@id\":\"https:\\\/\\\/targusecuiesc.eu\\\/2023\\\/02\\\/03\\\/codul-postal-al-orasului-targu-secuiesc\\\/\"},\"wordCount\":317,\"commentCount\":0,\"publisher\":{\"@id\":\"https:\\\/\\\/targusecuiesc.eu\\\/#organization\"},\"image\":{\"@id\":\"https:\\\/\\\/targusecuiesc.eu\\\/2023\\\/02\\\/03\\\/codul-postal-al-orasului-targu-secuiesc\\\/#primaryimage\"},\"thumbnailUrl\":\"https:\\\/\\\/targusecuiesc.eu\\\/wp-content\\\/uploads\\\/2023\\\/02\\\/cod-postal-targu-secuiesc-scaled.webp\",\"articleSection\":[\"Uncategorized\"],\"inLanguage\":\"hu\",\"potentialAction\":[{\"@type\":\"CommentAction\",\"name\":\"Comment\",\"target\":[\"https:\\\/\\\/targusecuiesc.eu\\\/2023\\\/02\\\/03\\\/codul-postal-al-orasului-targu-secuiesc\\\/#respond\"]}]},{\"@type\":\"WebPage\",\"@id\":\"https:\\\/\\\/targusecuiesc.eu\\\/2023\\\/02\\\/03\\\/codul-postal-al-orasului-targu-secuiesc\\\/\",\"url\":\"https:\\\/\\\/targusecuiesc.eu\\\/2023\\\/02\\\/03\\\/codul-postal-al-orasului-targu-secuiesc\\\/\",\"name\":\"Codul postal\u00a0al orasului\u00a0Targu Secuiesc\",\"isPartOf\":{\"@id\":\"https:\\\/\\\/targusecuiesc.eu\\\/#website\"},\"primaryImageOfPage\":{\"@id\":\"https:\\\/\\\/targusecuiesc.eu\\\/2023\\\/02\\\/03\\\/codul-postal-al-orasului-targu-secuiesc\\\/#primaryimage\"},\"image\":{\"@id\":\"https:\\\/\\\/targusecuiesc.eu\\\/2023\\\/02\\\/03\\\/codul-postal-al-orasului-targu-secuiesc\\\/#primaryimage\"},\"thumbnailUrl\":\"https:\\\/\\\/targusecuiesc.eu\\\/wp-content\\\/uploads\\\/2023\\\/02\\\/cod-postal-targu-secuiesc-scaled.webp\",\"datePublished\":\"2023-02-03T19:47:26+00:00\",\"dateModified\":\"2023-02-03T19:58:40+00:00\",\"description\":\"Orasul Targu Secuiesc are alocat un singur cod postal: 525400\",\"breadcrumb\":{\"@id\":\"https:\\\/\\\/targusecuiesc.eu\\\/2023\\\/02\\\/03\\\/codul-postal-al-orasului-targu-secuiesc\\\/#breadcrumb\"},\"inLanguage\":\"hu\",\"potentialAction\":[{\"@type\":\"ReadAction\",\"target\":[\"https:\\\/\\\/targusecuiesc.eu\\\/2023\\\/02\\\/03\\\/codul-postal-al-orasului-targu-secuiesc\\\/\"]}]},{\"@type\":\"ImageObject\",\"inLanguage\":\"hu\",\"@id\":\"https:\\\/\\\/targusecuiesc.eu\\\/2023\\\/02\\\/03\\\/codul-postal-al-orasului-targu-secuiesc\\\/#primaryimage\",\"url\":\"https:\\\/\\\/targusecuiesc.eu\\\/wp-content\\\/uploads\\\/2023\\\/02\\\/cod-postal-targu-secuiesc-scaled.webp\",\"contentUrl\":\"https:\\\/\\\/targusecuiesc.eu\\\/wp-content\\\/uploads\\\/2023\\\/02\\\/cod-postal-targu-secuiesc-scaled.webp\",\"width\":1024,\"height\":538,\"caption\":\"cod postal targu secuiesc\"},{\"@type\":\"BreadcrumbList\",\"@id\":\"https:\\\/\\\/targusecuiesc.eu\\\/2023\\\/02\\\/03\\\/codul-postal-al-orasului-targu-secuiesc\\\/#breadcrumb\",\"itemListElement\":[{\"@type\":\"ListItem\",\"position\":1,\"name\":\"Prima pagin\u0103\",\"item\":\"https:\\\/\\\/targusecuiesc.eu\\\/\"},{\"@type\":\"ListItem\",\"position\":2,\"name\":\"Codul postal\u00a0al orasului\u00a0Targu Secuiesc\"}]},{\"@type\":\"WebSite\",\"@id\":\"https:\\\/\\\/targusecuiesc.eu\\\/#website\",\"url\":\"https:\\\/\\\/targusecuiesc.eu\\\/\",\"name\":\"Cazare \u00een T\u00e2rgu Secueisc\",\"description\":\"Te afli \u00een c\u0103utarea unui loc potrivit de cazare \u00een T\u00e2rgu Secuiesc?\",\"publisher\":{\"@id\":\"https:\\\/\\\/targusecuiesc.eu\\\/#organization\"},\"alternateName\":\"Te afli in cautarea unui loc potrivit de cazare in Targu Secuiesc?\",\"potentialAction\":[{\"@type\":\"SearchAction\",\"target\":{\"@type\":\"EntryPoint\",\"urlTemplate\":\"https:\\\/\\\/targusecuiesc.eu\\\/?s={search_term_string}\"},\"query-input\":{\"@type\":\"PropertyValueSpecification\",\"valueRequired\":true,\"valueName\":\"search_term_string\"}}],\"inLanguage\":\"hu\"},{\"@type\":\"Organization\",\"@id\":\"https:\\\/\\\/targusecuiesc.eu\\\/#organization\",\"name\":\"Cazare \u00een T\u00e2rgu Secueisc\",\"alternateName\":\"Te afli in cautarea unui loc potrivit de cazare in Targu Secuiesc?\",\"url\":\"https:\\\/\\\/targusecuiesc.eu\\\/\",\"logo\":{\"@type\":\"ImageObject\",\"inLanguage\":\"hu\",\"@id\":\"https:\\\/\\\/targusecuiesc.eu\\\/#\\\/schema\\\/logo\\\/image\\\/\",\"url\":\"https:\\\/\\\/targusecuiesc.eu\\\/wp-content\\\/uploads\\\/2022\\\/05\\\/cropped-targu-secuiesc-1-e1653031917947.png\",\"contentUrl\":\"https:\\\/\\\/targusecuiesc.eu\\\/wp-content\\\/uploads\\\/2022\\\/05\\\/cropped-targu-secuiesc-1-e1653031917947.png\",\"width\":512,\"height\":512,\"caption\":\"Cazare \u00een T\u00e2rgu Secueisc\"},\"image\":{\"@id\":\"https:\\\/\\\/targusecuiesc.eu\\\/#\\\/schema\\\/logo\\\/image\\\/\"}},{\"@type\":\"Person\",\"@id\":\"https:\\\/\\\/targusecuiesc.eu\\\/#\\\/schema\\\/person\\\/3e8e0dc36a7b432328a4fa3a70aa5de3\",\"name\":\"Levente\",\"image\":{\"@type\":\"ImageObject\",\"inLanguage\":\"hu\",\"@id\":\"https:\\\/\\\/secure.gravatar.com\\\/avatar\\\/a800d69db893890d57b88525e6aba9502659e29fa5a7ce96c5354202678a9227?s=96&d=mm&r=g\",\"url\":\"https:\\\/\\\/secure.gravatar.com\\\/avatar\\\/a800d69db893890d57b88525e6aba9502659e29fa5a7ce96c5354202678a9227?s=96&d=mm&r=g\",\"contentUrl\":\"https:\\\/\\\/secure.gravatar.com\\\/avatar\\\/a800d69db893890d57b88525e6aba9502659e29fa5a7ce96c5354202678a9227?s=96&d=mm&r=g\",\"caption\":\"Levente\"},\"sameAs\":[\"https:\\\/\\\/targusecuiesc.eu\"],\"url\":\"https:\\\/\\\/targusecuiesc.eu\\\/hu\\\/author\\\/admin\\\/\"}]}<\/script>\n<!-- \/ Yoast SEO plugin. -->","yoast_head_json":{"title":"Targu Secuiesc ir\u00e1ny\u00edt\u00f3sz\u00e1ma","description":"Targu Secuiescnek csak egy ir\u00e1ny\u00edt\u00f3sz\u00e1ma van: 525400.","robots":{"index":"index","follow":"follow","max-snippet":"max-snippet:-1","max-image-preview":"max-image-preview:large","max-video-preview":"max-video-preview:-1"},"canonical":"https:\/\/targusecuiesc.eu\/hu\/2023\/02\/03\/targu-secuiesc-postcode\/","og_locale":"hu_HU","og_type":"article","og_title":"Codul postal\u00a0al orasului\u00a0Targu Secuiesc","og_description":"Orasul Targu Secuiesc are alocat un singur cod postal: 525400","og_url":"https:\/\/targusecuiesc.eu\/hu\/2023\/02\/03\/targu-secuiesc-postcode\/","og_site_name":"Cazare \u00een T\u00e2rgu Secueisc","article_published_time":"2023-02-03T19:47:26+00:00","article_modified_time":"2023-02-03T19:58:40+00:00","og_image":[{"width":1024,"height":538,"url":"https:\/\/targusecuiesc.eu\/wp-content\/uploads\/2023\/02\/cod-postal-targu-secuiesc-scaled.webp","type":"image\/webp"}],"author":"Levente","twitter_card":"summary_large_image","twitter_misc":{"Szerz\u0151:":"Levente","Becs\u00fclt olvas\u00e1si id\u0151":"2 perc"},"schema":{"@context":"https:\/\/schema.org","@graph":[{"@type":"Article","@id":"https:\/\/targusecuiesc.eu\/2023\/02\/03\/codul-postal-al-orasului-targu-secuiesc\/#article","isPartOf":{"@id":"https:\/\/targusecuiesc.eu\/2023\/02\/03\/codul-postal-al-orasului-targu-secuiesc\/"},"author":{"name":"Levente","@id":"https:\/\/targusecuiesc.eu\/#\/schema\/person\/3e8e0dc36a7b432328a4fa3a70aa5de3"},"headline":"Codul postal\u00a0al orasului\u00a0Targu Secuiesc","datePublished":"2023-02-03T19:47:26+00:00","dateModified":"2023-02-03T19:58:40+00:00","mainEntityOfPage":{"@id":"https:\/\/targusecuiesc.eu\/2023\/02\/03\/codul-postal-al-orasului-targu-secuiesc\/"},"wordCount":317,"commentCount":0,"publisher":{"@id":"https:\/\/targusecuiesc.eu\/#organization"},"image":{"@id":"https:\/\/targusecuiesc.eu\/2023\/02\/03\/codul-postal-al-orasului-targu-secuiesc\/#primaryimage"},"thumbnailUrl":"https:\/\/targusecuiesc.eu\/wp-content\/uploads\/2023\/02\/cod-postal-targu-secuiesc-scaled.webp","articleSection":["Uncategorized"],"inLanguage":"hu","potentialAction":[{"@type":"CommentAction","name":"Comment","target":["https:\/\/targusecuiesc.eu\/2023\/02\/03\/codul-postal-al-orasului-targu-secuiesc\/#respond"]}]},{"@type":"WebPage","@id":"https:\/\/targusecuiesc.eu\/2023\/02\/03\/codul-postal-al-orasului-targu-secuiesc\/","url":"https:\/\/targusecuiesc.eu\/2023\/02\/03\/codul-postal-al-orasului-targu-secuiesc\/","name":"Targu Secuiesc ir\u00e1ny\u00edt\u00f3sz\u00e1ma","isPartOf":{"@id":"https:\/\/targusecuiesc.eu\/#website"},"primaryImageOfPage":{"@id":"https:\/\/targusecuiesc.eu\/2023\/02\/03\/codul-postal-al-orasului-targu-secuiesc\/#primaryimage"},"image":{"@id":"https:\/\/targusecuiesc.eu\/2023\/02\/03\/codul-postal-al-orasului-targu-secuiesc\/#primaryimage"},"thumbnailUrl":"https:\/\/targusecuiesc.eu\/wp-content\/uploads\/2023\/02\/cod-postal-targu-secuiesc-scaled.webp","datePublished":"2023-02-03T19:47:26+00:00","dateModified":"2023-02-03T19:58:40+00:00","description":"Targu Secuiescnek csak egy ir\u00e1ny\u00edt\u00f3sz\u00e1ma van: 525400.","breadcrumb":{"@id":"https:\/\/targusecuiesc.eu\/2023\/02\/03\/codul-postal-al-orasului-targu-secuiesc\/#breadcrumb"},"inLanguage":"hu","potentialAction":[{"@type":"ReadAction","target":["https:\/\/targusecuiesc.eu\/2023\/02\/03\/codul-postal-al-orasului-targu-secuiesc\/"]}]},{"@type":"ImageObject","inLanguage":"hu","@id":"https:\/\/targusecuiesc.eu\/2023\/02\/03\/codul-postal-al-orasului-targu-secuiesc\/#primaryimage","url":"https:\/\/targusecuiesc.eu\/wp-content\/uploads\/2023\/02\/cod-postal-targu-secuiesc-scaled.webp","contentUrl":"https:\/\/targusecuiesc.eu\/wp-content\/uploads\/2023\/02\/cod-postal-targu-secuiesc-scaled.webp","width":1024,"height":538,"caption":"cod postal targu secuiesc"},{"@type":"BreadcrumbList","@id":"https:\/\/targusecuiesc.eu\/2023\/02\/03\/codul-postal-al-orasului-targu-secuiesc\/#breadcrumb","itemListElement":[{"@type":"ListItem","position":1,"name":"Prima pagin\u0103","item":"https:\/\/targusecuiesc.eu\/"},{"@type":"ListItem","position":2,"name":"Codul postal\u00a0al orasului\u00a0Targu Secuiesc"}]},{"@type":"WebSite","@id":"https:\/\/targusecuiesc.eu\/#website","url":"https:\/\/targusecuiesc.eu\/","name":"Sz\u00e1ll\u00e1s K\u00e9zdiv\u00e1s\u00e1rhelyen","description":"Megfelel\u0151 sz\u00e1ll\u00e1st keres K\u00e9zdiv\u00e1s\u00e1rhelyen?","publisher":{"@id":"https:\/\/targusecuiesc.eu\/#organization"},"alternateName":"Te afli in cautarea unui loc potrivit de cazare in Targu Secuiesc?","potentialAction":[{"@type":"SearchAction","target":{"@type":"EntryPoint","urlTemplate":"https:\/\/targusecuiesc.eu\/?s={search_term_string}"},"query-input":{"@type":"PropertyValueSpecification","valueRequired":true,"valueName":"search_term_string"}}],"inLanguage":"hu"},{"@type":"Organization","@id":"https:\/\/targusecuiesc.eu\/#organization","name":"Sz\u00e1ll\u00e1s K\u00e9zdiv\u00e1s\u00e1rhelyen","alternateName":"Te afli in cautarea unui loc potrivit de cazare in Targu Secuiesc?","url":"https:\/\/targusecuiesc.eu\/","logo":{"@type":"ImageObject","inLanguage":"hu","@id":"https:\/\/targusecuiesc.eu\/#\/schema\/logo\/image\/","url":"https:\/\/targusecuiesc.eu\/wp-content\/uploads\/2022\/05\/cropped-targu-secuiesc-1-e1653031917947.png","contentUrl":"https:\/\/targusecuiesc.eu\/wp-content\/uploads\/2022\/05\/cropped-targu-secuiesc-1-e1653031917947.png","width":512,"height":512,"caption":"Cazare \u00een T\u00e2rgu Secueisc"},"image":{"@id":"https:\/\/targusecuiesc.eu\/#\/schema\/logo\/image\/"}},{"@type":"Person","@id":"https:\/\/targusecuiesc.eu\/#\/schema\/person\/3e8e0dc36a7b432328a4fa3a70aa5de3","name":"Levente","image":{"@type":"ImageObject","inLanguage":"hu","@id":"https:\/\/secure.gravatar.com\/avatar\/a800d69db893890d57b88525e6aba9502659e29fa5a7ce96c5354202678a9227?s=96&d=mm&r=g","url":"https:\/\/secure.gravatar.com\/avatar\/a800d69db893890d57b88525e6aba9502659e29fa5a7ce96c5354202678a9227?s=96&d=mm&r=g","contentUrl":"https:\/\/secure.gravatar.com\/avatar\/a800d69db893890d57b88525e6aba9502659e29fa5a7ce96c5354202678a9227?s=96&d=mm&r=g","caption":"Levente"},"sameAs":["https:\/\/targusecuiesc.eu"],"url":"https:\/\/targusecuiesc.eu\/hu\/author\/admin\/"}]}},"_links":{"self":[{"href":"https:\/\/targusecuiesc.eu\/hu\/wp-json\/wp\/v2\/posts\/4726","targetHints":{"allow":["GET"]}}],"collection":[{"href":"https:\/\/targusecuiesc.eu\/hu\/wp-json\/wp\/v2\/posts"}],"about":[{"href":"https:\/\/targusecuiesc.eu\/hu\/wp-json\/wp\/v2\/types\/post"}],"author":[{"embeddable":true,"href":"https:\/\/targusecuiesc.eu\/hu\/wp-json\/wp\/v2\/users\/1"}],"replies":[{"embeddable":true,"href":"https:\/\/targusecuiesc.eu\/hu\/wp-json\/wp\/v2\/comments?post=4726"}],"version-history":[{"count":0,"href":"https:\/\/targusecuiesc.eu\/hu\/wp-json\/wp\/v2\/posts\/4726\/revisions"}],"wp:featuredmedia":[{"embeddable":true,"href":"https:\/\/targusecuiesc.eu\/hu\/wp-json\/wp\/v2\/media\/4751"}],"wp:attachment":[{"href":"https:\/\/targusecuiesc.eu\/hu\/wp-json\/wp\/v2\/media?parent=4726"}],"wp:term":[{"taxonomy":"category","embeddable":true,"href":"https:\/\/targusecuiesc.eu\/hu\/wp-json\/wp\/v2\/categories?post=4726"},{"taxonomy":"post_tag","embeddable":true,"href":"https:\/\/targusecuiesc.eu\/hu\/wp-json\/wp\/v2\/tags?post=4726"}],"curies":[{"name":"wp","href":"https:\/\/api.w.org\/{rel}","templated":true}]}}