{"id":3212,"date":"2022-12-24T21:25:01","date_gmt":"2022-12-24T19:25:01","guid":{"rendered":"https:\/\/targusecuiesc.eu\/?p=3212"},"modified":"2023-12-24T15:56:29","modified_gmt":"2023-12-24T13:56:29","slug":"karacsonyi-boldogsagot","status":"publish","type":"post","link":"https:\/\/targusecuiesc.eu\/hu\/2022\/12\/24\/craciun-fericit\/","title":{"rendered":"Boldog kar\u00e1csonyt"},"content":{"rendered":"<div data-elementor-type=\"wp-post\" data-elementor-id=\"3212\" class=\"elementor elementor-3212\" data-elementor-post-type=\"post\">\n\t\t\t\t\t\t<section class=\"elementor-section elementor-top-section elementor-element elementor-element-22fa417 elementor-section-boxed elementor-section-height-default elementor-section-height-default\" data-id=\"22fa417\" data-element_type=\"section\" data-e-type=\"section\">\n\t\t\t\t\t\t<div class=\"elementor-container elementor-column-gap-default\">\n\t\t\t\t\t<div class=\"elementor-column elementor-col-100 elementor-top-column elementor-element elementor-element-2fbb69d\" data-id=\"2fbb69d\" data-element_type=\"column\" data-e-type=\"column\">\n\t\t\t<div class=\"elementor-widget-wrap elementor-element-populated\">\n\t\t\t\t\t\t<div class=\"elementor-element elementor-element-483511c elementor-widget elementor-widget-image\" data-id=\"483511c\" data-element_type=\"widget\" data-e-type=\"widget\" data-widget_type=\"image.default\">\n\t\t\t\t\t\t\t\t\t\t\t\t\t\t\t<img fetchpriority=\"high\" decoding=\"async\" width=\"1024\" height=\"538\" src=\"https:\/\/targusecuiesc.eu\/wp-content\/uploads\/2022\/12\/craciun-fericit-cazare-targu-secuiesc-1024x538.png\" class=\"attachment-large size-large wp-image-3214\" alt=\"\" srcset=\"https:\/\/targusecuiesc.eu\/wp-content\/uploads\/2022\/12\/craciun-fericit-cazare-targu-secuiesc.png 1024w, https:\/\/targusecuiesc.eu\/wp-content\/uploads\/2022\/12\/craciun-fericit-cazare-targu-secuiesc-300x158.png 300w, https:\/\/targusecuiesc.eu\/wp-content\/uploads\/2022\/12\/craciun-fericit-cazare-targu-secuiesc-768x403.png 768w, https:\/\/targusecuiesc.eu\/wp-content\/uploads\/2022\/12\/craciun-fericit-cazare-targu-secuiesc-1536x806.png 1536w, https:\/\/targusecuiesc.eu\/wp-content\/uploads\/2022\/12\/craciun-fericit-cazare-targu-secuiesc-2048x1075.png 2048w, https:\/\/targusecuiesc.eu\/wp-content\/uploads\/2022\/12\/craciun-fericit-cazare-targu-secuiesc-18x9.png 18w\" sizes=\"(max-width: 1024px) 100vw, 1024px\" \/>\t\t\t\t\t\t\t\t\t\t\t\t\t\t\t<\/div>\n\t\t\t\t\t<\/div>\n\t\t<\/div>\n\t\t\t\t\t<\/div>\n\t\t<\/section>\n\t\t\t\t<section class=\"elementor-section elementor-top-section elementor-element elementor-element-0b3d661 elementor-section-boxed elementor-section-height-default elementor-section-height-default\" data-id=\"0b3d661\" data-element_type=\"section\" data-e-type=\"section\">\n\t\t\t\t\t\t<div class=\"elementor-container elementor-column-gap-default\">\n\t\t\t\t\t<div class=\"elementor-column elementor-col-100 elementor-top-column elementor-element elementor-element-867c8af\" data-id=\"867c8af\" data-element_type=\"column\" data-e-type=\"column\">\n\t\t\t<div class=\"elementor-widget-wrap elementor-element-populated\">\n\t\t\t\t\t\t<div class=\"elementor-element elementor-element-0f1cb26 elementor-widget elementor-widget-text-editor\" data-id=\"0f1cb26\" data-element_type=\"widget\" data-e-type=\"widget\" data-widget_type=\"text-editor.default\">\n\t\t\t\t\t\t\t\t\t<p>A Pixel - Tiny csapata kellemes kar\u00e1csonyi \u00fcnnepeket \u00e9s boldog \u00faj \u00e9vet k\u00edv\u00e1n!<\/p><p>Rem\u00e9lj\u00fck, hogy ezeket a napokat szerettei t\u00e1rsas\u00e1g\u00e1ban t\u00f6lti, \u00e9s \u00e9lvezni fogja ennek az id\u0151szaknak minden k\u00fcl\u00f6nleges pillanat\u00e1t.<\/p><p>\u00a0<\/p><p>Pixel - Tiny Campus csapata.<\/p>\t\t\t\t\t\t\t\t<\/div>\n\t\t\t\t\t<\/div>\n\t\t<\/div>\n\t\t\t\t\t<\/div>\n\t\t<\/section>\n\t\t\t\t<\/div>","protected":false},"excerpt":{"rendered":"<p>Echipa Pixel &#8211; Tiny\u00a0 v\u0103 dore\u0219te un Cr\u0103ciun fericit \u0219i s\u0103rb\u0103tori pline de bucurie \u0219i \u00eempliniri! Sper\u0103m c\u0103 acest s\u0103rb\u0103torile de iarn\u0103 vor aduce pace \u0219i armonie \u00een casele voastre \u0219i v\u0103 dorim tot ce este mai bun \u00een anul care vine. Sper\u0103m c\u0103 ve\u021bi petrece aceste zile \u00een compania persoanelor dragi \u0219i c\u0103 v\u0103 [&hellip;]<\/p>\n","protected":false},"author":1,"featured_media":3214,"comment_status":"open","ping_status":"open","sticky":false,"template":"","format":"standard","meta":{"ocean_post_layout":"","ocean_both_sidebars_style":"","ocean_both_sidebars_content_width":0,"ocean_both_sidebars_sidebars_width":0,"ocean_sidebar":"","ocean_second_sidebar":"","ocean_disable_margins":"enable","ocean_add_body_class":"","ocean_shortcode_before_top_bar":"","ocean_shortcode_after_top_bar":"","ocean_shortcode_before_header":"","ocean_shortcode_after_header":"","ocean_has_shortcode":"","ocean_shortcode_after_title":"","ocean_shortcode_before_footer_widgets":"","ocean_shortcode_after_footer_widgets":"","ocean_shortcode_before_footer_bottom":"","ocean_shortcode_after_footer_bottom":"","ocean_display_top_bar":"default","ocean_display_header":"default","ocean_header_style":"","ocean_center_header_left_menu":"","ocean_custom_header_template":"","ocean_custom_logo":0,"ocean_custom_retina_logo":0,"ocean_custom_logo_max_width":0,"ocean_custom_logo_tablet_max_width":0,"ocean_custom_logo_mobile_max_width":0,"ocean_custom_logo_max_height":0,"ocean_custom_logo_tablet_max_height":0,"ocean_custom_logo_mobile_max_height":0,"ocean_header_custom_menu":"","ocean_menu_typo_font_family":"","ocean_menu_typo_font_subset":"","ocean_menu_typo_font_size":0,"ocean_menu_typo_font_size_tablet":0,"ocean_menu_typo_font_size_mobile":0,"ocean_menu_typo_font_size_unit":"px","ocean_menu_typo_font_weight":"","ocean_menu_typo_font_weight_tablet":"","ocean_menu_typo_font_weight_mobile":"","ocean_menu_typo_transform":"","ocean_menu_typo_transform_tablet":"","ocean_menu_typo_transform_mobile":"","ocean_menu_typo_line_height":0,"ocean_menu_typo_line_height_tablet":0,"ocean_menu_typo_line_height_mobile":0,"ocean_menu_typo_line_height_unit":"","ocean_menu_typo_spacing":0,"ocean_menu_typo_spacing_tablet":0,"ocean_menu_typo_spacing_mobile":0,"ocean_menu_typo_spacing_unit":"","ocean_menu_link_color":"","ocean_menu_link_color_hover":"","ocean_menu_link_color_active":"","ocean_menu_link_background":"","ocean_menu_link_hover_background":"","ocean_menu_link_active_background":"","ocean_menu_social_links_bg":"","ocean_menu_social_hover_links_bg":"","ocean_menu_social_links_color":"","ocean_menu_social_hover_links_color":"","ocean_disable_title":"default","ocean_disable_heading":"default","ocean_post_title":"","ocean_post_subheading":"","ocean_post_title_style":"","ocean_post_title_background_color":"","ocean_post_title_background":0,"ocean_post_title_bg_image_position":"","ocean_post_title_bg_image_attachment":"","ocean_post_title_bg_image_repeat":"","ocean_post_title_bg_image_size":"","ocean_post_title_height":0,"ocean_post_title_bg_overlay":0.5,"ocean_post_title_bg_overlay_color":"","ocean_disable_breadcrumbs":"default","ocean_breadcrumbs_color":"","ocean_breadcrumbs_separator_color":"","ocean_breadcrumbs_links_color":"","ocean_breadcrumbs_links_hover_color":"","ocean_display_footer_widgets":"default","ocean_display_footer_bottom":"default","ocean_custom_footer_template":"","_joinchat":[],"ocean_post_oembed":"","ocean_post_self_hosted_media":"","ocean_post_video_embed":"","ocean_link_format":"","ocean_link_format_target":"self","ocean_quote_format":"","ocean_quote_format_link":"post","ocean_gallery_link_images":"on","ocean_gallery_id":[],"footnotes":""},"categories":[1],"tags":[],"class_list":["post-3212","post","type-post","status-publish","format-standard","has-post-thumbnail","hentry","category-uncategorized","entry","has-media"],"yoast_head":"<!-- This site is optimized with the Yoast SEO plugin v27.3 - https:\/\/yoast.com\/product\/yoast-seo-wordpress\/ -->\n<title>Cr\u0103ciun Fericit - Cazare \u00een T\u00e2rgu Secueisc<\/title>\n<meta name=\"robots\" content=\"index, follow, max-snippet:-1, max-image-preview:large, max-video-preview:-1\" \/>\n<link rel=\"canonical\" href=\"https:\/\/targusecuiesc.eu\/hu\/2022\/12\/24\/karacsonyi-boldogsagot\/\" \/>\n<meta property=\"og:locale\" content=\"hu_HU\" \/>\n<meta property=\"og:type\" content=\"article\" \/>\n<meta property=\"og:title\" content=\"Cr\u0103ciun Fericit - Cazare \u00een T\u00e2rgu Secueisc\" \/>\n<meta property=\"og:description\" content=\"Echipa Pixel &#8211; Tiny\u00a0 v\u0103 dore\u0219te un Cr\u0103ciun fericit \u0219i s\u0103rb\u0103tori pline de bucurie \u0219i \u00eempliniri! Sper\u0103m c\u0103 acest s\u0103rb\u0103torile de iarn\u0103 vor aduce pace \u0219i armonie \u00een casele voastre \u0219i v\u0103 dorim tot ce este mai bun \u00een anul care vine. Sper\u0103m c\u0103 ve\u021bi petrece aceste zile \u00een compania persoanelor dragi \u0219i c\u0103 v\u0103 [&hellip;]\" \/>\n<meta property=\"og:url\" content=\"https:\/\/targusecuiesc.eu\/hu\/2022\/12\/24\/karacsonyi-boldogsagot\/\" \/>\n<meta property=\"og:site_name\" content=\"Cazare \u00een T\u00e2rgu Secueisc\" \/>\n<meta property=\"article:published_time\" content=\"2022-12-24T19:25:01+00:00\" \/>\n<meta property=\"article:modified_time\" content=\"2023-12-24T13:56:29+00:00\" \/>\n<meta property=\"og:image\" content=\"https:\/\/targusecuiesc.eu\/wp-content\/uploads\/2022\/12\/craciun-fericit-cazare-targu-secuiesc.png\" \/>\n\t<meta property=\"og:image:width\" content=\"1024\" \/>\n\t<meta property=\"og:image:height\" content=\"538\" \/>\n\t<meta property=\"og:image:type\" content=\"image\/png\" \/>\n<meta name=\"author\" content=\"Levente\" \/>\n<meta name=\"twitter:card\" content=\"summary_large_image\" \/>\n<meta name=\"twitter:label1\" content=\"Szerz\u0151:\" \/>\n\t<meta name=\"twitter:data1\" content=\"Levente\" \/>\n\t<meta name=\"twitter:label2\" content=\"Becs\u00fclt olvas\u00e1si id\u0151\" \/>\n\t<meta name=\"twitter:data2\" content=\"1 perc\" \/>\n<script type=\"application\/ld+json\" class=\"yoast-schema-graph\">{\"@context\":\"https:\\\/\\\/schema.org\",\"@graph\":[{\"@type\":\"Article\",\"@id\":\"https:\\\/\\\/targusecuiesc.eu\\\/2022\\\/12\\\/24\\\/craciun-fericit\\\/#article\",\"isPartOf\":{\"@id\":\"https:\\\/\\\/targusecuiesc.eu\\\/2022\\\/12\\\/24\\\/craciun-fericit\\\/\"},\"author\":{\"name\":\"Levente\",\"@id\":\"https:\\\/\\\/targusecuiesc.eu\\\/#\\\/schema\\\/person\\\/3e8e0dc36a7b432328a4fa3a70aa5de3\"},\"headline\":\"Cr\u0103ciun Fericit\",\"datePublished\":\"2022-12-24T19:25:01+00:00\",\"dateModified\":\"2023-12-24T13:56:29+00:00\",\"mainEntityOfPage\":{\"@id\":\"https:\\\/\\\/targusecuiesc.eu\\\/2022\\\/12\\\/24\\\/craciun-fericit\\\/\"},\"wordCount\":82,\"commentCount\":0,\"publisher\":{\"@id\":\"https:\\\/\\\/targusecuiesc.eu\\\/#organization\"},\"image\":{\"@id\":\"https:\\\/\\\/targusecuiesc.eu\\\/2022\\\/12\\\/24\\\/craciun-fericit\\\/#primaryimage\"},\"thumbnailUrl\":\"https:\\\/\\\/targusecuiesc.eu\\\/wp-content\\\/uploads\\\/2022\\\/12\\\/craciun-fericit-cazare-targu-secuiesc.png\",\"articleSection\":[\"Uncategorized\"],\"inLanguage\":\"hu\",\"potentialAction\":[{\"@type\":\"CommentAction\",\"name\":\"Comment\",\"target\":[\"https:\\\/\\\/targusecuiesc.eu\\\/2022\\\/12\\\/24\\\/craciun-fericit\\\/#respond\"]}]},{\"@type\":\"WebPage\",\"@id\":\"https:\\\/\\\/targusecuiesc.eu\\\/2022\\\/12\\\/24\\\/craciun-fericit\\\/\",\"url\":\"https:\\\/\\\/targusecuiesc.eu\\\/2022\\\/12\\\/24\\\/craciun-fericit\\\/\",\"name\":\"Cr\u0103ciun Fericit - Cazare \u00een T\u00e2rgu Secueisc\",\"isPartOf\":{\"@id\":\"https:\\\/\\\/targusecuiesc.eu\\\/#website\"},\"primaryImageOfPage\":{\"@id\":\"https:\\\/\\\/targusecuiesc.eu\\\/2022\\\/12\\\/24\\\/craciun-fericit\\\/#primaryimage\"},\"image\":{\"@id\":\"https:\\\/\\\/targusecuiesc.eu\\\/2022\\\/12\\\/24\\\/craciun-fericit\\\/#primaryimage\"},\"thumbnailUrl\":\"https:\\\/\\\/targusecuiesc.eu\\\/wp-content\\\/uploads\\\/2022\\\/12\\\/craciun-fericit-cazare-targu-secuiesc.png\",\"datePublished\":\"2022-12-24T19:25:01+00:00\",\"dateModified\":\"2023-12-24T13:56:29+00:00\",\"breadcrumb\":{\"@id\":\"https:\\\/\\\/targusecuiesc.eu\\\/2022\\\/12\\\/24\\\/craciun-fericit\\\/#breadcrumb\"},\"inLanguage\":\"hu\",\"potentialAction\":[{\"@type\":\"ReadAction\",\"target\":[\"https:\\\/\\\/targusecuiesc.eu\\\/2022\\\/12\\\/24\\\/craciun-fericit\\\/\"]}]},{\"@type\":\"ImageObject\",\"inLanguage\":\"hu\",\"@id\":\"https:\\\/\\\/targusecuiesc.eu\\\/2022\\\/12\\\/24\\\/craciun-fericit\\\/#primaryimage\",\"url\":\"https:\\\/\\\/targusecuiesc.eu\\\/wp-content\\\/uploads\\\/2022\\\/12\\\/craciun-fericit-cazare-targu-secuiesc.png\",\"contentUrl\":\"https:\\\/\\\/targusecuiesc.eu\\\/wp-content\\\/uploads\\\/2022\\\/12\\\/craciun-fericit-cazare-targu-secuiesc.png\",\"width\":1024,\"height\":538},{\"@type\":\"BreadcrumbList\",\"@id\":\"https:\\\/\\\/targusecuiesc.eu\\\/2022\\\/12\\\/24\\\/craciun-fericit\\\/#breadcrumb\",\"itemListElement\":[{\"@type\":\"ListItem\",\"position\":1,\"name\":\"Prima pagin\u0103\",\"item\":\"https:\\\/\\\/targusecuiesc.eu\\\/\"},{\"@type\":\"ListItem\",\"position\":2,\"name\":\"Cr\u0103ciun Fericit\"}]},{\"@type\":\"WebSite\",\"@id\":\"https:\\\/\\\/targusecuiesc.eu\\\/#website\",\"url\":\"https:\\\/\\\/targusecuiesc.eu\\\/\",\"name\":\"Cazare \u00een T\u00e2rgu Secueisc\",\"description\":\"Te afli \u00een c\u0103utarea unui loc potrivit de cazare \u00een T\u00e2rgu Secuiesc?\",\"publisher\":{\"@id\":\"https:\\\/\\\/targusecuiesc.eu\\\/#organization\"},\"alternateName\":\"Te afli in cautarea unui loc potrivit de cazare in Targu Secuiesc?\",\"potentialAction\":[{\"@type\":\"SearchAction\",\"target\":{\"@type\":\"EntryPoint\",\"urlTemplate\":\"https:\\\/\\\/targusecuiesc.eu\\\/?s={search_term_string}\"},\"query-input\":{\"@type\":\"PropertyValueSpecification\",\"valueRequired\":true,\"valueName\":\"search_term_string\"}}],\"inLanguage\":\"hu\"},{\"@type\":\"Organization\",\"@id\":\"https:\\\/\\\/targusecuiesc.eu\\\/#organization\",\"name\":\"Cazare \u00een T\u00e2rgu Secueisc\",\"alternateName\":\"Te afli in cautarea unui loc potrivit de cazare in Targu Secuiesc?\",\"url\":\"https:\\\/\\\/targusecuiesc.eu\\\/\",\"logo\":{\"@type\":\"ImageObject\",\"inLanguage\":\"hu\",\"@id\":\"https:\\\/\\\/targusecuiesc.eu\\\/#\\\/schema\\\/logo\\\/image\\\/\",\"url\":\"https:\\\/\\\/targusecuiesc.eu\\\/wp-content\\\/uploads\\\/2022\\\/05\\\/cropped-targu-secuiesc-1-e1653031917947.png\",\"contentUrl\":\"https:\\\/\\\/targusecuiesc.eu\\\/wp-content\\\/uploads\\\/2022\\\/05\\\/cropped-targu-secuiesc-1-e1653031917947.png\",\"width\":512,\"height\":512,\"caption\":\"Cazare \u00een T\u00e2rgu Secueisc\"},\"image\":{\"@id\":\"https:\\\/\\\/targusecuiesc.eu\\\/#\\\/schema\\\/logo\\\/image\\\/\"}},{\"@type\":\"Person\",\"@id\":\"https:\\\/\\\/targusecuiesc.eu\\\/#\\\/schema\\\/person\\\/3e8e0dc36a7b432328a4fa3a70aa5de3\",\"name\":\"Levente\",\"image\":{\"@type\":\"ImageObject\",\"inLanguage\":\"hu\",\"@id\":\"https:\\\/\\\/secure.gravatar.com\\\/avatar\\\/a800d69db893890d57b88525e6aba9502659e29fa5a7ce96c5354202678a9227?s=96&d=mm&r=g\",\"url\":\"https:\\\/\\\/secure.gravatar.com\\\/avatar\\\/a800d69db893890d57b88525e6aba9502659e29fa5a7ce96c5354202678a9227?s=96&d=mm&r=g\",\"contentUrl\":\"https:\\\/\\\/secure.gravatar.com\\\/avatar\\\/a800d69db893890d57b88525e6aba9502659e29fa5a7ce96c5354202678a9227?s=96&d=mm&r=g\",\"caption\":\"Levente\"},\"sameAs\":[\"https:\\\/\\\/targusecuiesc.eu\"],\"url\":\"https:\\\/\\\/targusecuiesc.eu\\\/hu\\\/author\\\/admin\\\/\"}]}<\/script>\n<!-- \/ Yoast SEO plugin. -->","yoast_head_json":{"title":"Boldog kar\u00e1csonyt - Sz\u00e1ll\u00e1s T\u00e2rgu Secueisc","robots":{"index":"index","follow":"follow","max-snippet":"max-snippet:-1","max-image-preview":"max-image-preview:large","max-video-preview":"max-video-preview:-1"},"canonical":"https:\/\/targusecuiesc.eu\/hu\/2022\/12\/24\/karacsonyi-boldogsagot\/","og_locale":"hu_HU","og_type":"article","og_title":"Cr\u0103ciun Fericit - Cazare \u00een T\u00e2rgu Secueisc","og_description":"Echipa Pixel &#8211; Tiny\u00a0 v\u0103 dore\u0219te un Cr\u0103ciun fericit \u0219i s\u0103rb\u0103tori pline de bucurie \u0219i \u00eempliniri! Sper\u0103m c\u0103 acest s\u0103rb\u0103torile de iarn\u0103 vor aduce pace \u0219i armonie \u00een casele voastre \u0219i v\u0103 dorim tot ce este mai bun \u00een anul care vine. Sper\u0103m c\u0103 ve\u021bi petrece aceste zile \u00een compania persoanelor dragi \u0219i c\u0103 v\u0103 [&hellip;]","og_url":"https:\/\/targusecuiesc.eu\/hu\/2022\/12\/24\/karacsonyi-boldogsagot\/","og_site_name":"Cazare \u00een T\u00e2rgu Secueisc","article_published_time":"2022-12-24T19:25:01+00:00","article_modified_time":"2023-12-24T13:56:29+00:00","og_image":[{"width":1024,"height":538,"url":"https:\/\/targusecuiesc.eu\/wp-content\/uploads\/2022\/12\/craciun-fericit-cazare-targu-secuiesc.png","type":"image\/png"}],"author":"Levente","twitter_card":"summary_large_image","twitter_misc":{"Szerz\u0151:":"Levente","Becs\u00fclt olvas\u00e1si id\u0151":"1 perc"},"schema":{"@context":"https:\/\/schema.org","@graph":[{"@type":"Article","@id":"https:\/\/targusecuiesc.eu\/2022\/12\/24\/craciun-fericit\/#article","isPartOf":{"@id":"https:\/\/targusecuiesc.eu\/2022\/12\/24\/craciun-fericit\/"},"author":{"name":"Levente","@id":"https:\/\/targusecuiesc.eu\/#\/schema\/person\/3e8e0dc36a7b432328a4fa3a70aa5de3"},"headline":"Cr\u0103ciun Fericit","datePublished":"2022-12-24T19:25:01+00:00","dateModified":"2023-12-24T13:56:29+00:00","mainEntityOfPage":{"@id":"https:\/\/targusecuiesc.eu\/2022\/12\/24\/craciun-fericit\/"},"wordCount":82,"commentCount":0,"publisher":{"@id":"https:\/\/targusecuiesc.eu\/#organization"},"image":{"@id":"https:\/\/targusecuiesc.eu\/2022\/12\/24\/craciun-fericit\/#primaryimage"},"thumbnailUrl":"https:\/\/targusecuiesc.eu\/wp-content\/uploads\/2022\/12\/craciun-fericit-cazare-targu-secuiesc.png","articleSection":["Uncategorized"],"inLanguage":"hu","potentialAction":[{"@type":"CommentAction","name":"Comment","target":["https:\/\/targusecuiesc.eu\/2022\/12\/24\/craciun-fericit\/#respond"]}]},{"@type":"WebPage","@id":"https:\/\/targusecuiesc.eu\/2022\/12\/24\/craciun-fericit\/","url":"https:\/\/targusecuiesc.eu\/2022\/12\/24\/craciun-fericit\/","name":"Boldog kar\u00e1csonyt - Sz\u00e1ll\u00e1s T\u00e2rgu Secueisc","isPartOf":{"@id":"https:\/\/targusecuiesc.eu\/#website"},"primaryImageOfPage":{"@id":"https:\/\/targusecuiesc.eu\/2022\/12\/24\/craciun-fericit\/#primaryimage"},"image":{"@id":"https:\/\/targusecuiesc.eu\/2022\/12\/24\/craciun-fericit\/#primaryimage"},"thumbnailUrl":"https:\/\/targusecuiesc.eu\/wp-content\/uploads\/2022\/12\/craciun-fericit-cazare-targu-secuiesc.png","datePublished":"2022-12-24T19:25:01+00:00","dateModified":"2023-12-24T13:56:29+00:00","breadcrumb":{"@id":"https:\/\/targusecuiesc.eu\/2022\/12\/24\/craciun-fericit\/#breadcrumb"},"inLanguage":"hu","potentialAction":[{"@type":"ReadAction","target":["https:\/\/targusecuiesc.eu\/2022\/12\/24\/craciun-fericit\/"]}]},{"@type":"ImageObject","inLanguage":"hu","@id":"https:\/\/targusecuiesc.eu\/2022\/12\/24\/craciun-fericit\/#primaryimage","url":"https:\/\/targusecuiesc.eu\/wp-content\/uploads\/2022\/12\/craciun-fericit-cazare-targu-secuiesc.png","contentUrl":"https:\/\/targusecuiesc.eu\/wp-content\/uploads\/2022\/12\/craciun-fericit-cazare-targu-secuiesc.png","width":1024,"height":538},{"@type":"BreadcrumbList","@id":"https:\/\/targusecuiesc.eu\/2022\/12\/24\/craciun-fericit\/#breadcrumb","itemListElement":[{"@type":"ListItem","position":1,"name":"Prima pagin\u0103","item":"https:\/\/targusecuiesc.eu\/"},{"@type":"ListItem","position":2,"name":"Cr\u0103ciun Fericit"}]},{"@type":"WebSite","@id":"https:\/\/targusecuiesc.eu\/#website","url":"https:\/\/targusecuiesc.eu\/","name":"Sz\u00e1ll\u00e1s K\u00e9zdiv\u00e1s\u00e1rhelyen","description":"Megfelel\u0151 sz\u00e1ll\u00e1st keres K\u00e9zdiv\u00e1s\u00e1rhelyen?","publisher":{"@id":"https:\/\/targusecuiesc.eu\/#organization"},"alternateName":"Te afli in cautarea unui loc potrivit de cazare in Targu Secuiesc?","potentialAction":[{"@type":"SearchAction","target":{"@type":"EntryPoint","urlTemplate":"https:\/\/targusecuiesc.eu\/?s={search_term_string}"},"query-input":{"@type":"PropertyValueSpecification","valueRequired":true,"valueName":"search_term_string"}}],"inLanguage":"hu"},{"@type":"Organization","@id":"https:\/\/targusecuiesc.eu\/#organization","name":"Sz\u00e1ll\u00e1s K\u00e9zdiv\u00e1s\u00e1rhelyen","alternateName":"Te afli in cautarea unui loc potrivit de cazare in Targu Secuiesc?","url":"https:\/\/targusecuiesc.eu\/","logo":{"@type":"ImageObject","inLanguage":"hu","@id":"https:\/\/targusecuiesc.eu\/#\/schema\/logo\/image\/","url":"https:\/\/targusecuiesc.eu\/wp-content\/uploads\/2022\/05\/cropped-targu-secuiesc-1-e1653031917947.png","contentUrl":"https:\/\/targusecuiesc.eu\/wp-content\/uploads\/2022\/05\/cropped-targu-secuiesc-1-e1653031917947.png","width":512,"height":512,"caption":"Cazare \u00een T\u00e2rgu Secueisc"},"image":{"@id":"https:\/\/targusecuiesc.eu\/#\/schema\/logo\/image\/"}},{"@type":"Person","@id":"https:\/\/targusecuiesc.eu\/#\/schema\/person\/3e8e0dc36a7b432328a4fa3a70aa5de3","name":"Levente","image":{"@type":"ImageObject","inLanguage":"hu","@id":"https:\/\/secure.gravatar.com\/avatar\/a800d69db893890d57b88525e6aba9502659e29fa5a7ce96c5354202678a9227?s=96&d=mm&r=g","url":"https:\/\/secure.gravatar.com\/avatar\/a800d69db893890d57b88525e6aba9502659e29fa5a7ce96c5354202678a9227?s=96&d=mm&r=g","contentUrl":"https:\/\/secure.gravatar.com\/avatar\/a800d69db893890d57b88525e6aba9502659e29fa5a7ce96c5354202678a9227?s=96&d=mm&r=g","caption":"Levente"},"sameAs":["https:\/\/targusecuiesc.eu"],"url":"https:\/\/targusecuiesc.eu\/hu\/author\/admin\/"}]}},"_links":{"self":[{"href":"https:\/\/targusecuiesc.eu\/hu\/wp-json\/wp\/v2\/posts\/3212","targetHints":{"allow":["GET"]}}],"collection":[{"href":"https:\/\/targusecuiesc.eu\/hu\/wp-json\/wp\/v2\/posts"}],"about":[{"href":"https:\/\/targusecuiesc.eu\/hu\/wp-json\/wp\/v2\/types\/post"}],"author":[{"embeddable":true,"href":"https:\/\/targusecuiesc.eu\/hu\/wp-json\/wp\/v2\/users\/1"}],"replies":[{"embeddable":true,"href":"https:\/\/targusecuiesc.eu\/hu\/wp-json\/wp\/v2\/comments?post=3212"}],"version-history":[{"count":0,"href":"https:\/\/targusecuiesc.eu\/hu\/wp-json\/wp\/v2\/posts\/3212\/revisions"}],"wp:featuredmedia":[{"embeddable":true,"href":"https:\/\/targusecuiesc.eu\/hu\/wp-json\/wp\/v2\/media\/3214"}],"wp:attachment":[{"href":"https:\/\/targusecuiesc.eu\/hu\/wp-json\/wp\/v2\/media?parent=3212"}],"wp:term":[{"taxonomy":"category","embeddable":true,"href":"https:\/\/targusecuiesc.eu\/hu\/wp-json\/wp\/v2\/categories?post=3212"},{"taxonomy":"post_tag","embeddable":true,"href":"https:\/\/targusecuiesc.eu\/hu\/wp-json\/wp\/v2\/tags?post=3212"}],"curies":[{"name":"wp","href":"https:\/\/api.w.org\/{rel}","templated":true}]}}