{"id":17984,"date":"2025-04-05T05:06:41","date_gmt":"2025-04-05T02:06:41","guid":{"rendered":"https:\/\/targusecuiesc.eu\/?p=17984"},"modified":"2025-04-05T05:08:36","modified_gmt":"2025-04-05T02:08:36","slug":"experiente-turistice-judetul-covasna","status":"publish","type":"post","link":"https:\/\/targusecuiesc.eu\/hu\/2025\/04\/05\/experiente-turistice-judetul-covasna\/","title":{"rendered":"A legszebb turisztikai \u00e9lm\u00e9nyek K\u00e9zdiv\u00e1s\u00e1rhely k\u00f6rny\u00e9k\u00e9n \u2013 Fedezz fel var\u00e1zslatos helyeket mind\u00f6ssze 30 percnyire"},"content":{"rendered":"<div data-elementor-type=\"wp-post\" data-elementor-id=\"17984\" class=\"elementor elementor-17984\" data-elementor-post-type=\"post\">\n\t\t\t\t\t\t<section class=\"elementor-section elementor-top-section elementor-element elementor-element-3ebf285 elementor-section-boxed elementor-section-height-default elementor-section-height-default\" data-id=\"3ebf285\" data-element_type=\"section\" data-e-type=\"section\">\n\t\t\t\t\t\t<div class=\"elementor-container elementor-column-gap-default\">\n\t\t\t\t\t<div class=\"elementor-column elementor-col-100 elementor-top-column elementor-element elementor-element-d96f17f\" data-id=\"d96f17f\" data-element_type=\"column\" data-e-type=\"column\">\n\t\t\t<div class=\"elementor-widget-wrap elementor-element-populated\">\n\t\t\t\t\t\t<div class=\"elementor-element elementor-element-5e585e9 elementor-widget elementor-widget-text-editor\" data-id=\"5e585e9\" data-element_type=\"widget\" data-e-type=\"widget\" data-widget_type=\"text-editor.default\">\n\t\t\t\t\t\t\t\t\t<p class=\"\" data-start=\"316\" data-end=\"722\">Ha K\u00e9zdiv\u00e1s\u00e1rhlyen (T\u00e2rgu Secuiesc) tart\u00f3zkodsz, \u00e9s egy egynapos kiruccan\u00e1st vagy r\u00f6videbb s\u00e9t\u00e1t keresel a k\u00f6rny\u00e9ken, a r\u00e9gi\u00f3 autentikus turisztikai \u00e9lm\u00e9nyek sz\u00e9les v\u00e1laszt\u00e9k\u00e1t k\u00edn\u00e1lja, mind\u00f6ssze 30 percen bel\u00fcl. A fest\u0151i t\u00e1jak, a j\u00f3l meg\u0151rz\u00f6tt helyi hagyom\u00e1nyok \u00e9s a t\u00f6rt\u00e9nelmi eml\u00e9khelyek val\u00f3di turisztikai kincset rejtenek mindazok sz\u00e1m\u00e1ra, akik a term\u00e9szetet, a kult\u00far\u00e1t vagy a kikapcsol\u00f3d\u00e1st keresik.<\/p><p class=\"\" data-start=\"724\" data-end=\"1404\">N\u00e9h\u00e1ny kilom\u00e9terre a v\u00e1rost\u00f3l, Ghelin\u021ba (Gelence) faluban tal\u00e1lhat\u00f3 Rom\u00e1nia egyik leg\u00e9rt\u00e9kesebb k\u00f6z\u00e9pkori temploma \u2013 a XIII. sz\u00e1zadban \u00e9p\u00fclt er\u0151dtemplom. A fresk\u00f3k az egyik legkor\u00e1bbi g\u00f3tikus id\u0151szakb\u00f3l sz\u00e1rmaznak, \u00e9s a k\u00f6rnyezet nyugalma igaz\u00e1n spiritu\u00e1lis \u00e9lm\u00e9nyt k\u00edn\u00e1l. Ha tov\u00e1bbhaladsz Cernat fel\u00e9, felfedezheted a Haszmann P\u00e1l N\u00e9prajzi M\u00fazeumot \u2013 egy szabadt\u00e9ri kultur\u00e1lis kincset. A hagyom\u00e1nyos sz\u00e9kely h\u00e1zak, k\u00e9zzel faragott kapuk \u00e9s r\u00e9gi eszk\u00f6z\u00f6k val\u00f3di id\u0151utaz\u00e1sra visznek a Sz\u00e9kelyf\u00f6ld m\u00faltj\u00e1ba.<\/p><p class=\"\" data-start=\"1406\" data-end=\"1878\">Ha ink\u00e1bb term\u00e9szetk\u00f6zeli kikapcsol\u00f3d\u00e1sra v\u00e1gysz, Balvanyos-f\u00fcrd\u0151 kiv\u00e1l\u00f3 v\u00e1laszt\u00e1s. A gy\u00f3gyhat\u00e1s\u00fa \u00e1sv\u00e1nyvizek, mofett\u00e1k \u00e9s a friss hegyi leveg\u0151 testi-lelki felfriss\u00fcl\u00e9st ny\u00fajtanak. A k\u00f6zelben tal\u00e1lhat\u00f3 a h\u00edres Szent Anna-t\u00f3 is \u2013 K\u00f6z\u00e9p- \u00e9s Kelet-Eur\u00f3pa egyetlen vulkanikus kr\u00e1tertava \u2013, amelyet s\u0171r\u0171 erd\u0151 vesz k\u00f6r\u00fcl, t\u00fara\u00fatvonalakkal tark\u00edtva. A t\u00e1j ide\u00e1lis f\u00e9nyk\u00e9pez\u00e9shez \u00e9s nyugalmat \u00e1raszt\u00f3 term\u00e9szet\u00e9lm\u00e9nyhez.<\/p><p class=\"\" data-start=\"1880\" data-end=\"2460\">Egy m\u00e1sik figyelemre m\u00e9lt\u00f3 \u00fati c\u00e9l Kov\u00e1szna v\u00e1rosa, amely k\u00f6r\u00fclbel\u00fcl 30 km-re tal\u00e1lhat\u00f3 Sepsiszentgy\u00f6rgyt\u0151l, \u00e9s \u00e1sv\u00e1nyvizes forr\u00e1sair\u00f3l, valamint term\u00e9szetes mofett\u00e1ir\u00f3l ismert. A Bre\u021bcu-hegys\u00e9ghez k\u00f6zeli t\u00fara\u00fatvonalak t\u00f6k\u00e9letes lehet\u0151s\u00e9get k\u00edn\u00e1lnak a kikapcsol\u00f3d\u00e1sra. Ugyancsak a k\u00f6zelben, \u00c1rkos (Arcu\u0219) faluban tal\u00e1lhat\u00f3 a neobarokk st\u00edlus\u00fa Szentkereszty-kast\u00e9ly, amelyet egy leny\u0171g\u00f6z\u0151 dendrol\u00f3giai park vesz k\u00f6r\u00fcl, \u00e9s gyakran ad otthont ki\u00e1ll\u00edt\u00e1soknak, koncerteknek, kultur\u00e1lis esem\u00e9nyeknek.<\/p><p class=\"\" data-start=\"2462\" data-end=\"2720\">A t\u00f6rt\u00e9nelem \u00e9s kult\u00fara ir\u00e1nt \u00e9rdekl\u0151d\u0151k sz\u00e1m\u00e1ra \u00e9rdemes ell\u00e1togatni Sepsiszentgy\u00f6rgyre is, ahol a Sz\u00e9kely Nemzeti M\u00fazeum a r\u00e9gi\u00f3 egyik leggazdagabb m\u0171v\u00e9szeti, n\u00e9prajzi \u00e9s t\u00f6rt\u00e9nelmi gy\u0171jtem\u00e9ny\u00e9t mutatja be.<\/p><p class=\"translation-block\" data-start=\"2722\" data-end=\"3549\">Ahhoz, hogy ez az \u00e9lm\u00e9ny igaz\u00e1n teljes legyen, elengedhetetlen egy k\u00e9nyelmes sz\u00e1ll\u00e1s. Az egyik legmodernebb \u00e9s legn\u00e9pszer\u0171bb sz\u00e1ll\u00e1s K\u00e9zdiv\u00e1s\u00e1rhelyen a Pixel Resort, egy st\u00edlusos, modern hotel, amely eleg\u00e1ns minimalista diz\u00e1jnnal \u00e9s k\u00e9nyelmes szob\u00e1kkal v\u00e1rja vend\u00e9geit. A hotel csendes k\u00f6rnyezetben, de a v\u00e1rosk\u00f6zponthoz k\u00f6zel helyezkedik el, \u00edgy ide\u00e1lis v\u00e1laszt\u00e1s azoknak, akik akt\u00edv nap ut\u00e1n pihenn\u00e9nek, vagy a k\u00f6rny\u00e9ket felfedezn\u00e9k. A Pixel Resort t\u00f6k\u00e9letes kiindul\u00f3pont Gelence, Csernaton, Balvanyos, a Szent Anna-t\u00f3 vagy Kov\u00e1szna megl\u00e1togat\u00e1s\u00e1hoz. Ha a Pixel Resortot v\u00e1lasztod, eleganci\u00e1ban, nyugalomban \u00e9s teljes \u00e9rt\u00e9k\u0171 \u00e9lm\u00e9nyben lesz r\u00e9szed a Sz\u00e9kelyf\u00f6ld sz\u00edv\u00e9ben.<\/p>\t\t\t\t\t\t\t\t<\/div>\n\t\t\t\t\t<\/div>\n\t\t<\/div>\n\t\t\t\t\t<\/div>\n\t\t<\/section>\n\t\t\t\t<\/div>","protected":false},"excerpt":{"rendered":"<p>Dac\u0103 te afli \u00een T\u00e2rgu Secuiesc \u0219i cau\u021bi idei pentru o escapad\u0103 de o zi sau o plimbare scurt\u0103 \u00een \u00eemprejurimi, zona \u00ee\u021bi ofer\u0103 o varietate de experien\u021be turistice autentice, toate la mai pu\u021bin de 30 de minute distan\u021b\u0103. Peisajele pitore\u0219ti, tradi\u021biile locale bine p\u0103strate \u0219i monumentele istorice fac din aceast\u0103 regiune o adev\u0103rat\u0103 comoar\u0103 [&hellip;]<\/p>\n","protected":false},"author":1,"featured_media":1933,"comment_status":"open","ping_status":"open","sticky":false,"template":"","format":"standard","meta":{"ocean_post_layout":"","ocean_both_sidebars_style":"","ocean_both_sidebars_content_width":0,"ocean_both_sidebars_sidebars_width":0,"ocean_sidebar":"","ocean_second_sidebar":"","ocean_disable_margins":"enable","ocean_add_body_class":"","ocean_shortcode_before_top_bar":"","ocean_shortcode_after_top_bar":"","ocean_shortcode_before_header":"","ocean_shortcode_after_header":"","ocean_has_shortcode":"","ocean_shortcode_after_title":"","ocean_shortcode_before_footer_widgets":"","ocean_shortcode_after_footer_widgets":"","ocean_shortcode_before_footer_bottom":"","ocean_shortcode_after_footer_bottom":"","ocean_display_top_bar":"default","ocean_display_header":"default","ocean_header_style":"","ocean_center_header_left_menu":"","ocean_custom_header_template":"","ocean_custom_logo":0,"ocean_custom_retina_logo":0,"ocean_custom_logo_max_width":0,"ocean_custom_logo_tablet_max_width":0,"ocean_custom_logo_mobile_max_width":0,"ocean_custom_logo_max_height":0,"ocean_custom_logo_tablet_max_height":0,"ocean_custom_logo_mobile_max_height":0,"ocean_header_custom_menu":"","ocean_menu_typo_font_family":"","ocean_menu_typo_font_subset":"","ocean_menu_typo_font_size":0,"ocean_menu_typo_font_size_tablet":0,"ocean_menu_typo_font_size_mobile":0,"ocean_menu_typo_font_size_unit":"px","ocean_menu_typo_font_weight":"","ocean_menu_typo_font_weight_tablet":"","ocean_menu_typo_font_weight_mobile":"","ocean_menu_typo_transform":"","ocean_menu_typo_transform_tablet":"","ocean_menu_typo_transform_mobile":"","ocean_menu_typo_line_height":0,"ocean_menu_typo_line_height_tablet":0,"ocean_menu_typo_line_height_mobile":0,"ocean_menu_typo_line_height_unit":"","ocean_menu_typo_spacing":0,"ocean_menu_typo_spacing_tablet":0,"ocean_menu_typo_spacing_mobile":0,"ocean_menu_typo_spacing_unit":"","ocean_menu_link_color":"","ocean_menu_link_color_hover":"","ocean_menu_link_color_active":"","ocean_menu_link_background":"","ocean_menu_link_hover_background":"","ocean_menu_link_active_background":"","ocean_menu_social_links_bg":"","ocean_menu_social_hover_links_bg":"","ocean_menu_social_links_color":"","ocean_menu_social_hover_links_color":"","ocean_disable_title":"default","ocean_disable_heading":"default","ocean_post_title":"","ocean_post_subheading":"","ocean_post_title_style":"","ocean_post_title_background_color":"","ocean_post_title_background":0,"ocean_post_title_bg_image_position":"","ocean_post_title_bg_image_attachment":"","ocean_post_title_bg_image_repeat":"","ocean_post_title_bg_image_size":"","ocean_post_title_height":0,"ocean_post_title_bg_overlay":0.5,"ocean_post_title_bg_overlay_color":"","ocean_disable_breadcrumbs":"default","ocean_breadcrumbs_color":"","ocean_breadcrumbs_separator_color":"","ocean_breadcrumbs_links_color":"","ocean_breadcrumbs_links_hover_color":"","ocean_display_footer_widgets":"default","ocean_display_footer_bottom":"default","ocean_custom_footer_template":"","_joinchat":[],"ocean_post_oembed":"","ocean_post_self_hosted_media":"","ocean_post_video_embed":"","ocean_link_format":"","ocean_link_format_target":"self","ocean_quote_format":"","ocean_quote_format_link":"post","ocean_gallery_link_images":"on","ocean_gallery_id":[],"footnotes":""},"categories":[1],"tags":[],"class_list":["post-17984","post","type-post","status-publish","format-standard","has-post-thumbnail","hentry","category-uncategorized","entry","has-media"],"yoast_head":"<!-- This site is optimized with the Yoast SEO plugin v27.5 - https:\/\/yoast.com\/product\/yoast-seo-wordpress\/ -->\n<title>Top experien\u021be turistice aproape de T\u00e2rgu Secuiesc<\/title>\n<meta name=\"description\" content=\"Descoper\u0103 cele mai frumoase experien\u021be turistice aproape de T\u00e2rgu Secuiesc! Locuri autentice, natur\u0103 \u0219i relaxare la doar 30 de minute distan\u021b\u0103 de ora\u0219.\" \/>\n<meta name=\"robots\" content=\"index, follow, max-snippet:-1, max-image-preview:large, max-video-preview:-1\" \/>\n<link rel=\"canonical\" href=\"https:\/\/targusecuiesc.eu\/hu\/2025\/04\/05\/experiente-turistice-judetul-covasna\/\" \/>\n<meta property=\"og:locale\" content=\"hu_HU\" \/>\n<meta property=\"og:type\" content=\"article\" \/>\n<meta property=\"og:title\" content=\"Top experien\u021be turistice aproape de T\u00e2rgu Secuiesc\" \/>\n<meta property=\"og:description\" content=\"Descoper\u0103 cele mai frumoase experien\u021be turistice aproape de T\u00e2rgu Secuiesc! Locuri autentice, natur\u0103 \u0219i relaxare la doar 30 de minute distan\u021b\u0103 de ora\u0219.\" \/>\n<meta property=\"og:url\" content=\"https:\/\/targusecuiesc.eu\/hu\/2025\/04\/05\/experiente-turistice-judetul-covasna\/\" \/>\n<meta property=\"og:site_name\" content=\"Cazare \u00een T\u00e2rgu Secueisc\" \/>\n<meta property=\"article:published_time\" content=\"2025-04-05T02:06:41+00:00\" \/>\n<meta property=\"article:modified_time\" content=\"2025-04-05T02:08:36+00:00\" \/>\n<meta property=\"og:image\" content=\"https:\/\/targusecuiesc.eu\/wp-content\/uploads\/2022\/11\/tinovul-Mohos.jpg\" \/>\n\t<meta property=\"og:image:width\" content=\"1024\" \/>\n\t<meta property=\"og:image:height\" content=\"1024\" \/>\n\t<meta property=\"og:image:type\" content=\"image\/jpeg\" \/>\n<meta name=\"author\" content=\"Levente\" \/>\n<meta name=\"twitter:card\" content=\"summary_large_image\" \/>\n<meta name=\"twitter:label1\" content=\"Szerz\u0151:\" \/>\n\t<meta name=\"twitter:data1\" content=\"Levente\" \/>\n\t<meta name=\"twitter:label2\" content=\"Becs\u00fclt olvas\u00e1si id\u0151\" \/>\n\t<meta name=\"twitter:data2\" content=\"3 perc\" \/>\n<script type=\"application\/ld+json\" class=\"yoast-schema-graph\">{\"@context\":\"https:\\\/\\\/schema.org\",\"@graph\":[{\"@type\":\"Article\",\"@id\":\"https:\\\/\\\/targusecuiesc.eu\\\/ro\\\/2025\\\/04\\\/05\\\/experiente-turistice-judetul-covasna\\\/#article\",\"isPartOf\":{\"@id\":\"https:\\\/\\\/targusecuiesc.eu\\\/ro\\\/2025\\\/04\\\/05\\\/experiente-turistice-judetul-covasna\\\/\"},\"author\":{\"name\":\"Levente\",\"@id\":\"https:\\\/\\\/targusecuiesc.eu\\\/#\\\/schema\\\/person\\\/3e8e0dc36a7b432328a4fa3a70aa5de3\"},\"headline\":\"Cele mai frumoase experien\u021be turistice aproape de T\u00e2rgu Secuiesc \u2013 Descoper\u0103 locuri magice la doar 30 de minute distan\u021b\u0103\",\"datePublished\":\"2025-04-05T02:06:41+00:00\",\"dateModified\":\"2025-04-05T02:08:36+00:00\",\"mainEntityOfPage\":{\"@id\":\"https:\\\/\\\/targusecuiesc.eu\\\/ro\\\/2025\\\/04\\\/05\\\/experiente-turistice-judetul-covasna\\\/\"},\"wordCount\":557,\"commentCount\":0,\"publisher\":{\"@id\":\"https:\\\/\\\/targusecuiesc.eu\\\/#organization\"},\"image\":{\"@id\":\"https:\\\/\\\/targusecuiesc.eu\\\/ro\\\/2025\\\/04\\\/05\\\/experiente-turistice-judetul-covasna\\\/#primaryimage\"},\"thumbnailUrl\":\"https:\\\/\\\/targusecuiesc.eu\\\/wp-content\\\/uploads\\\/2022\\\/11\\\/tinovul-Mohos.jpg\",\"articleSection\":[\"Uncategorized\"],\"inLanguage\":\"hu\",\"potentialAction\":[{\"@type\":\"CommentAction\",\"name\":\"Comment\",\"target\":[\"https:\\\/\\\/targusecuiesc.eu\\\/ro\\\/2025\\\/04\\\/05\\\/experiente-turistice-judetul-covasna\\\/#respond\"]}]},{\"@type\":\"WebPage\",\"@id\":\"https:\\\/\\\/targusecuiesc.eu\\\/ro\\\/2025\\\/04\\\/05\\\/experiente-turistice-judetul-covasna\\\/\",\"url\":\"https:\\\/\\\/targusecuiesc.eu\\\/ro\\\/2025\\\/04\\\/05\\\/experiente-turistice-judetul-covasna\\\/\",\"name\":\"Top experien\u021be turistice aproape de T\u00e2rgu Secuiesc\",\"isPartOf\":{\"@id\":\"https:\\\/\\\/targusecuiesc.eu\\\/#website\"},\"primaryImageOfPage\":{\"@id\":\"https:\\\/\\\/targusecuiesc.eu\\\/ro\\\/2025\\\/04\\\/05\\\/experiente-turistice-judetul-covasna\\\/#primaryimage\"},\"image\":{\"@id\":\"https:\\\/\\\/targusecuiesc.eu\\\/ro\\\/2025\\\/04\\\/05\\\/experiente-turistice-judetul-covasna\\\/#primaryimage\"},\"thumbnailUrl\":\"https:\\\/\\\/targusecuiesc.eu\\\/wp-content\\\/uploads\\\/2022\\\/11\\\/tinovul-Mohos.jpg\",\"datePublished\":\"2025-04-05T02:06:41+00:00\",\"dateModified\":\"2025-04-05T02:08:36+00:00\",\"description\":\"Descoper\u0103 cele mai frumoase experien\u021be turistice aproape de T\u00e2rgu Secuiesc! Locuri autentice, natur\u0103 \u0219i relaxare la doar 30 de minute distan\u021b\u0103 de ora\u0219.\",\"breadcrumb\":{\"@id\":\"https:\\\/\\\/targusecuiesc.eu\\\/ro\\\/2025\\\/04\\\/05\\\/experiente-turistice-judetul-covasna\\\/#breadcrumb\"},\"inLanguage\":\"hu\",\"potentialAction\":[{\"@type\":\"ReadAction\",\"target\":[\"https:\\\/\\\/targusecuiesc.eu\\\/ro\\\/2025\\\/04\\\/05\\\/experiente-turistice-judetul-covasna\\\/\"]}]},{\"@type\":\"ImageObject\",\"inLanguage\":\"hu\",\"@id\":\"https:\\\/\\\/targusecuiesc.eu\\\/ro\\\/2025\\\/04\\\/05\\\/experiente-turistice-judetul-covasna\\\/#primaryimage\",\"url\":\"https:\\\/\\\/targusecuiesc.eu\\\/wp-content\\\/uploads\\\/2022\\\/11\\\/tinovul-Mohos.jpg\",\"contentUrl\":\"https:\\\/\\\/targusecuiesc.eu\\\/wp-content\\\/uploads\\\/2022\\\/11\\\/tinovul-Mohos.jpg\",\"width\":1024,\"height\":1024,\"caption\":\"tinovul Mohos\"},{\"@type\":\"BreadcrumbList\",\"@id\":\"https:\\\/\\\/targusecuiesc.eu\\\/ro\\\/2025\\\/04\\\/05\\\/experiente-turistice-judetul-covasna\\\/#breadcrumb\",\"itemListElement\":[{\"@type\":\"ListItem\",\"position\":1,\"name\":\"Prima pagin\u0103\",\"item\":\"https:\\\/\\\/targusecuiesc.eu\\\/\"},{\"@type\":\"ListItem\",\"position\":2,\"name\":\"Cele mai frumoase experien\u021be turistice aproape de T\u00e2rgu Secuiesc \u2013 Descoper\u0103 locuri magice la doar 30 de minute distan\u021b\u0103\"}]},{\"@type\":\"WebSite\",\"@id\":\"https:\\\/\\\/targusecuiesc.eu\\\/#website\",\"url\":\"https:\\\/\\\/targusecuiesc.eu\\\/\",\"name\":\"Cazare \u00een T\u00e2rgu Secueisc\",\"description\":\"Te afli \u00een c\u0103utarea unui loc potrivit de cazare \u00een T\u00e2rgu Secuiesc?\",\"publisher\":{\"@id\":\"https:\\\/\\\/targusecuiesc.eu\\\/#organization\"},\"alternateName\":\"Te afli in cautarea unui loc potrivit de cazare in Targu Secuiesc?\",\"potentialAction\":[{\"@type\":\"SearchAction\",\"target\":{\"@type\":\"EntryPoint\",\"urlTemplate\":\"https:\\\/\\\/targusecuiesc.eu\\\/?s={search_term_string}\"},\"query-input\":{\"@type\":\"PropertyValueSpecification\",\"valueRequired\":true,\"valueName\":\"search_term_string\"}}],\"inLanguage\":\"hu\"},{\"@type\":\"Organization\",\"@id\":\"https:\\\/\\\/targusecuiesc.eu\\\/#organization\",\"name\":\"Cazare \u00een T\u00e2rgu Secueisc\",\"alternateName\":\"Te afli in cautarea unui loc potrivit de cazare in Targu Secuiesc?\",\"url\":\"https:\\\/\\\/targusecuiesc.eu\\\/\",\"logo\":{\"@type\":\"ImageObject\",\"inLanguage\":\"hu\",\"@id\":\"https:\\\/\\\/targusecuiesc.eu\\\/#\\\/schema\\\/logo\\\/image\\\/\",\"url\":\"https:\\\/\\\/targusecuiesc.eu\\\/wp-content\\\/uploads\\\/2022\\\/05\\\/cropped-targu-secuiesc-1-e1653031917947.png\",\"contentUrl\":\"https:\\\/\\\/targusecuiesc.eu\\\/wp-content\\\/uploads\\\/2022\\\/05\\\/cropped-targu-secuiesc-1-e1653031917947.png\",\"width\":512,\"height\":512,\"caption\":\"Cazare \u00een T\u00e2rgu Secueisc\"},\"image\":{\"@id\":\"https:\\\/\\\/targusecuiesc.eu\\\/#\\\/schema\\\/logo\\\/image\\\/\"}},{\"@type\":\"Person\",\"@id\":\"https:\\\/\\\/targusecuiesc.eu\\\/#\\\/schema\\\/person\\\/3e8e0dc36a7b432328a4fa3a70aa5de3\",\"name\":\"Levente\",\"image\":{\"@type\":\"ImageObject\",\"inLanguage\":\"hu\",\"@id\":\"https:\\\/\\\/secure.gravatar.com\\\/avatar\\\/a800d69db893890d57b88525e6aba9502659e29fa5a7ce96c5354202678a9227?s=96&d=mm&r=g\",\"url\":\"https:\\\/\\\/secure.gravatar.com\\\/avatar\\\/a800d69db893890d57b88525e6aba9502659e29fa5a7ce96c5354202678a9227?s=96&d=mm&r=g\",\"contentUrl\":\"https:\\\/\\\/secure.gravatar.com\\\/avatar\\\/a800d69db893890d57b88525e6aba9502659e29fa5a7ce96c5354202678a9227?s=96&d=mm&r=g\",\"caption\":\"Levente\"},\"sameAs\":[\"https:\\\/\\\/targusecuiesc.eu\"],\"url\":\"https:\\\/\\\/targusecuiesc.eu\\\/hu\\\/author\\\/admin\\\/\"}]}<\/script>\n<!-- \/ Yoast SEO plugin. -->","yoast_head_json":{"title":"Top experien\u021be turistice aproape de T\u00e2rgu Secuiesc","description":"Descoper\u0103 cele mai frumoase experien\u021be turistice aproape de T\u00e2rgu Secuiesc! Locuri autentice, natur\u0103 \u0219i relaxare la doar 30 de minute distan\u021b\u0103 de ora\u0219.","robots":{"index":"index","follow":"follow","max-snippet":"max-snippet:-1","max-image-preview":"max-image-preview:large","max-video-preview":"max-video-preview:-1"},"canonical":"https:\/\/targusecuiesc.eu\/hu\/2025\/04\/05\/experiente-turistice-judetul-covasna\/","og_locale":"hu_HU","og_type":"article","og_title":"Top experien\u021be turistice aproape de T\u00e2rgu Secuiesc","og_description":"Descoper\u0103 cele mai frumoase experien\u021be turistice aproape de T\u00e2rgu Secuiesc! Locuri autentice, natur\u0103 \u0219i relaxare la doar 30 de minute distan\u021b\u0103 de ora\u0219.","og_url":"https:\/\/targusecuiesc.eu\/hu\/2025\/04\/05\/experiente-turistice-judetul-covasna\/","og_site_name":"Cazare \u00een T\u00e2rgu Secueisc","article_published_time":"2025-04-05T02:06:41+00:00","article_modified_time":"2025-04-05T02:08:36+00:00","og_image":[{"width":1024,"height":1024,"url":"https:\/\/targusecuiesc.eu\/wp-content\/uploads\/2022\/11\/tinovul-Mohos.jpg","type":"image\/jpeg"}],"author":"Levente","twitter_card":"summary_large_image","twitter_misc":{"Szerz\u0151:":"Levente","Becs\u00fclt olvas\u00e1si id\u0151":"3 perc"},"schema":{"@context":"https:\/\/schema.org","@graph":[{"@type":"Article","@id":"https:\/\/targusecuiesc.eu\/ro\/2025\/04\/05\/experiente-turistice-judetul-covasna\/#article","isPartOf":{"@id":"https:\/\/targusecuiesc.eu\/ro\/2025\/04\/05\/experiente-turistice-judetul-covasna\/"},"author":{"name":"Levente","@id":"https:\/\/targusecuiesc.eu\/#\/schema\/person\/3e8e0dc36a7b432328a4fa3a70aa5de3"},"headline":"Cele mai frumoase experien\u021be turistice aproape de T\u00e2rgu Secuiesc \u2013 Descoper\u0103 locuri magice la doar 30 de minute distan\u021b\u0103","datePublished":"2025-04-05T02:06:41+00:00","dateModified":"2025-04-05T02:08:36+00:00","mainEntityOfPage":{"@id":"https:\/\/targusecuiesc.eu\/ro\/2025\/04\/05\/experiente-turistice-judetul-covasna\/"},"wordCount":557,"commentCount":0,"publisher":{"@id":"https:\/\/targusecuiesc.eu\/#organization"},"image":{"@id":"https:\/\/targusecuiesc.eu\/ro\/2025\/04\/05\/experiente-turistice-judetul-covasna\/#primaryimage"},"thumbnailUrl":"https:\/\/targusecuiesc.eu\/wp-content\/uploads\/2022\/11\/tinovul-Mohos.jpg","articleSection":["Uncategorized"],"inLanguage":"hu","potentialAction":[{"@type":"CommentAction","name":"Comment","target":["https:\/\/targusecuiesc.eu\/ro\/2025\/04\/05\/experiente-turistice-judetul-covasna\/#respond"]}]},{"@type":"WebPage","@id":"https:\/\/targusecuiesc.eu\/ro\/2025\/04\/05\/experiente-turistice-judetul-covasna\/","url":"https:\/\/targusecuiesc.eu\/ro\/2025\/04\/05\/experiente-turistice-judetul-covasna\/","name":"Top experien\u021be turistice aproape de T\u00e2rgu Secuiesc","isPartOf":{"@id":"https:\/\/targusecuiesc.eu\/#website"},"primaryImageOfPage":{"@id":"https:\/\/targusecuiesc.eu\/ro\/2025\/04\/05\/experiente-turistice-judetul-covasna\/#primaryimage"},"image":{"@id":"https:\/\/targusecuiesc.eu\/ro\/2025\/04\/05\/experiente-turistice-judetul-covasna\/#primaryimage"},"thumbnailUrl":"https:\/\/targusecuiesc.eu\/wp-content\/uploads\/2022\/11\/tinovul-Mohos.jpg","datePublished":"2025-04-05T02:06:41+00:00","dateModified":"2025-04-05T02:08:36+00:00","description":"Descoper\u0103 cele mai frumoase experien\u021be turistice aproape de T\u00e2rgu Secuiesc! Locuri autentice, natur\u0103 \u0219i relaxare la doar 30 de minute distan\u021b\u0103 de ora\u0219.","breadcrumb":{"@id":"https:\/\/targusecuiesc.eu\/ro\/2025\/04\/05\/experiente-turistice-judetul-covasna\/#breadcrumb"},"inLanguage":"hu","potentialAction":[{"@type":"ReadAction","target":["https:\/\/targusecuiesc.eu\/ro\/2025\/04\/05\/experiente-turistice-judetul-covasna\/"]}]},{"@type":"ImageObject","inLanguage":"hu","@id":"https:\/\/targusecuiesc.eu\/ro\/2025\/04\/05\/experiente-turistice-judetul-covasna\/#primaryimage","url":"https:\/\/targusecuiesc.eu\/wp-content\/uploads\/2022\/11\/tinovul-Mohos.jpg","contentUrl":"https:\/\/targusecuiesc.eu\/wp-content\/uploads\/2022\/11\/tinovul-Mohos.jpg","width":1024,"height":1024,"caption":"tinovul Mohos"},{"@type":"BreadcrumbList","@id":"https:\/\/targusecuiesc.eu\/ro\/2025\/04\/05\/experiente-turistice-judetul-covasna\/#breadcrumb","itemListElement":[{"@type":"ListItem","position":1,"name":"Prima pagin\u0103","item":"https:\/\/targusecuiesc.eu\/"},{"@type":"ListItem","position":2,"name":"Cele mai frumoase experien\u021be turistice aproape de T\u00e2rgu Secuiesc \u2013 Descoper\u0103 locuri magice la doar 30 de minute distan\u021b\u0103"}]},{"@type":"WebSite","@id":"https:\/\/targusecuiesc.eu\/#website","url":"https:\/\/targusecuiesc.eu\/","name":"Sz\u00e1ll\u00e1s K\u00e9zdiv\u00e1s\u00e1rhelyen","description":"Megfelel\u0151 sz\u00e1ll\u00e1st keres K\u00e9zdiv\u00e1s\u00e1rhelyen?","publisher":{"@id":"https:\/\/targusecuiesc.eu\/#organization"},"alternateName":"Te afli in cautarea unui loc potrivit de cazare in Targu Secuiesc?","potentialAction":[{"@type":"SearchAction","target":{"@type":"EntryPoint","urlTemplate":"https:\/\/targusecuiesc.eu\/?s={search_term_string}"},"query-input":{"@type":"PropertyValueSpecification","valueRequired":true,"valueName":"search_term_string"}}],"inLanguage":"hu"},{"@type":"Organization","@id":"https:\/\/targusecuiesc.eu\/#organization","name":"Sz\u00e1ll\u00e1s K\u00e9zdiv\u00e1s\u00e1rhelyen","alternateName":"Te afli in cautarea unui loc potrivit de cazare in Targu Secuiesc?","url":"https:\/\/targusecuiesc.eu\/","logo":{"@type":"ImageObject","inLanguage":"hu","@id":"https:\/\/targusecuiesc.eu\/#\/schema\/logo\/image\/","url":"https:\/\/targusecuiesc.eu\/wp-content\/uploads\/2022\/05\/cropped-targu-secuiesc-1-e1653031917947.png","contentUrl":"https:\/\/targusecuiesc.eu\/wp-content\/uploads\/2022\/05\/cropped-targu-secuiesc-1-e1653031917947.png","width":512,"height":512,"caption":"Cazare \u00een T\u00e2rgu Secueisc"},"image":{"@id":"https:\/\/targusecuiesc.eu\/#\/schema\/logo\/image\/"}},{"@type":"Person","@id":"https:\/\/targusecuiesc.eu\/#\/schema\/person\/3e8e0dc36a7b432328a4fa3a70aa5de3","name":"Levente","image":{"@type":"ImageObject","inLanguage":"hu","@id":"https:\/\/secure.gravatar.com\/avatar\/a800d69db893890d57b88525e6aba9502659e29fa5a7ce96c5354202678a9227?s=96&d=mm&r=g","url":"https:\/\/secure.gravatar.com\/avatar\/a800d69db893890d57b88525e6aba9502659e29fa5a7ce96c5354202678a9227?s=96&d=mm&r=g","contentUrl":"https:\/\/secure.gravatar.com\/avatar\/a800d69db893890d57b88525e6aba9502659e29fa5a7ce96c5354202678a9227?s=96&d=mm&r=g","caption":"Levente"},"sameAs":["https:\/\/targusecuiesc.eu"],"url":"https:\/\/targusecuiesc.eu\/hu\/author\/admin\/"}]}},"_links":{"self":[{"href":"https:\/\/targusecuiesc.eu\/hu\/wp-json\/wp\/v2\/posts\/17984","targetHints":{"allow":["GET"]}}],"collection":[{"href":"https:\/\/targusecuiesc.eu\/hu\/wp-json\/wp\/v2\/posts"}],"about":[{"href":"https:\/\/targusecuiesc.eu\/hu\/wp-json\/wp\/v2\/types\/post"}],"author":[{"embeddable":true,"href":"https:\/\/targusecuiesc.eu\/hu\/wp-json\/wp\/v2\/users\/1"}],"replies":[{"embeddable":true,"href":"https:\/\/targusecuiesc.eu\/hu\/wp-json\/wp\/v2\/comments?post=17984"}],"version-history":[{"count":0,"href":"https:\/\/targusecuiesc.eu\/hu\/wp-json\/wp\/v2\/posts\/17984\/revisions"}],"wp:featuredmedia":[{"embeddable":true,"href":"https:\/\/targusecuiesc.eu\/hu\/wp-json\/wp\/v2\/media\/1933"}],"wp:attachment":[{"href":"https:\/\/targusecuiesc.eu\/hu\/wp-json\/wp\/v2\/media?parent=17984"}],"wp:term":[{"taxonomy":"category","embeddable":true,"href":"https:\/\/targusecuiesc.eu\/hu\/wp-json\/wp\/v2\/categories?post=17984"},{"taxonomy":"post_tag","embeddable":true,"href":"https:\/\/targusecuiesc.eu\/hu\/wp-json\/wp\/v2\/tags?post=17984"}],"curies":[{"name":"wp","href":"https:\/\/api.w.org\/{rel}","templated":true}]}}