{"id":17232,"date":"2025-03-06T10:44:22","date_gmt":"2025-03-06T08:44:22","guid":{"rendered":"https:\/\/targusecuiesc.eu\/?p=17232"},"modified":"2025-03-06T10:46:14","modified_gmt":"2025-03-06T08:46:14","slug":"vacanta-in-tinutul-secuiesc","status":"publish","type":"post","link":"https:\/\/targusecuiesc.eu\/hu\/2025\/03\/06\/vacanta-in-tinutul-secuiesc\/","title":{"rendered":"Vacan\u021b\u0103 \u00een \u021ainutul Secuiesc \u2013 Descoper\u0103 Pixel Resort, un col\u021b de lini\u0219te \u00een inima Covasnei"},"content":{"rendered":"<div data-elementor-type=\"wp-post\" data-elementor-id=\"17232\" class=\"elementor elementor-17232\" data-elementor-post-type=\"post\">\n\t\t\t\t\t\t<section class=\"elementor-section elementor-top-section elementor-element elementor-element-263c610 elementor-section-boxed elementor-section-height-default elementor-section-height-default\" data-id=\"263c610\" data-element_type=\"section\" data-e-type=\"section\">\n\t\t\t\t\t\t<div class=\"elementor-container elementor-column-gap-default\">\n\t\t\t\t\t<div class=\"elementor-column elementor-col-100 elementor-top-column elementor-element elementor-element-f55ed1c\" data-id=\"f55ed1c\" data-element_type=\"column\" data-e-type=\"column\">\n\t\t\t<div class=\"elementor-widget-wrap elementor-element-populated\">\n\t\t\t\t\t\t<div class=\"elementor-element elementor-element-4b97cb4 elementor-widget elementor-widget-image\" data-id=\"4b97cb4\" data-element_type=\"widget\" data-e-type=\"widget\" data-widget_type=\"image.default\">\n\t\t\t\t\t\t\t\t\t\t\t\t\t\t\t<img fetchpriority=\"high\" decoding=\"async\" width=\"1024\" height=\"576\" src=\"https:\/\/targusecuiesc.eu\/wp-content\/uploads\/2025\/03\/Vacanta-in-Tinutul-Secuiesc-\u2013-Descopera-Pixel-Resort-un-colt-de-liniste-in-inima-Covasnei-1024x576.jpg\" class=\"attachment-large size-large wp-image-17233\" alt=\"Vacan\u021b\u0103 \u00een \u021ainutul Secuiesc \u2013 Descoper\u0103 Pixel Resort, un col\u021b de lini\u0219te \u00een inima Covasnei\" srcset=\"https:\/\/targusecuiesc.eu\/wp-content\/uploads\/2025\/03\/Vacanta-in-Tinutul-Secuiesc-\u2013-Descopera-Pixel-Resort-un-colt-de-liniste-in-inima-Covasnei.jpg 1024w, https:\/\/targusecuiesc.eu\/wp-content\/uploads\/2025\/03\/Vacanta-in-Tinutul-Secuiesc-\u2013-Descopera-Pixel-Resort-un-colt-de-liniste-in-inima-Covasnei-300x169.jpg 300w, https:\/\/targusecuiesc.eu\/wp-content\/uploads\/2025\/03\/Vacanta-in-Tinutul-Secuiesc-\u2013-Descopera-Pixel-Resort-un-colt-de-liniste-in-inima-Covasnei-768x432.jpg 768w, https:\/\/targusecuiesc.eu\/wp-content\/uploads\/2025\/03\/Vacanta-in-Tinutul-Secuiesc-\u2013-Descopera-Pixel-Resort-un-colt-de-liniste-in-inima-Covasnei-18x10.jpg 18w, https:\/\/targusecuiesc.eu\/wp-content\/uploads\/2025\/03\/Vacanta-in-Tinutul-Secuiesc-\u2013-Descopera-Pixel-Resort-un-colt-de-liniste-in-inima-Covasnei-800x450.jpg 800w\" sizes=\"(max-width: 1024px) 100vw, 1024px\" \/>\t\t\t\t\t\t\t\t\t\t\t\t\t\t\t<\/div>\n\t\t\t\t\t<\/div>\n\t\t<\/div>\n\t\t\t\t\t<\/div>\n\t\t<\/section>\n\t\t\t\t<section class=\"elementor-section elementor-top-section elementor-element elementor-element-9f2a705 elementor-section-boxed elementor-section-height-default elementor-section-height-default\" data-id=\"9f2a705\" data-element_type=\"section\" data-e-type=\"section\">\n\t\t\t\t\t\t<div class=\"elementor-container elementor-column-gap-default\">\n\t\t\t\t\t<div class=\"elementor-column elementor-col-100 elementor-top-column elementor-element elementor-element-4fdac75\" data-id=\"4fdac75\" data-element_type=\"column\" data-e-type=\"column\">\n\t\t\t<div class=\"elementor-widget-wrap elementor-element-populated\">\n\t\t\t\t\t\t<div class=\"elementor-element elementor-element-4f89525 elementor-widget elementor-widget-text-editor\" data-id=\"4f89525\" data-element_type=\"widget\" data-e-type=\"widget\" data-widget_type=\"text-editor.default\">\n\t\t\t\t\t\t\t\t\t<p data-pm-slice=\"1 1 []\">\u021ainutul Secuiesc este o destina\u021bie de vis pentru cei care doresc s\u0103 descopere peisaje spectaculoase, tradi\u021bii autentice \u0219i o atmosfer\u0103 relaxant\u0103. \u00cen centrul jude\u021bului Covasna, \u00eentr-o zon\u0103 lini\u0219tit\u0103 din T\u00e2rgu Secuiesc, se afl\u0103 <strong>Pixel Resort<\/strong>, compus din <strong>Pixel Panzi\u00f3<\/strong> \u0219i <strong>Tiny Campus<\/strong> \u2013 locul ideal pentru o escapad\u0103 de neuitat.<\/p><h3>De ce s\u0103 alegi Pixel Resort?<\/h3><p>Pixel Resort \u00ee\u021bi ofer\u0103 cazare modern\u0103 \u0219i confortabil\u0103, perfect\u0103 at\u00e2t pentru familii, c\u00e2t \u0219i pentru cupluri sau c\u0103l\u0103tori solo. Cu un design minimalist \u0219i facilit\u0103\u021bi excelente, vei avea parte de o experien\u021b\u0103 relaxant\u0103, departe de agita\u021bia urban\u0103. \u00cen plus, loca\u021bia sa strategic\u0103 \u00ee\u021bi permite s\u0103 explorezi rapid cele mai frumoase atrac\u021bii din Covasna.<\/p><h3>Ce po\u021bi vizita \u00een apropiere?<\/h3><ul data-spread=\"false\"><li><p><strong>Tinovul Moho\u0219 \u0219i Lacul Sf\u00e2nta Ana<\/strong> \u2013 la doar <strong>30 de minute cu ma\u0219ina<\/strong>, acest lac vulcanic unic \u0219i mla\u0219tina sa cu vegeta\u021bie rar\u0103 sunt atrac\u021bii naturale spectaculoase.<\/p><\/li><li><p><strong>B\u0103ile Balvanyo\u0219<\/strong> \u2013 aflate la doar <strong>20 de minute de mers<\/strong>, sunt renumite pentru izvoarele termale \u0219i mofetele benefice pentru s\u0103n\u0103tate.<\/p><\/li><li><p><strong>Muzeul Haszmann P\u00e1l din Cernat<\/strong> \u2013 un loc plin de istorie \u0219i cultur\u0103 secuiasc\u0103, situat la <strong>15 minute cu ma\u0219ina<\/strong> de Pixel Resort.<\/p><\/li><\/ul><h3>O experien\u021b\u0103 autentic\u0103 \u00een inima Covasnei<\/h3><p>Fie c\u0103 e\u0219ti pasionat de natur\u0103, istorie sau pur \u0219i simplu \u00ee\u021bi dore\u0219ti un loc lini\u0219tit unde s\u0103 te relaxezi, <strong>Pixel Resort<\/strong> este alegerea perfect\u0103. \u00cenconjurat de peisaje pitore\u0219ti \u0219i situat \u00eentr-un ora\u0219 cu o atmosfer\u0103 boem\u0103, acest loc \u00ee\u021bi va oferi o vacan\u021b\u0103 de neuitat \u00een <a href=\"https:\/\/targusecuiesc.eu\/hu\/\">\u021ainutul Secuiesc<\/a>.<\/p><p>Rezerv\u0103-\u021bi acum sejurul la Pixel Resort \u0219i descoper\u0103 frumuse\u021bea jude\u021bului Covasna!<\/p>\t\t\t\t\t\t\t\t<\/div>\n\t\t\t\t\t<\/div>\n\t\t<\/div>\n\t\t\t\t\t<\/div>\n\t\t<\/section>\n\t\t\t\t<\/div>","protected":false},"excerpt":{"rendered":"<p>\u021ainutul Secuiesc este o destina\u021bie de vis pentru cei care doresc s\u0103 descopere peisaje spectaculoase, tradi\u021bii autentice \u0219i o atmosfer\u0103 relaxant\u0103. \u00cen centrul jude\u021bului Covasna, \u00eentr-o zon\u0103 lini\u0219tit\u0103 din T\u00e2rgu Secuiesc, se afl\u0103 Pixel Resort, compus din Casa Pixel \u0219i Tiny Campus \u2013 locul ideal pentru o escapad\u0103 de neuitat. De ce s\u0103 alegi Pixel [&hellip;]<\/p>\n","protected":false},"author":1,"featured_media":17233,"comment_status":"open","ping_status":"open","sticky":false,"template":"","format":"standard","meta":{"ocean_post_layout":"","ocean_both_sidebars_style":"","ocean_both_sidebars_content_width":0,"ocean_both_sidebars_sidebars_width":0,"ocean_sidebar":"","ocean_second_sidebar":"","ocean_disable_margins":"enable","ocean_add_body_class":"","ocean_shortcode_before_top_bar":"","ocean_shortcode_after_top_bar":"","ocean_shortcode_before_header":"","ocean_shortcode_after_header":"","ocean_has_shortcode":"","ocean_shortcode_after_title":"","ocean_shortcode_before_footer_widgets":"","ocean_shortcode_after_footer_widgets":"","ocean_shortcode_before_footer_bottom":"","ocean_shortcode_after_footer_bottom":"","ocean_display_top_bar":"default","ocean_display_header":"default","ocean_header_style":"","ocean_center_header_left_menu":"","ocean_custom_header_template":"","ocean_custom_logo":0,"ocean_custom_retina_logo":0,"ocean_custom_logo_max_width":0,"ocean_custom_logo_tablet_max_width":0,"ocean_custom_logo_mobile_max_width":0,"ocean_custom_logo_max_height":0,"ocean_custom_logo_tablet_max_height":0,"ocean_custom_logo_mobile_max_height":0,"ocean_header_custom_menu":"","ocean_menu_typo_font_family":"","ocean_menu_typo_font_subset":"","ocean_menu_typo_font_size":0,"ocean_menu_typo_font_size_tablet":0,"ocean_menu_typo_font_size_mobile":0,"ocean_menu_typo_font_size_unit":"px","ocean_menu_typo_font_weight":"","ocean_menu_typo_font_weight_tablet":"","ocean_menu_typo_font_weight_mobile":"","ocean_menu_typo_transform":"","ocean_menu_typo_transform_tablet":"","ocean_menu_typo_transform_mobile":"","ocean_menu_typo_line_height":0,"ocean_menu_typo_line_height_tablet":0,"ocean_menu_typo_line_height_mobile":0,"ocean_menu_typo_line_height_unit":"","ocean_menu_typo_spacing":0,"ocean_menu_typo_spacing_tablet":0,"ocean_menu_typo_spacing_mobile":0,"ocean_menu_typo_spacing_unit":"","ocean_menu_link_color":"","ocean_menu_link_color_hover":"","ocean_menu_link_color_active":"","ocean_menu_link_background":"","ocean_menu_link_hover_background":"","ocean_menu_link_active_background":"","ocean_menu_social_links_bg":"","ocean_menu_social_hover_links_bg":"","ocean_menu_social_links_color":"","ocean_menu_social_hover_links_color":"","ocean_disable_title":"default","ocean_disable_heading":"default","ocean_post_title":"","ocean_post_subheading":"","ocean_post_title_style":"","ocean_post_title_background_color":"","ocean_post_title_background":0,"ocean_post_title_bg_image_position":"","ocean_post_title_bg_image_attachment":"","ocean_post_title_bg_image_repeat":"","ocean_post_title_bg_image_size":"","ocean_post_title_height":0,"ocean_post_title_bg_overlay":0.5,"ocean_post_title_bg_overlay_color":"","ocean_disable_breadcrumbs":"default","ocean_breadcrumbs_color":"","ocean_breadcrumbs_separator_color":"","ocean_breadcrumbs_links_color":"","ocean_breadcrumbs_links_hover_color":"","ocean_display_footer_widgets":"default","ocean_display_footer_bottom":"default","ocean_custom_footer_template":"","_joinchat":[],"ocean_post_oembed":"","ocean_post_self_hosted_media":"","ocean_post_video_embed":"","ocean_link_format":"","ocean_link_format_target":"self","ocean_quote_format":"","ocean_quote_format_link":"post","ocean_gallery_link_images":"on","ocean_gallery_id":[],"footnotes":""},"categories":[1],"tags":[],"class_list":["post-17232","post","type-post","status-publish","format-standard","has-post-thumbnail","hentry","category-uncategorized","entry","has-media"],"yoast_head":"<!-- This site is optimized with the Yoast SEO plugin v27.3 - https:\/\/yoast.com\/product\/yoast-seo-wordpress\/ -->\n<title>Vacan\u021b\u0103 \u00een \u021ainutul Secuiesc \u2013 Descoper\u0103 Pixel Resort<\/title>\n<meta name=\"description\" content=\"Rezerv\u0103-\u021bi acum sejurul la Pixel Resort \u0219i descoper\u0103 frumuse\u021bea jude\u021bului Covasna!\" \/>\n<meta name=\"robots\" content=\"index, follow, max-snippet:-1, max-image-preview:large, max-video-preview:-1\" \/>\n<link rel=\"canonical\" href=\"https:\/\/targusecuiesc.eu\/hu\/2025\/03\/06\/vacanta-in-tinutul-secuiesc\/\" \/>\n<meta property=\"og:locale\" content=\"hu_HU\" \/>\n<meta property=\"og:type\" content=\"article\" \/>\n<meta property=\"og:title\" content=\"Vacan\u021b\u0103 \u00een \u021ainutul Secuiesc \u2013 Descoper\u0103 Pixel Resort\" \/>\n<meta property=\"og:description\" content=\"Rezerv\u0103-\u021bi acum sejurul la Pixel Resort \u0219i descoper\u0103 frumuse\u021bea jude\u021bului Covasna!\" \/>\n<meta property=\"og:url\" content=\"https:\/\/targusecuiesc.eu\/hu\/2025\/03\/06\/vacanta-in-tinutul-secuiesc\/\" \/>\n<meta property=\"og:site_name\" content=\"Cazare \u00een T\u00e2rgu Secueisc\" \/>\n<meta property=\"article:published_time\" content=\"2025-03-06T08:44:22+00:00\" \/>\n<meta property=\"article:modified_time\" content=\"2025-03-06T08:46:14+00:00\" \/>\n<meta property=\"og:image\" content=\"https:\/\/targusecuiesc.eu\/wp-content\/uploads\/2025\/03\/Vacanta-in-Tinutul-Secuiesc-\u2013-Descopera-Pixel-Resort-un-colt-de-liniste-in-inima-Covasnei.jpg\" \/>\n\t<meta property=\"og:image:width\" content=\"1280\" \/>\n\t<meta property=\"og:image:height\" content=\"720\" \/>\n\t<meta property=\"og:image:type\" content=\"image\/jpeg\" \/>\n<meta name=\"author\" content=\"Levente\" \/>\n<meta name=\"twitter:card\" content=\"summary_large_image\" \/>\n<meta name=\"twitter:label1\" content=\"Szerz\u0151:\" \/>\n\t<meta name=\"twitter:data1\" content=\"Levente\" \/>\n\t<meta name=\"twitter:label2\" content=\"Becs\u00fclt olvas\u00e1si id\u0151\" \/>\n\t<meta name=\"twitter:data2\" content=\"2 perc\" \/>\n<script type=\"application\/ld+json\" class=\"yoast-schema-graph\">{\"@context\":\"https:\\\/\\\/schema.org\",\"@graph\":[{\"@type\":\"Article\",\"@id\":\"https:\\\/\\\/targusecuiesc.eu\\\/ro\\\/2025\\\/03\\\/06\\\/vacanta-in-tinutul-secuiesc\\\/#article\",\"isPartOf\":{\"@id\":\"https:\\\/\\\/targusecuiesc.eu\\\/ro\\\/2025\\\/03\\\/06\\\/vacanta-in-tinutul-secuiesc\\\/\"},\"author\":{\"name\":\"Levente\",\"@id\":\"https:\\\/\\\/targusecuiesc.eu\\\/#\\\/schema\\\/person\\\/3e8e0dc36a7b432328a4fa3a70aa5de3\"},\"headline\":\"Vacan\u021b\u0103 \u00een \u021ainutul Secuiesc \u2013 Descoper\u0103 Pixel Resort, un col\u021b de lini\u0219te \u00een inima Covasnei\",\"datePublished\":\"2025-03-06T08:44:22+00:00\",\"dateModified\":\"2025-03-06T08:46:14+00:00\",\"mainEntityOfPage\":{\"@id\":\"https:\\\/\\\/targusecuiesc.eu\\\/ro\\\/2025\\\/03\\\/06\\\/vacanta-in-tinutul-secuiesc\\\/\"},\"wordCount\":292,\"commentCount\":0,\"publisher\":{\"@id\":\"https:\\\/\\\/targusecuiesc.eu\\\/#organization\"},\"image\":{\"@id\":\"https:\\\/\\\/targusecuiesc.eu\\\/ro\\\/2025\\\/03\\\/06\\\/vacanta-in-tinutul-secuiesc\\\/#primaryimage\"},\"thumbnailUrl\":\"https:\\\/\\\/targusecuiesc.eu\\\/wp-content\\\/uploads\\\/2025\\\/03\\\/Vacanta-in-Tinutul-Secuiesc-\u2013-Descopera-Pixel-Resort-un-colt-de-liniste-in-inima-Covasnei.jpg\",\"articleSection\":[\"Uncategorized\"],\"inLanguage\":\"hu\",\"potentialAction\":[{\"@type\":\"CommentAction\",\"name\":\"Comment\",\"target\":[\"https:\\\/\\\/targusecuiesc.eu\\\/ro\\\/2025\\\/03\\\/06\\\/vacanta-in-tinutul-secuiesc\\\/#respond\"]}]},{\"@type\":\"WebPage\",\"@id\":\"https:\\\/\\\/targusecuiesc.eu\\\/ro\\\/2025\\\/03\\\/06\\\/vacanta-in-tinutul-secuiesc\\\/\",\"url\":\"https:\\\/\\\/targusecuiesc.eu\\\/ro\\\/2025\\\/03\\\/06\\\/vacanta-in-tinutul-secuiesc\\\/\",\"name\":\"Vacan\u021b\u0103 \u00een \u021ainutul Secuiesc \u2013 Descoper\u0103 Pixel Resort\",\"isPartOf\":{\"@id\":\"https:\\\/\\\/targusecuiesc.eu\\\/#website\"},\"primaryImageOfPage\":{\"@id\":\"https:\\\/\\\/targusecuiesc.eu\\\/ro\\\/2025\\\/03\\\/06\\\/vacanta-in-tinutul-secuiesc\\\/#primaryimage\"},\"image\":{\"@id\":\"https:\\\/\\\/targusecuiesc.eu\\\/ro\\\/2025\\\/03\\\/06\\\/vacanta-in-tinutul-secuiesc\\\/#primaryimage\"},\"thumbnailUrl\":\"https:\\\/\\\/targusecuiesc.eu\\\/wp-content\\\/uploads\\\/2025\\\/03\\\/Vacanta-in-Tinutul-Secuiesc-\u2013-Descopera-Pixel-Resort-un-colt-de-liniste-in-inima-Covasnei.jpg\",\"datePublished\":\"2025-03-06T08:44:22+00:00\",\"dateModified\":\"2025-03-06T08:46:14+00:00\",\"description\":\"Rezerv\u0103-\u021bi acum sejurul la Pixel Resort \u0219i descoper\u0103 frumuse\u021bea jude\u021bului Covasna!\",\"breadcrumb\":{\"@id\":\"https:\\\/\\\/targusecuiesc.eu\\\/ro\\\/2025\\\/03\\\/06\\\/vacanta-in-tinutul-secuiesc\\\/#breadcrumb\"},\"inLanguage\":\"hu\",\"potentialAction\":[{\"@type\":\"ReadAction\",\"target\":[\"https:\\\/\\\/targusecuiesc.eu\\\/ro\\\/2025\\\/03\\\/06\\\/vacanta-in-tinutul-secuiesc\\\/\"]}]},{\"@type\":\"ImageObject\",\"inLanguage\":\"hu\",\"@id\":\"https:\\\/\\\/targusecuiesc.eu\\\/ro\\\/2025\\\/03\\\/06\\\/vacanta-in-tinutul-secuiesc\\\/#primaryimage\",\"url\":\"https:\\\/\\\/targusecuiesc.eu\\\/wp-content\\\/uploads\\\/2025\\\/03\\\/Vacanta-in-Tinutul-Secuiesc-\u2013-Descopera-Pixel-Resort-un-colt-de-liniste-in-inima-Covasnei.jpg\",\"contentUrl\":\"https:\\\/\\\/targusecuiesc.eu\\\/wp-content\\\/uploads\\\/2025\\\/03\\\/Vacanta-in-Tinutul-Secuiesc-\u2013-Descopera-Pixel-Resort-un-colt-de-liniste-in-inima-Covasnei.jpg\",\"width\":1024,\"height\":576,\"caption\":\"Vacan\u021b\u0103 \u00een \u021ainutul Secuiesc \u2013 Descoper\u0103 Pixel Resort, un col\u021b de lini\u0219te \u00een inima Covasnei\"},{\"@type\":\"BreadcrumbList\",\"@id\":\"https:\\\/\\\/targusecuiesc.eu\\\/ro\\\/2025\\\/03\\\/06\\\/vacanta-in-tinutul-secuiesc\\\/#breadcrumb\",\"itemListElement\":[{\"@type\":\"ListItem\",\"position\":1,\"name\":\"Prima pagin\u0103\",\"item\":\"https:\\\/\\\/targusecuiesc.eu\\\/\"},{\"@type\":\"ListItem\",\"position\":2,\"name\":\"Vacan\u021b\u0103 \u00een \u021ainutul Secuiesc \u2013 Descoper\u0103 Pixel Resort, un col\u021b de lini\u0219te \u00een inima Covasnei\"}]},{\"@type\":\"WebSite\",\"@id\":\"https:\\\/\\\/targusecuiesc.eu\\\/#website\",\"url\":\"https:\\\/\\\/targusecuiesc.eu\\\/\",\"name\":\"Cazare \u00een T\u00e2rgu Secueisc\",\"description\":\"Te afli \u00een c\u0103utarea unui loc potrivit de cazare \u00een T\u00e2rgu Secuiesc?\",\"publisher\":{\"@id\":\"https:\\\/\\\/targusecuiesc.eu\\\/#organization\"},\"alternateName\":\"Te afli in cautarea unui loc potrivit de cazare in Targu Secuiesc?\",\"potentialAction\":[{\"@type\":\"SearchAction\",\"target\":{\"@type\":\"EntryPoint\",\"urlTemplate\":\"https:\\\/\\\/targusecuiesc.eu\\\/?s={search_term_string}\"},\"query-input\":{\"@type\":\"PropertyValueSpecification\",\"valueRequired\":true,\"valueName\":\"search_term_string\"}}],\"inLanguage\":\"hu\"},{\"@type\":\"Organization\",\"@id\":\"https:\\\/\\\/targusecuiesc.eu\\\/#organization\",\"name\":\"Cazare \u00een T\u00e2rgu Secueisc\",\"alternateName\":\"Te afli in cautarea unui loc potrivit de cazare in Targu Secuiesc?\",\"url\":\"https:\\\/\\\/targusecuiesc.eu\\\/\",\"logo\":{\"@type\":\"ImageObject\",\"inLanguage\":\"hu\",\"@id\":\"https:\\\/\\\/targusecuiesc.eu\\\/#\\\/schema\\\/logo\\\/image\\\/\",\"url\":\"https:\\\/\\\/targusecuiesc.eu\\\/wp-content\\\/uploads\\\/2022\\\/05\\\/cropped-targu-secuiesc-1-e1653031917947.png\",\"contentUrl\":\"https:\\\/\\\/targusecuiesc.eu\\\/wp-content\\\/uploads\\\/2022\\\/05\\\/cropped-targu-secuiesc-1-e1653031917947.png\",\"width\":512,\"height\":512,\"caption\":\"Cazare \u00een T\u00e2rgu Secueisc\"},\"image\":{\"@id\":\"https:\\\/\\\/targusecuiesc.eu\\\/#\\\/schema\\\/logo\\\/image\\\/\"}},{\"@type\":\"Person\",\"@id\":\"https:\\\/\\\/targusecuiesc.eu\\\/#\\\/schema\\\/person\\\/3e8e0dc36a7b432328a4fa3a70aa5de3\",\"name\":\"Levente\",\"image\":{\"@type\":\"ImageObject\",\"inLanguage\":\"hu\",\"@id\":\"https:\\\/\\\/secure.gravatar.com\\\/avatar\\\/a800d69db893890d57b88525e6aba9502659e29fa5a7ce96c5354202678a9227?s=96&d=mm&r=g\",\"url\":\"https:\\\/\\\/secure.gravatar.com\\\/avatar\\\/a800d69db893890d57b88525e6aba9502659e29fa5a7ce96c5354202678a9227?s=96&d=mm&r=g\",\"contentUrl\":\"https:\\\/\\\/secure.gravatar.com\\\/avatar\\\/a800d69db893890d57b88525e6aba9502659e29fa5a7ce96c5354202678a9227?s=96&d=mm&r=g\",\"caption\":\"Levente\"},\"sameAs\":[\"https:\\\/\\\/targusecuiesc.eu\"],\"url\":\"https:\\\/\\\/targusecuiesc.eu\\\/hu\\\/author\\\/admin\\\/\"}]}<\/script>\n<!-- \/ Yoast SEO plugin. -->","yoast_head_json":{"title":"Vacan\u021b\u0103 \u00een \u021ainutul Secuiesc \u2013 Descoper\u0103 Pixel Resort","description":"Rezerv\u0103-\u021bi acum sejurul la Pixel Resort \u0219i descoper\u0103 frumuse\u021bea jude\u021bului Covasna!","robots":{"index":"index","follow":"follow","max-snippet":"max-snippet:-1","max-image-preview":"max-image-preview:large","max-video-preview":"max-video-preview:-1"},"canonical":"https:\/\/targusecuiesc.eu\/hu\/2025\/03\/06\/vacanta-in-tinutul-secuiesc\/","og_locale":"hu_HU","og_type":"article","og_title":"Vacan\u021b\u0103 \u00een \u021ainutul Secuiesc \u2013 Descoper\u0103 Pixel Resort","og_description":"Rezerv\u0103-\u021bi acum sejurul la Pixel Resort \u0219i descoper\u0103 frumuse\u021bea jude\u021bului Covasna!","og_url":"https:\/\/targusecuiesc.eu\/hu\/2025\/03\/06\/vacanta-in-tinutul-secuiesc\/","og_site_name":"Cazare \u00een T\u00e2rgu Secueisc","article_published_time":"2025-03-06T08:44:22+00:00","article_modified_time":"2025-03-06T08:46:14+00:00","og_image":[{"width":1280,"height":720,"url":"https:\/\/targusecuiesc.eu\/wp-content\/uploads\/2025\/03\/Vacanta-in-Tinutul-Secuiesc-\u2013-Descopera-Pixel-Resort-un-colt-de-liniste-in-inima-Covasnei.jpg","type":"image\/jpeg"}],"author":"Levente","twitter_card":"summary_large_image","twitter_misc":{"Szerz\u0151:":"Levente","Becs\u00fclt olvas\u00e1si id\u0151":"2 perc"},"schema":{"@context":"https:\/\/schema.org","@graph":[{"@type":"Article","@id":"https:\/\/targusecuiesc.eu\/ro\/2025\/03\/06\/vacanta-in-tinutul-secuiesc\/#article","isPartOf":{"@id":"https:\/\/targusecuiesc.eu\/ro\/2025\/03\/06\/vacanta-in-tinutul-secuiesc\/"},"author":{"name":"Levente","@id":"https:\/\/targusecuiesc.eu\/#\/schema\/person\/3e8e0dc36a7b432328a4fa3a70aa5de3"},"headline":"Vacan\u021b\u0103 \u00een \u021ainutul Secuiesc \u2013 Descoper\u0103 Pixel Resort, un col\u021b de lini\u0219te \u00een inima Covasnei","datePublished":"2025-03-06T08:44:22+00:00","dateModified":"2025-03-06T08:46:14+00:00","mainEntityOfPage":{"@id":"https:\/\/targusecuiesc.eu\/ro\/2025\/03\/06\/vacanta-in-tinutul-secuiesc\/"},"wordCount":292,"commentCount":0,"publisher":{"@id":"https:\/\/targusecuiesc.eu\/#organization"},"image":{"@id":"https:\/\/targusecuiesc.eu\/ro\/2025\/03\/06\/vacanta-in-tinutul-secuiesc\/#primaryimage"},"thumbnailUrl":"https:\/\/targusecuiesc.eu\/wp-content\/uploads\/2025\/03\/Vacanta-in-Tinutul-Secuiesc-\u2013-Descopera-Pixel-Resort-un-colt-de-liniste-in-inima-Covasnei.jpg","articleSection":["Uncategorized"],"inLanguage":"hu","potentialAction":[{"@type":"CommentAction","name":"Comment","target":["https:\/\/targusecuiesc.eu\/ro\/2025\/03\/06\/vacanta-in-tinutul-secuiesc\/#respond"]}]},{"@type":"WebPage","@id":"https:\/\/targusecuiesc.eu\/ro\/2025\/03\/06\/vacanta-in-tinutul-secuiesc\/","url":"https:\/\/targusecuiesc.eu\/ro\/2025\/03\/06\/vacanta-in-tinutul-secuiesc\/","name":"Vacan\u021b\u0103 \u00een \u021ainutul Secuiesc \u2013 Descoper\u0103 Pixel Resort","isPartOf":{"@id":"https:\/\/targusecuiesc.eu\/#website"},"primaryImageOfPage":{"@id":"https:\/\/targusecuiesc.eu\/ro\/2025\/03\/06\/vacanta-in-tinutul-secuiesc\/#primaryimage"},"image":{"@id":"https:\/\/targusecuiesc.eu\/ro\/2025\/03\/06\/vacanta-in-tinutul-secuiesc\/#primaryimage"},"thumbnailUrl":"https:\/\/targusecuiesc.eu\/wp-content\/uploads\/2025\/03\/Vacanta-in-Tinutul-Secuiesc-\u2013-Descopera-Pixel-Resort-un-colt-de-liniste-in-inima-Covasnei.jpg","datePublished":"2025-03-06T08:44:22+00:00","dateModified":"2025-03-06T08:46:14+00:00","description":"Rezerv\u0103-\u021bi acum sejurul la Pixel Resort \u0219i descoper\u0103 frumuse\u021bea jude\u021bului Covasna!","breadcrumb":{"@id":"https:\/\/targusecuiesc.eu\/ro\/2025\/03\/06\/vacanta-in-tinutul-secuiesc\/#breadcrumb"},"inLanguage":"hu","potentialAction":[{"@type":"ReadAction","target":["https:\/\/targusecuiesc.eu\/ro\/2025\/03\/06\/vacanta-in-tinutul-secuiesc\/"]}]},{"@type":"ImageObject","inLanguage":"hu","@id":"https:\/\/targusecuiesc.eu\/ro\/2025\/03\/06\/vacanta-in-tinutul-secuiesc\/#primaryimage","url":"https:\/\/targusecuiesc.eu\/wp-content\/uploads\/2025\/03\/Vacanta-in-Tinutul-Secuiesc-\u2013-Descopera-Pixel-Resort-un-colt-de-liniste-in-inima-Covasnei.jpg","contentUrl":"https:\/\/targusecuiesc.eu\/wp-content\/uploads\/2025\/03\/Vacanta-in-Tinutul-Secuiesc-\u2013-Descopera-Pixel-Resort-un-colt-de-liniste-in-inima-Covasnei.jpg","width":1024,"height":576,"caption":"Vacan\u021b\u0103 \u00een \u021ainutul Secuiesc \u2013 Descoper\u0103 Pixel Resort, un col\u021b de lini\u0219te \u00een inima Covasnei"},{"@type":"BreadcrumbList","@id":"https:\/\/targusecuiesc.eu\/ro\/2025\/03\/06\/vacanta-in-tinutul-secuiesc\/#breadcrumb","itemListElement":[{"@type":"ListItem","position":1,"name":"Prima pagin\u0103","item":"https:\/\/targusecuiesc.eu\/"},{"@type":"ListItem","position":2,"name":"Vacan\u021b\u0103 \u00een \u021ainutul Secuiesc \u2013 Descoper\u0103 Pixel Resort, un col\u021b de lini\u0219te \u00een inima Covasnei"}]},{"@type":"WebSite","@id":"https:\/\/targusecuiesc.eu\/#website","url":"https:\/\/targusecuiesc.eu\/","name":"Sz\u00e1ll\u00e1s K\u00e9zdiv\u00e1s\u00e1rhelyen","description":"Megfelel\u0151 sz\u00e1ll\u00e1st keres K\u00e9zdiv\u00e1s\u00e1rhelyen?","publisher":{"@id":"https:\/\/targusecuiesc.eu\/#organization"},"alternateName":"Te afli in cautarea unui loc potrivit de cazare in Targu Secuiesc?","potentialAction":[{"@type":"SearchAction","target":{"@type":"EntryPoint","urlTemplate":"https:\/\/targusecuiesc.eu\/?s={search_term_string}"},"query-input":{"@type":"PropertyValueSpecification","valueRequired":true,"valueName":"search_term_string"}}],"inLanguage":"hu"},{"@type":"Organization","@id":"https:\/\/targusecuiesc.eu\/#organization","name":"Sz\u00e1ll\u00e1s K\u00e9zdiv\u00e1s\u00e1rhelyen","alternateName":"Te afli in cautarea unui loc potrivit de cazare in Targu Secuiesc?","url":"https:\/\/targusecuiesc.eu\/","logo":{"@type":"ImageObject","inLanguage":"hu","@id":"https:\/\/targusecuiesc.eu\/#\/schema\/logo\/image\/","url":"https:\/\/targusecuiesc.eu\/wp-content\/uploads\/2022\/05\/cropped-targu-secuiesc-1-e1653031917947.png","contentUrl":"https:\/\/targusecuiesc.eu\/wp-content\/uploads\/2022\/05\/cropped-targu-secuiesc-1-e1653031917947.png","width":512,"height":512,"caption":"Cazare \u00een T\u00e2rgu Secueisc"},"image":{"@id":"https:\/\/targusecuiesc.eu\/#\/schema\/logo\/image\/"}},{"@type":"Person","@id":"https:\/\/targusecuiesc.eu\/#\/schema\/person\/3e8e0dc36a7b432328a4fa3a70aa5de3","name":"Levente","image":{"@type":"ImageObject","inLanguage":"hu","@id":"https:\/\/secure.gravatar.com\/avatar\/a800d69db893890d57b88525e6aba9502659e29fa5a7ce96c5354202678a9227?s=96&d=mm&r=g","url":"https:\/\/secure.gravatar.com\/avatar\/a800d69db893890d57b88525e6aba9502659e29fa5a7ce96c5354202678a9227?s=96&d=mm&r=g","contentUrl":"https:\/\/secure.gravatar.com\/avatar\/a800d69db893890d57b88525e6aba9502659e29fa5a7ce96c5354202678a9227?s=96&d=mm&r=g","caption":"Levente"},"sameAs":["https:\/\/targusecuiesc.eu"],"url":"https:\/\/targusecuiesc.eu\/hu\/author\/admin\/"}]}},"_links":{"self":[{"href":"https:\/\/targusecuiesc.eu\/hu\/wp-json\/wp\/v2\/posts\/17232","targetHints":{"allow":["GET"]}}],"collection":[{"href":"https:\/\/targusecuiesc.eu\/hu\/wp-json\/wp\/v2\/posts"}],"about":[{"href":"https:\/\/targusecuiesc.eu\/hu\/wp-json\/wp\/v2\/types\/post"}],"author":[{"embeddable":true,"href":"https:\/\/targusecuiesc.eu\/hu\/wp-json\/wp\/v2\/users\/1"}],"replies":[{"embeddable":true,"href":"https:\/\/targusecuiesc.eu\/hu\/wp-json\/wp\/v2\/comments?post=17232"}],"version-history":[{"count":0,"href":"https:\/\/targusecuiesc.eu\/hu\/wp-json\/wp\/v2\/posts\/17232\/revisions"}],"wp:featuredmedia":[{"embeddable":true,"href":"https:\/\/targusecuiesc.eu\/hu\/wp-json\/wp\/v2\/media\/17233"}],"wp:attachment":[{"href":"https:\/\/targusecuiesc.eu\/hu\/wp-json\/wp\/v2\/media?parent=17232"}],"wp:term":[{"taxonomy":"category","embeddable":true,"href":"https:\/\/targusecuiesc.eu\/hu\/wp-json\/wp\/v2\/categories?post=17232"},{"taxonomy":"post_tag","embeddable":true,"href":"https:\/\/targusecuiesc.eu\/hu\/wp-json\/wp\/v2\/tags?post=17232"}],"curies":[{"name":"wp","href":"https:\/\/api.w.org\/{rel}","templated":true}]}}