{"id":8046,"date":"2023-09-21T20:04:48","date_gmt":"2023-09-21T17:04:48","guid":{"rendered":"https:\/\/targusecuiesc.eu\/?p=8046"},"modified":"2023-09-21T20:09:16","modified_gmt":"2023-09-21T17:09:16","slug":"ghelinta-targu-secuiesc-cycling-route","status":"publish","type":"post","link":"https:\/\/targusecuiesc.eu\/en\/2023\/09\/21\/traseul-cicloturistic-ghelinta-targu-secuiesc\/","title":{"rendered":"The Ghelin\u021ba - Targu Secuiesc cycling route:"},"content":{"rendered":"<div data-elementor-type=\"wp-post\" data-elementor-id=\"8046\" class=\"elementor elementor-8046\" data-elementor-post-type=\"post\">\n\t\t\t\t\t\t<section class=\"elementor-section elementor-top-section elementor-element elementor-element-d7ff4a6 elementor-section-boxed elementor-section-height-default elementor-section-height-default\" data-id=\"d7ff4a6\" data-element_type=\"section\" data-e-type=\"section\">\n\t\t\t\t\t\t<div class=\"elementor-container elementor-column-gap-default\">\n\t\t\t\t\t<div class=\"elementor-column elementor-col-100 elementor-top-column elementor-element elementor-element-7abff1a\" data-id=\"7abff1a\" data-element_type=\"column\" data-e-type=\"column\">\n\t\t\t<div class=\"elementor-widget-wrap elementor-element-populated\">\n\t\t\t\t\t\t<div class=\"elementor-element elementor-element-eac39ad elementor-widget elementor-widget-text-editor\" data-id=\"eac39ad\" data-element_type=\"widget\" data-e-type=\"widget\" data-widget_type=\"text-editor.default\">\n\t\t\t\t\t\t\t\t\t<p><strong>Ghelinta - Targu Secuiesc cycling route:<\/strong><\/p><ul><li><strong>Difficulty level:<\/strong> Mild-moderate<\/li><li><strong>Approximate length:<\/strong> Approximately 20-25 kilometres (one way)<\/li><li><strong>Estimated time:<\/strong> It depends on your speed, but it can take several hours depending on your pace.<\/li><\/ul><p><strong>Route description:<\/strong><\/p><ol><li><p><strong>Starting point:<\/strong> The route can start in the village of Ghelinta or in the town of Targu Secuiesc, depending on your preferences. Ghelinta is located about 10 kilometres south of <a href=\"https:\/\/targusecuiesc.eu\/en\/\">Szekler town<\/a>.<\/p><\/li><li><p><strong>Ghelinta:<\/strong> If you choose to start from Ghelinta, you can enjoy the peaceful atmosphere of this traditional Hungarian village. From here, you can start cycling towards Targu Secuiesc.<\/p><\/li><li><p><strong>Rural landscape:<\/strong> The route passes through beautiful rural landscapes with green fields, picturesque villages and forests. You will have the opportunity to admire traditional Szekler architecture and enjoy the fresh village air.<\/p><\/li><li><p><strong>Targu Secuiesc:<\/strong> Once in T\u00e2rgu Secuiesc, you can explore the town and visit local attractions such as the Reformed Church and the Central Park. There are also options to relax at cafes or sample traditional cuisine.<\/p><\/li><li><p><strong>Return:<\/strong> After enjoying the city, you can choose to make your way back to Ghelinta or continue your journey on other routes or destinations, depending on your plans.<\/p><\/li><\/ol><p>Make sure you have a bike in good condition and proper protective equipment (helmet, sunglasses, appropriate clothing) during the ride. Always check the weather conditions before setting off and take water and snacks with you to keep hydrated and energised during your ride.<\/p>\t\t\t\t\t\t\t\t<\/div>\n\t\t\t\t\t<\/div>\n\t\t<\/div>\n\t\t\t\t\t<\/div>\n\t\t<\/section>\n\t\t\t\t<\/div>","protected":false},"excerpt":{"rendered":"<p>Traseul cicloturistic Ghelinta &#8211; T\u00e2rgu Secuiesc: Nivel de dificultate: U\u0219or-moderat Lungime aproximativ\u0103: Aproximativ 20-25 de kilometri (sens unic) Timp estimat: Depinde de vitez\u0103, dar poate dura c\u00e2teva ore \u00een func\u021bie de ritm. Descriere a traseului: Punct de plecare: Traseul poate \u00eencepe \u00een satul Ghelinta sau \u00een ora\u0219ul T\u00e2rgu Secuiesc, \u00een func\u021bie de preferin\u021bele dvs. Ghelinta [&hellip;]<\/p>\n","protected":false},"author":1,"featured_media":0,"comment_status":"open","ping_status":"open","sticky":false,"template":"","format":"standard","meta":{"ocean_post_layout":"","ocean_both_sidebars_style":"","ocean_both_sidebars_content_width":0,"ocean_both_sidebars_sidebars_width":0,"ocean_sidebar":"","ocean_second_sidebar":"","ocean_disable_margins":"enable","ocean_add_body_class":"","ocean_shortcode_before_top_bar":"","ocean_shortcode_after_top_bar":"","ocean_shortcode_before_header":"","ocean_shortcode_after_header":"","ocean_has_shortcode":"","ocean_shortcode_after_title":"","ocean_shortcode_before_footer_widgets":"","ocean_shortcode_after_footer_widgets":"","ocean_shortcode_before_footer_bottom":"","ocean_shortcode_after_footer_bottom":"","ocean_display_top_bar":"default","ocean_display_header":"default","ocean_header_style":"","ocean_center_header_left_menu":"","ocean_custom_header_template":"","ocean_custom_logo":0,"ocean_custom_retina_logo":0,"ocean_custom_logo_max_width":0,"ocean_custom_logo_tablet_max_width":0,"ocean_custom_logo_mobile_max_width":0,"ocean_custom_logo_max_height":0,"ocean_custom_logo_tablet_max_height":0,"ocean_custom_logo_mobile_max_height":0,"ocean_header_custom_menu":"","ocean_menu_typo_font_family":"","ocean_menu_typo_font_subset":"","ocean_menu_typo_font_size":0,"ocean_menu_typo_font_size_tablet":0,"ocean_menu_typo_font_size_mobile":0,"ocean_menu_typo_font_size_unit":"px","ocean_menu_typo_font_weight":"","ocean_menu_typo_font_weight_tablet":"","ocean_menu_typo_font_weight_mobile":"","ocean_menu_typo_transform":"","ocean_menu_typo_transform_tablet":"","ocean_menu_typo_transform_mobile":"","ocean_menu_typo_line_height":0,"ocean_menu_typo_line_height_tablet":0,"ocean_menu_typo_line_height_mobile":0,"ocean_menu_typo_line_height_unit":"","ocean_menu_typo_spacing":0,"ocean_menu_typo_spacing_tablet":0,"ocean_menu_typo_spacing_mobile":0,"ocean_menu_typo_spacing_unit":"","ocean_menu_link_color":"","ocean_menu_link_color_hover":"","ocean_menu_link_color_active":"","ocean_menu_link_background":"","ocean_menu_link_hover_background":"","ocean_menu_link_active_background":"","ocean_menu_social_links_bg":"","ocean_menu_social_hover_links_bg":"","ocean_menu_social_links_color":"","ocean_menu_social_hover_links_color":"","ocean_disable_title":"default","ocean_disable_heading":"default","ocean_post_title":"","ocean_post_subheading":"","ocean_post_title_style":"","ocean_post_title_background_color":"","ocean_post_title_background":0,"ocean_post_title_bg_image_position":"","ocean_post_title_bg_image_attachment":"","ocean_post_title_bg_image_repeat":"","ocean_post_title_bg_image_size":"","ocean_post_title_height":0,"ocean_post_title_bg_overlay":0.5,"ocean_post_title_bg_overlay_color":"","ocean_disable_breadcrumbs":"default","ocean_breadcrumbs_color":"","ocean_breadcrumbs_separator_color":"","ocean_breadcrumbs_links_color":"","ocean_breadcrumbs_links_hover_color":"","ocean_display_footer_widgets":"default","ocean_display_footer_bottom":"default","ocean_custom_footer_template":"","_joinchat":[],"ocean_post_oembed":"","ocean_post_self_hosted_media":"","ocean_post_video_embed":"","ocean_link_format":"","ocean_link_format_target":"self","ocean_quote_format":"","ocean_quote_format_link":"post","ocean_gallery_link_images":"on","ocean_gallery_id":[],"footnotes":""},"categories":[1],"tags":[],"class_list":["post-8046","post","type-post","status-publish","format-standard","hentry","category-uncategorized","entry"],"yoast_head":"<!-- This site is optimized with the Yoast SEO plugin v27.5 - https:\/\/yoast.com\/product\/yoast-seo-wordpress\/ -->\n<title>Traseul cicloturistic Ghelin\u021ba - T\u00e2rgu Secuiesc: - Cazare \u00een T\u00e2rgu Secueisc<\/title>\n<meta name=\"robots\" content=\"index, follow, max-snippet:-1, max-image-preview:large, max-video-preview:-1\" \/>\n<link rel=\"canonical\" href=\"https:\/\/targusecuiesc.eu\/en\/2023\/09\/21\/ghelinta-targu-secuiesc-cycling-route\/\" \/>\n<meta property=\"og:locale\" content=\"en_GB\" \/>\n<meta property=\"og:type\" content=\"article\" \/>\n<meta property=\"og:title\" content=\"Traseul cicloturistic Ghelin\u021ba - T\u00e2rgu Secuiesc: - Cazare \u00een T\u00e2rgu Secueisc\" \/>\n<meta property=\"og:description\" content=\"Traseul cicloturistic Ghelinta &#8211; T\u00e2rgu Secuiesc: Nivel de dificultate: U\u0219or-moderat Lungime aproximativ\u0103: Aproximativ 20-25 de kilometri (sens unic) Timp estimat: Depinde de vitez\u0103, dar poate dura c\u00e2teva ore \u00een func\u021bie de ritm. Descriere a traseului: Punct de plecare: Traseul poate \u00eencepe \u00een satul Ghelinta sau \u00een ora\u0219ul T\u00e2rgu Secuiesc, \u00een func\u021bie de preferin\u021bele dvs. Ghelinta [&hellip;]\" \/>\n<meta property=\"og:url\" content=\"https:\/\/targusecuiesc.eu\/en\/2023\/09\/21\/ghelinta-targu-secuiesc-cycling-route\/\" \/>\n<meta property=\"og:site_name\" content=\"Cazare \u00een T\u00e2rgu Secueisc\" \/>\n<meta property=\"article:published_time\" content=\"2023-09-21T17:04:48+00:00\" \/>\n<meta property=\"article:modified_time\" content=\"2023-09-21T17:09:16+00:00\" \/>\n<meta name=\"author\" content=\"Levente\" \/>\n<meta name=\"twitter:card\" content=\"summary_large_image\" \/>\n<meta name=\"twitter:label1\" content=\"Written by\" \/>\n\t<meta name=\"twitter:data1\" content=\"Levente\" \/>\n\t<meta name=\"twitter:label2\" content=\"Estimated reading time\" \/>\n\t<meta name=\"twitter:data2\" content=\"2 minutes\" \/>\n<script type=\"application\/ld+json\" class=\"yoast-schema-graph\">{\"@context\":\"https:\\\/\\\/schema.org\",\"@graph\":[{\"@type\":\"Article\",\"@id\":\"https:\\\/\\\/targusecuiesc.eu\\\/2023\\\/09\\\/21\\\/traseul-cicloturistic-ghelinta-targu-secuiesc\\\/#article\",\"isPartOf\":{\"@id\":\"https:\\\/\\\/targusecuiesc.eu\\\/2023\\\/09\\\/21\\\/traseul-cicloturistic-ghelinta-targu-secuiesc\\\/\"},\"author\":{\"name\":\"Levente\",\"@id\":\"https:\\\/\\\/targusecuiesc.eu\\\/#\\\/schema\\\/person\\\/3e8e0dc36a7b432328a4fa3a70aa5de3\"},\"headline\":\"Traseul cicloturistic Ghelin\u021ba &#8211; T\u00e2rgu Secuiesc:\",\"datePublished\":\"2023-09-21T17:04:48+00:00\",\"dateModified\":\"2023-09-21T17:09:16+00:00\",\"mainEntityOfPage\":{\"@id\":\"https:\\\/\\\/targusecuiesc.eu\\\/2023\\\/09\\\/21\\\/traseul-cicloturistic-ghelinta-targu-secuiesc\\\/\"},\"wordCount\":302,\"commentCount\":0,\"publisher\":{\"@id\":\"https:\\\/\\\/targusecuiesc.eu\\\/#organization\"},\"articleSection\":[\"Uncategorized\"],\"inLanguage\":\"en-GB\",\"potentialAction\":[{\"@type\":\"CommentAction\",\"name\":\"Comment\",\"target\":[\"https:\\\/\\\/targusecuiesc.eu\\\/2023\\\/09\\\/21\\\/traseul-cicloturistic-ghelinta-targu-secuiesc\\\/#respond\"]}]},{\"@type\":\"WebPage\",\"@id\":\"https:\\\/\\\/targusecuiesc.eu\\\/2023\\\/09\\\/21\\\/traseul-cicloturistic-ghelinta-targu-secuiesc\\\/\",\"url\":\"https:\\\/\\\/targusecuiesc.eu\\\/2023\\\/09\\\/21\\\/traseul-cicloturistic-ghelinta-targu-secuiesc\\\/\",\"name\":\"Traseul cicloturistic Ghelin\u021ba - T\u00e2rgu Secuiesc: - Cazare \u00een T\u00e2rgu Secueisc\",\"isPartOf\":{\"@id\":\"https:\\\/\\\/targusecuiesc.eu\\\/#website\"},\"datePublished\":\"2023-09-21T17:04:48+00:00\",\"dateModified\":\"2023-09-21T17:09:16+00:00\",\"breadcrumb\":{\"@id\":\"https:\\\/\\\/targusecuiesc.eu\\\/2023\\\/09\\\/21\\\/traseul-cicloturistic-ghelinta-targu-secuiesc\\\/#breadcrumb\"},\"inLanguage\":\"en-GB\",\"potentialAction\":[{\"@type\":\"ReadAction\",\"target\":[\"https:\\\/\\\/targusecuiesc.eu\\\/2023\\\/09\\\/21\\\/traseul-cicloturistic-ghelinta-targu-secuiesc\\\/\"]}]},{\"@type\":\"BreadcrumbList\",\"@id\":\"https:\\\/\\\/targusecuiesc.eu\\\/2023\\\/09\\\/21\\\/traseul-cicloturistic-ghelinta-targu-secuiesc\\\/#breadcrumb\",\"itemListElement\":[{\"@type\":\"ListItem\",\"position\":1,\"name\":\"Prima pagin\u0103\",\"item\":\"https:\\\/\\\/targusecuiesc.eu\\\/\"},{\"@type\":\"ListItem\",\"position\":2,\"name\":\"Traseul cicloturistic Ghelin\u021ba &#8211; T\u00e2rgu Secuiesc:\"}]},{\"@type\":\"WebSite\",\"@id\":\"https:\\\/\\\/targusecuiesc.eu\\\/#website\",\"url\":\"https:\\\/\\\/targusecuiesc.eu\\\/\",\"name\":\"Cazare \u00een T\u00e2rgu Secueisc\",\"description\":\"Te afli \u00een c\u0103utarea unui loc potrivit de cazare \u00een T\u00e2rgu Secuiesc?\",\"publisher\":{\"@id\":\"https:\\\/\\\/targusecuiesc.eu\\\/#organization\"},\"alternateName\":\"Te afli in cautarea unui loc potrivit de cazare in Targu Secuiesc?\",\"potentialAction\":[{\"@type\":\"SearchAction\",\"target\":{\"@type\":\"EntryPoint\",\"urlTemplate\":\"https:\\\/\\\/targusecuiesc.eu\\\/?s={search_term_string}\"},\"query-input\":{\"@type\":\"PropertyValueSpecification\",\"valueRequired\":true,\"valueName\":\"search_term_string\"}}],\"inLanguage\":\"en-GB\"},{\"@type\":\"Organization\",\"@id\":\"https:\\\/\\\/targusecuiesc.eu\\\/#organization\",\"name\":\"Cazare \u00een T\u00e2rgu Secueisc\",\"alternateName\":\"Te afli in cautarea unui loc potrivit de cazare in Targu Secuiesc?\",\"url\":\"https:\\\/\\\/targusecuiesc.eu\\\/\",\"logo\":{\"@type\":\"ImageObject\",\"inLanguage\":\"en-GB\",\"@id\":\"https:\\\/\\\/targusecuiesc.eu\\\/#\\\/schema\\\/logo\\\/image\\\/\",\"url\":\"https:\\\/\\\/targusecuiesc.eu\\\/wp-content\\\/uploads\\\/2022\\\/05\\\/cropped-targu-secuiesc-1-e1653031917947.png\",\"contentUrl\":\"https:\\\/\\\/targusecuiesc.eu\\\/wp-content\\\/uploads\\\/2022\\\/05\\\/cropped-targu-secuiesc-1-e1653031917947.png\",\"width\":512,\"height\":512,\"caption\":\"Cazare \u00een T\u00e2rgu Secueisc\"},\"image\":{\"@id\":\"https:\\\/\\\/targusecuiesc.eu\\\/#\\\/schema\\\/logo\\\/image\\\/\"}},{\"@type\":\"Person\",\"@id\":\"https:\\\/\\\/targusecuiesc.eu\\\/#\\\/schema\\\/person\\\/3e8e0dc36a7b432328a4fa3a70aa5de3\",\"name\":\"Levente\",\"image\":{\"@type\":\"ImageObject\",\"inLanguage\":\"en-GB\",\"@id\":\"https:\\\/\\\/secure.gravatar.com\\\/avatar\\\/a800d69db893890d57b88525e6aba9502659e29fa5a7ce96c5354202678a9227?s=96&d=mm&r=g\",\"url\":\"https:\\\/\\\/secure.gravatar.com\\\/avatar\\\/a800d69db893890d57b88525e6aba9502659e29fa5a7ce96c5354202678a9227?s=96&d=mm&r=g\",\"contentUrl\":\"https:\\\/\\\/secure.gravatar.com\\\/avatar\\\/a800d69db893890d57b88525e6aba9502659e29fa5a7ce96c5354202678a9227?s=96&d=mm&r=g\",\"caption\":\"Levente\"},\"sameAs\":[\"https:\\\/\\\/targusecuiesc.eu\"],\"url\":\"https:\\\/\\\/targusecuiesc.eu\\\/en\\\/author\\\/admin\\\/\"}]}<\/script>\n<!-- \/ Yoast SEO plugin. -->","yoast_head_json":{"title":"Cycling route Ghelin\u021ba - T\u00e2rgu Secuiesc: - Accommodation in T\u00e2rgu Secueisc","robots":{"index":"index","follow":"follow","max-snippet":"max-snippet:-1","max-image-preview":"max-image-preview:large","max-video-preview":"max-video-preview:-1"},"canonical":"https:\/\/targusecuiesc.eu\/en\/2023\/09\/21\/ghelinta-targu-secuiesc-cycling-route\/","og_locale":"en_GB","og_type":"article","og_title":"Traseul cicloturistic Ghelin\u021ba - T\u00e2rgu Secuiesc: - Cazare \u00een T\u00e2rgu Secueisc","og_description":"Traseul cicloturistic Ghelinta &#8211; T\u00e2rgu Secuiesc: Nivel de dificultate: U\u0219or-moderat Lungime aproximativ\u0103: Aproximativ 20-25 de kilometri (sens unic) Timp estimat: Depinde de vitez\u0103, dar poate dura c\u00e2teva ore \u00een func\u021bie de ritm. Descriere a traseului: Punct de plecare: Traseul poate \u00eencepe \u00een satul Ghelinta sau \u00een ora\u0219ul T\u00e2rgu Secuiesc, \u00een func\u021bie de preferin\u021bele dvs. Ghelinta [&hellip;]","og_url":"https:\/\/targusecuiesc.eu\/en\/2023\/09\/21\/ghelinta-targu-secuiesc-cycling-route\/","og_site_name":"Cazare \u00een T\u00e2rgu Secueisc","article_published_time":"2023-09-21T17:04:48+00:00","article_modified_time":"2023-09-21T17:09:16+00:00","author":"Levente","twitter_card":"summary_large_image","twitter_misc":{"Written by":"Levente","Estimated reading time":"2 minutes"},"schema":{"@context":"https:\/\/schema.org","@graph":[{"@type":"Article","@id":"https:\/\/targusecuiesc.eu\/2023\/09\/21\/traseul-cicloturistic-ghelinta-targu-secuiesc\/#article","isPartOf":{"@id":"https:\/\/targusecuiesc.eu\/2023\/09\/21\/traseul-cicloturistic-ghelinta-targu-secuiesc\/"},"author":{"name":"Levente","@id":"https:\/\/targusecuiesc.eu\/#\/schema\/person\/3e8e0dc36a7b432328a4fa3a70aa5de3"},"headline":"Traseul cicloturistic Ghelin\u021ba &#8211; T\u00e2rgu Secuiesc:","datePublished":"2023-09-21T17:04:48+00:00","dateModified":"2023-09-21T17:09:16+00:00","mainEntityOfPage":{"@id":"https:\/\/targusecuiesc.eu\/2023\/09\/21\/traseul-cicloturistic-ghelinta-targu-secuiesc\/"},"wordCount":302,"commentCount":0,"publisher":{"@id":"https:\/\/targusecuiesc.eu\/#organization"},"articleSection":["Uncategorized"],"inLanguage":"en-GB","potentialAction":[{"@type":"CommentAction","name":"Comment","target":["https:\/\/targusecuiesc.eu\/2023\/09\/21\/traseul-cicloturistic-ghelinta-targu-secuiesc\/#respond"]}]},{"@type":"WebPage","@id":"https:\/\/targusecuiesc.eu\/2023\/09\/21\/traseul-cicloturistic-ghelinta-targu-secuiesc\/","url":"https:\/\/targusecuiesc.eu\/2023\/09\/21\/traseul-cicloturistic-ghelinta-targu-secuiesc\/","name":"Cycling route Ghelin\u021ba - T\u00e2rgu Secuiesc: - Accommodation in T\u00e2rgu Secueisc","isPartOf":{"@id":"https:\/\/targusecuiesc.eu\/#website"},"datePublished":"2023-09-21T17:04:48+00:00","dateModified":"2023-09-21T17:09:16+00:00","breadcrumb":{"@id":"https:\/\/targusecuiesc.eu\/2023\/09\/21\/traseul-cicloturistic-ghelinta-targu-secuiesc\/#breadcrumb"},"inLanguage":"en-GB","potentialAction":[{"@type":"ReadAction","target":["https:\/\/targusecuiesc.eu\/2023\/09\/21\/traseul-cicloturistic-ghelinta-targu-secuiesc\/"]}]},{"@type":"BreadcrumbList","@id":"https:\/\/targusecuiesc.eu\/2023\/09\/21\/traseul-cicloturistic-ghelinta-targu-secuiesc\/#breadcrumb","itemListElement":[{"@type":"ListItem","position":1,"name":"Prima pagin\u0103","item":"https:\/\/targusecuiesc.eu\/"},{"@type":"ListItem","position":2,"name":"Traseul cicloturistic Ghelin\u021ba &#8211; T\u00e2rgu Secuiesc:"}]},{"@type":"WebSite","@id":"https:\/\/targusecuiesc.eu\/#website","url":"https:\/\/targusecuiesc.eu\/","name":"Accommodation in T\u00e2rgu Secueisc","description":"Are you looking for a suitable accommodation in Targu Secuiesc?","publisher":{"@id":"https:\/\/targusecuiesc.eu\/#organization"},"alternateName":"Te afli in cautarea unui loc potrivit de cazare in Targu Secuiesc?","potentialAction":[{"@type":"SearchAction","target":{"@type":"EntryPoint","urlTemplate":"https:\/\/targusecuiesc.eu\/?s={search_term_string}"},"query-input":{"@type":"PropertyValueSpecification","valueRequired":true,"valueName":"search_term_string"}}],"inLanguage":"en-GB"},{"@type":"Organization","@id":"https:\/\/targusecuiesc.eu\/#organization","name":"Accommodation in T\u00e2rgu Secueisc","alternateName":"Te afli in cautarea unui loc potrivit de cazare in Targu Secuiesc?","url":"https:\/\/targusecuiesc.eu\/","logo":{"@type":"ImageObject","inLanguage":"en-GB","@id":"https:\/\/targusecuiesc.eu\/#\/schema\/logo\/image\/","url":"https:\/\/targusecuiesc.eu\/wp-content\/uploads\/2022\/05\/cropped-targu-secuiesc-1-e1653031917947.png","contentUrl":"https:\/\/targusecuiesc.eu\/wp-content\/uploads\/2022\/05\/cropped-targu-secuiesc-1-e1653031917947.png","width":512,"height":512,"caption":"Cazare \u00een T\u00e2rgu Secueisc"},"image":{"@id":"https:\/\/targusecuiesc.eu\/#\/schema\/logo\/image\/"}},{"@type":"Person","@id":"https:\/\/targusecuiesc.eu\/#\/schema\/person\/3e8e0dc36a7b432328a4fa3a70aa5de3","name":"Levente","image":{"@type":"ImageObject","inLanguage":"en-GB","@id":"https:\/\/secure.gravatar.com\/avatar\/a800d69db893890d57b88525e6aba9502659e29fa5a7ce96c5354202678a9227?s=96&d=mm&r=g","url":"https:\/\/secure.gravatar.com\/avatar\/a800d69db893890d57b88525e6aba9502659e29fa5a7ce96c5354202678a9227?s=96&d=mm&r=g","contentUrl":"https:\/\/secure.gravatar.com\/avatar\/a800d69db893890d57b88525e6aba9502659e29fa5a7ce96c5354202678a9227?s=96&d=mm&r=g","caption":"Levente"},"sameAs":["https:\/\/targusecuiesc.eu"],"url":"https:\/\/targusecuiesc.eu\/en\/author\/admin\/"}]}},"_links":{"self":[{"href":"https:\/\/targusecuiesc.eu\/en\/wp-json\/wp\/v2\/posts\/8046","targetHints":{"allow":["GET"]}}],"collection":[{"href":"https:\/\/targusecuiesc.eu\/en\/wp-json\/wp\/v2\/posts"}],"about":[{"href":"https:\/\/targusecuiesc.eu\/en\/wp-json\/wp\/v2\/types\/post"}],"author":[{"embeddable":true,"href":"https:\/\/targusecuiesc.eu\/en\/wp-json\/wp\/v2\/users\/1"}],"replies":[{"embeddable":true,"href":"https:\/\/targusecuiesc.eu\/en\/wp-json\/wp\/v2\/comments?post=8046"}],"version-history":[{"count":0,"href":"https:\/\/targusecuiesc.eu\/en\/wp-json\/wp\/v2\/posts\/8046\/revisions"}],"wp:attachment":[{"href":"https:\/\/targusecuiesc.eu\/en\/wp-json\/wp\/v2\/media?parent=8046"}],"wp:term":[{"taxonomy":"category","embeddable":true,"href":"https:\/\/targusecuiesc.eu\/en\/wp-json\/wp\/v2\/categories?post=8046"},{"taxonomy":"post_tag","embeddable":true,"href":"https:\/\/targusecuiesc.eu\/en\/wp-json\/wp\/v2\/tags?post=8046"}],"curies":[{"name":"wp","href":"https:\/\/api.w.org\/{rel}","templated":true}]}}