{"id":5064,"date":"2023-02-22T19:08:06","date_gmt":"2023-02-22T17:08:06","guid":{"rendered":"https:\/\/targusecuiesc.eu\/?p=5064"},"modified":"2023-02-22T21:49:31","modified_gmt":"2023-02-22T19:49:31","slug":"how-much-does-it-cost-to-stay-in-a-tiny-house-located-in-targu-secuiesc","status":"publish","type":"post","link":"https:\/\/targusecuiesc.eu\/en\/2023\/02\/22\/cat-costa-sa-stai-intr-un-tiny-house-situat-in-targu-secuiesc\/","title":{"rendered":"How much does it cost to stay in a tiny house in Targu Secuiesc?"},"content":{"rendered":"<div data-elementor-type=\"wp-post\" data-elementor-id=\"5064\" class=\"elementor elementor-5064\" data-elementor-post-type=\"post\">\n\t\t\t\t\t\t<section class=\"elementor-section elementor-top-section elementor-element elementor-element-8667426 elementor-section-boxed elementor-section-height-default elementor-section-height-default\" data-id=\"8667426\" data-element_type=\"section\" data-e-type=\"section\">\n\t\t\t\t\t\t<div class=\"elementor-container elementor-column-gap-default\">\n\t\t\t\t\t<div class=\"elementor-column elementor-col-100 elementor-top-column elementor-element elementor-element-96886e0\" data-id=\"96886e0\" data-element_type=\"column\" data-e-type=\"column\">\n\t\t\t<div class=\"elementor-widget-wrap elementor-element-populated\">\n\t\t\t\t\t\t<div class=\"elementor-element elementor-element-fbc36e3 elementor-widget elementor-widget-image\" data-id=\"fbc36e3\" data-element_type=\"widget\" data-e-type=\"widget\" data-widget_type=\"image.default\">\n\t\t\t\t\t\t\t\t\t\t\t\t\t\t\t<img fetchpriority=\"high\" decoding=\"async\" width=\"1024\" height=\"834\" src=\"https:\/\/targusecuiesc.eu\/wp-content\/uploads\/2023\/02\/tiny-house-situat-in-Targu-Secuiesc-1024x834.webp\" class=\"attachment-large size-large wp-image-5066\" alt=\"tiny house located in T\u00e2rgu Secuiesc\" srcset=\"https:\/\/targusecuiesc.eu\/wp-content\/uploads\/2023\/02\/tiny-house-situat-in-Targu-Secuiesc-scaled.webp 1024w, https:\/\/targusecuiesc.eu\/wp-content\/uploads\/2023\/02\/tiny-house-situat-in-Targu-Secuiesc-300x244.webp 300w, https:\/\/targusecuiesc.eu\/wp-content\/uploads\/2023\/02\/tiny-house-situat-in-Targu-Secuiesc-768x625.webp 768w, https:\/\/targusecuiesc.eu\/wp-content\/uploads\/2023\/02\/tiny-house-situat-in-Targu-Secuiesc-1536x1251.webp 1536w, https:\/\/targusecuiesc.eu\/wp-content\/uploads\/2023\/02\/tiny-house-situat-in-Targu-Secuiesc-2048x1668.webp 2048w, https:\/\/targusecuiesc.eu\/wp-content\/uploads\/2023\/02\/tiny-house-situat-in-Targu-Secuiesc-15x12.webp 15w\" sizes=\"(max-width: 1024px) 100vw, 1024px\" \/>\t\t\t\t\t\t\t\t\t\t\t\t\t\t\t<\/div>\n\t\t\t\t\t<\/div>\n\t\t<\/div>\n\t\t\t\t\t<\/div>\n\t\t<\/section>\n\t\t\t\t<section class=\"elementor-section elementor-top-section elementor-element elementor-element-413350b elementor-section-boxed elementor-section-height-default elementor-section-height-default\" data-id=\"413350b\" data-element_type=\"section\" data-e-type=\"section\">\n\t\t\t\t\t\t<div class=\"elementor-container elementor-column-gap-default\">\n\t\t\t\t\t<div class=\"elementor-column elementor-col-100 elementor-top-column elementor-element elementor-element-a644859\" data-id=\"a644859\" data-element_type=\"column\" data-e-type=\"column\">\n\t\t\t<div class=\"elementor-widget-wrap elementor-element-populated\">\n\t\t\t\t\t\t<div class=\"elementor-element elementor-element-e9ef2ce elementor-widget elementor-widget-text-editor\" data-id=\"e9ef2ce\" data-element_type=\"widget\" data-e-type=\"widget\" data-widget_type=\"text-editor.default\">\n\t\t\t\t\t\t\t\t\t<p data-pm-slice=\"1 1 []\">Tiny house living is a new concept that has taken off in recent years. It refers to the use of a tiny house, like a mobile home, as a permanent or temporary dwelling. Although the concept is not new, it has gained popularity in recent years as it offers a cheaper housing solution and provides opportunities to live in beautiful locations.\u00a0<\/p><p data-pm-slice=\"1 1 []\"><span style=\"font-size: 14px;\">As for the cost of accommodation in a tiny house located in Targu Secuiesc, it varies depending on the number of people staying. For one person, the cost of accommodation is 215 lei per night; for two people, the cost is 250 lei per night; for three people, the cost is 285 lei per night; and for four people, the cost is 320 lei per night. The costs include all the facilities the tiny house offers (usually a bathroom and a fully equipped kitchen).<\/span><\/p><p>For those interested in <a href=\"https:\/\/targusecuiesc.eu\/en\/tiny-campus\/\">stay in a tiny house located in Targu Secuiesc<\/a>, there are a few things to consider. Firstly, accommodation costs vary depending on the number of people staying. Also, there are many tourist attractions and activities in the area, such as the National Village Museum and Corvin Castle. Also, transport options are varied and include public transport and private taxis. Finally, the amenities offered with the tiny houses in Targu Secuiesc should be considered.<\/p><p>For those interested in visiting Targu Secuiesc and enjoying a tiny house experience in this beautiful part of Romania, we recommend checking the availability of tiny houses in the area and considering the specific costs and facilities offered with them. Enjoy the experience and enjoy the beauty of nature in <a href=\"https:\/\/targusecuiesc.eu\/en\/\">Szekler town<\/a>!<\/p><p data-pm-slice=\"1 1 []\">\u00a0<\/p>\t\t\t\t\t\t\t\t<\/div>\n\t\t\t\t\t<\/div>\n\t\t<\/div>\n\t\t\t\t\t<\/div>\n\t\t<\/section>\n\t\t\t\t<\/div>","protected":false},"excerpt":{"rendered":"<p>Tiny house living este un concept nou care a prins contur \u00een ultimii ani. Acesta se refer\u0103 la folosirea unei case mici, ca o cas\u0103 mobil\u0103, ca locuin\u021b\u0103 permanent\u0103 sau temporar\u0103. De\u0219i conceptul nu este nou, aceasta a prins popularitate \u00een ultimii ani, deoarece ofer\u0103 o solu\u021bie mai ieftin\u0103 pentru locuin\u021be \u0219i ofer\u0103 oportunit\u0103\u021bi de [&hellip;]<\/p>\n","protected":false},"author":1,"featured_media":0,"comment_status":"open","ping_status":"open","sticky":false,"template":"","format":"standard","meta":{"ocean_post_layout":"","ocean_both_sidebars_style":"","ocean_both_sidebars_content_width":0,"ocean_both_sidebars_sidebars_width":0,"ocean_sidebar":"","ocean_second_sidebar":"","ocean_disable_margins":"enable","ocean_add_body_class":"","ocean_shortcode_before_top_bar":"","ocean_shortcode_after_top_bar":"","ocean_shortcode_before_header":"","ocean_shortcode_after_header":"","ocean_has_shortcode":"","ocean_shortcode_after_title":"","ocean_shortcode_before_footer_widgets":"","ocean_shortcode_after_footer_widgets":"","ocean_shortcode_before_footer_bottom":"","ocean_shortcode_after_footer_bottom":"","ocean_display_top_bar":"default","ocean_display_header":"default","ocean_header_style":"","ocean_center_header_left_menu":"","ocean_custom_header_template":"","ocean_custom_logo":0,"ocean_custom_retina_logo":0,"ocean_custom_logo_max_width":0,"ocean_custom_logo_tablet_max_width":0,"ocean_custom_logo_mobile_max_width":0,"ocean_custom_logo_max_height":0,"ocean_custom_logo_tablet_max_height":0,"ocean_custom_logo_mobile_max_height":0,"ocean_header_custom_menu":"","ocean_menu_typo_font_family":"","ocean_menu_typo_font_subset":"","ocean_menu_typo_font_size":0,"ocean_menu_typo_font_size_tablet":0,"ocean_menu_typo_font_size_mobile":0,"ocean_menu_typo_font_size_unit":"px","ocean_menu_typo_font_weight":"","ocean_menu_typo_font_weight_tablet":"","ocean_menu_typo_font_weight_mobile":"","ocean_menu_typo_transform":"","ocean_menu_typo_transform_tablet":"","ocean_menu_typo_transform_mobile":"","ocean_menu_typo_line_height":0,"ocean_menu_typo_line_height_tablet":0,"ocean_menu_typo_line_height_mobile":0,"ocean_menu_typo_line_height_unit":"","ocean_menu_typo_spacing":0,"ocean_menu_typo_spacing_tablet":0,"ocean_menu_typo_spacing_mobile":0,"ocean_menu_typo_spacing_unit":"","ocean_menu_link_color":"","ocean_menu_link_color_hover":"","ocean_menu_link_color_active":"","ocean_menu_link_background":"","ocean_menu_link_hover_background":"","ocean_menu_link_active_background":"","ocean_menu_social_links_bg":"","ocean_menu_social_hover_links_bg":"","ocean_menu_social_links_color":"","ocean_menu_social_hover_links_color":"","ocean_disable_title":"default","ocean_disable_heading":"default","ocean_post_title":"","ocean_post_subheading":"","ocean_post_title_style":"","ocean_post_title_background_color":"","ocean_post_title_background":0,"ocean_post_title_bg_image_position":"","ocean_post_title_bg_image_attachment":"","ocean_post_title_bg_image_repeat":"","ocean_post_title_bg_image_size":"","ocean_post_title_height":0,"ocean_post_title_bg_overlay":0.5,"ocean_post_title_bg_overlay_color":"","ocean_disable_breadcrumbs":"default","ocean_breadcrumbs_color":"","ocean_breadcrumbs_separator_color":"","ocean_breadcrumbs_links_color":"","ocean_breadcrumbs_links_hover_color":"","ocean_display_footer_widgets":"default","ocean_display_footer_bottom":"default","ocean_custom_footer_template":"","_joinchat":[],"ocean_post_oembed":"","ocean_post_self_hosted_media":"","ocean_post_video_embed":"","ocean_link_format":"","ocean_link_format_target":"self","ocean_quote_format":"","ocean_quote_format_link":"post","ocean_gallery_link_images":"on","ocean_gallery_id":[],"footnotes":""},"categories":[1],"tags":[],"class_list":["post-5064","post","type-post","status-publish","format-standard","hentry","category-uncategorized","entry"],"yoast_head":"<!-- This site is optimized with the Yoast SEO plugin v27.3 - https:\/\/yoast.com\/product\/yoast-seo-wordpress\/ -->\n<title>C\u00e2t cost\u0103 s\u0103 stai \u00eentr-un tiny house situat \u00een T\u00e2rgu Secuiesc? - Cazare \u00een T\u00e2rgu Secueisc<\/title>\n<meta name=\"robots\" content=\"index, follow, max-snippet:-1, max-image-preview:large, max-video-preview:-1\" \/>\n<link rel=\"canonical\" href=\"https:\/\/targusecuiesc.eu\/en\/2023\/02\/22\/how-much-does-it-cost-to-stay-in-a-tiny-house-located-in-targu-secuiesc\/\" \/>\n<meta property=\"og:locale\" content=\"en_GB\" \/>\n<meta property=\"og:type\" content=\"article\" \/>\n<meta property=\"og:title\" content=\"C\u00e2t cost\u0103 s\u0103 stai \u00eentr-un tiny house situat \u00een T\u00e2rgu Secuiesc? - Cazare \u00een T\u00e2rgu Secueisc\" \/>\n<meta property=\"og:description\" content=\"Tiny house living este un concept nou care a prins contur \u00een ultimii ani. Acesta se refer\u0103 la folosirea unei case mici, ca o cas\u0103 mobil\u0103, ca locuin\u021b\u0103 permanent\u0103 sau temporar\u0103. De\u0219i conceptul nu este nou, aceasta a prins popularitate \u00een ultimii ani, deoarece ofer\u0103 o solu\u021bie mai ieftin\u0103 pentru locuin\u021be \u0219i ofer\u0103 oportunit\u0103\u021bi de [&hellip;]\" \/>\n<meta property=\"og:url\" content=\"https:\/\/targusecuiesc.eu\/en\/2023\/02\/22\/how-much-does-it-cost-to-stay-in-a-tiny-house-located-in-targu-secuiesc\/\" \/>\n<meta property=\"og:site_name\" content=\"Cazare \u00een T\u00e2rgu Secueisc\" \/>\n<meta property=\"article:published_time\" content=\"2023-02-22T17:08:06+00:00\" \/>\n<meta property=\"article:modified_time\" content=\"2023-02-22T19:49:31+00:00\" \/>\n<meta property=\"og:image\" content=\"https:\/\/targusecuiesc.eu\/wp-content\/uploads\/2023\/02\/tiny-house-situat-in-Targu-Secuiesc-1024x834.webp\" \/>\n<meta name=\"author\" content=\"Levente\" \/>\n<meta name=\"twitter:card\" content=\"summary_large_image\" \/>\n<meta name=\"twitter:label1\" content=\"Written by\" \/>\n\t<meta name=\"twitter:data1\" content=\"Levente\" \/>\n\t<meta name=\"twitter:label2\" content=\"Estimated reading time\" \/>\n\t<meta name=\"twitter:data2\" content=\"2 minutes\" \/>\n<script type=\"application\/ld+json\" class=\"yoast-schema-graph\">{\"@context\":\"https:\\\/\\\/schema.org\",\"@graph\":[{\"@type\":\"Article\",\"@id\":\"https:\\\/\\\/targusecuiesc.eu\\\/2023\\\/02\\\/22\\\/cat-costa-sa-stai-intr-un-tiny-house-situat-in-targu-secuiesc\\\/#article\",\"isPartOf\":{\"@id\":\"https:\\\/\\\/targusecuiesc.eu\\\/2023\\\/02\\\/22\\\/cat-costa-sa-stai-intr-un-tiny-house-situat-in-targu-secuiesc\\\/\"},\"author\":{\"name\":\"Levente\",\"@id\":\"https:\\\/\\\/targusecuiesc.eu\\\/#\\\/schema\\\/person\\\/3e8e0dc36a7b432328a4fa3a70aa5de3\"},\"headline\":\"C\u00e2t cost\u0103 s\u0103 stai \u00eentr-un tiny house situat \u00een T\u00e2rgu Secuiesc?\",\"datePublished\":\"2023-02-22T17:08:06+00:00\",\"dateModified\":\"2023-02-22T19:49:31+00:00\",\"mainEntityOfPage\":{\"@id\":\"https:\\\/\\\/targusecuiesc.eu\\\/2023\\\/02\\\/22\\\/cat-costa-sa-stai-intr-un-tiny-house-situat-in-targu-secuiesc\\\/\"},\"wordCount\":307,\"commentCount\":0,\"publisher\":{\"@id\":\"https:\\\/\\\/targusecuiesc.eu\\\/#organization\"},\"image\":{\"@id\":\"https:\\\/\\\/targusecuiesc.eu\\\/2023\\\/02\\\/22\\\/cat-costa-sa-stai-intr-un-tiny-house-situat-in-targu-secuiesc\\\/#primaryimage\"},\"thumbnailUrl\":\"https:\\\/\\\/targusecuiesc.eu\\\/wp-content\\\/uploads\\\/2023\\\/02\\\/tiny-house-situat-in-Targu-Secuiesc-1024x834.webp\",\"articleSection\":[\"Uncategorized\"],\"inLanguage\":\"en-GB\",\"potentialAction\":[{\"@type\":\"CommentAction\",\"name\":\"Comment\",\"target\":[\"https:\\\/\\\/targusecuiesc.eu\\\/2023\\\/02\\\/22\\\/cat-costa-sa-stai-intr-un-tiny-house-situat-in-targu-secuiesc\\\/#respond\"]}]},{\"@type\":\"WebPage\",\"@id\":\"https:\\\/\\\/targusecuiesc.eu\\\/2023\\\/02\\\/22\\\/cat-costa-sa-stai-intr-un-tiny-house-situat-in-targu-secuiesc\\\/\",\"url\":\"https:\\\/\\\/targusecuiesc.eu\\\/2023\\\/02\\\/22\\\/cat-costa-sa-stai-intr-un-tiny-house-situat-in-targu-secuiesc\\\/\",\"name\":\"C\u00e2t cost\u0103 s\u0103 stai \u00eentr-un tiny house situat \u00een T\u00e2rgu Secuiesc? - Cazare \u00een T\u00e2rgu Secueisc\",\"isPartOf\":{\"@id\":\"https:\\\/\\\/targusecuiesc.eu\\\/#website\"},\"primaryImageOfPage\":{\"@id\":\"https:\\\/\\\/targusecuiesc.eu\\\/2023\\\/02\\\/22\\\/cat-costa-sa-stai-intr-un-tiny-house-situat-in-targu-secuiesc\\\/#primaryimage\"},\"image\":{\"@id\":\"https:\\\/\\\/targusecuiesc.eu\\\/2023\\\/02\\\/22\\\/cat-costa-sa-stai-intr-un-tiny-house-situat-in-targu-secuiesc\\\/#primaryimage\"},\"thumbnailUrl\":\"https:\\\/\\\/targusecuiesc.eu\\\/wp-content\\\/uploads\\\/2023\\\/02\\\/tiny-house-situat-in-Targu-Secuiesc-1024x834.webp\",\"datePublished\":\"2023-02-22T17:08:06+00:00\",\"dateModified\":\"2023-02-22T19:49:31+00:00\",\"breadcrumb\":{\"@id\":\"https:\\\/\\\/targusecuiesc.eu\\\/2023\\\/02\\\/22\\\/cat-costa-sa-stai-intr-un-tiny-house-situat-in-targu-secuiesc\\\/#breadcrumb\"},\"inLanguage\":\"en-GB\",\"potentialAction\":[{\"@type\":\"ReadAction\",\"target\":[\"https:\\\/\\\/targusecuiesc.eu\\\/2023\\\/02\\\/22\\\/cat-costa-sa-stai-intr-un-tiny-house-situat-in-targu-secuiesc\\\/\"]}]},{\"@type\":\"ImageObject\",\"inLanguage\":\"en-GB\",\"@id\":\"https:\\\/\\\/targusecuiesc.eu\\\/2023\\\/02\\\/22\\\/cat-costa-sa-stai-intr-un-tiny-house-situat-in-targu-secuiesc\\\/#primaryimage\",\"url\":\"https:\\\/\\\/targusecuiesc.eu\\\/wp-content\\\/uploads\\\/2023\\\/02\\\/tiny-house-situat-in-Targu-Secuiesc-1024x834.webp\",\"contentUrl\":\"https:\\\/\\\/targusecuiesc.eu\\\/wp-content\\\/uploads\\\/2023\\\/02\\\/tiny-house-situat-in-Targu-Secuiesc-1024x834.webp\"},{\"@type\":\"BreadcrumbList\",\"@id\":\"https:\\\/\\\/targusecuiesc.eu\\\/2023\\\/02\\\/22\\\/cat-costa-sa-stai-intr-un-tiny-house-situat-in-targu-secuiesc\\\/#breadcrumb\",\"itemListElement\":[{\"@type\":\"ListItem\",\"position\":1,\"name\":\"Prima pagin\u0103\",\"item\":\"https:\\\/\\\/targusecuiesc.eu\\\/\"},{\"@type\":\"ListItem\",\"position\":2,\"name\":\"C\u00e2t cost\u0103 s\u0103 stai \u00eentr-un tiny house situat \u00een T\u00e2rgu Secuiesc?\"}]},{\"@type\":\"WebSite\",\"@id\":\"https:\\\/\\\/targusecuiesc.eu\\\/#website\",\"url\":\"https:\\\/\\\/targusecuiesc.eu\\\/\",\"name\":\"Cazare \u00een T\u00e2rgu Secueisc\",\"description\":\"Te afli \u00een c\u0103utarea unui loc potrivit de cazare \u00een T\u00e2rgu Secuiesc?\",\"publisher\":{\"@id\":\"https:\\\/\\\/targusecuiesc.eu\\\/#organization\"},\"alternateName\":\"Te afli in cautarea unui loc potrivit de cazare in Targu Secuiesc?\",\"potentialAction\":[{\"@type\":\"SearchAction\",\"target\":{\"@type\":\"EntryPoint\",\"urlTemplate\":\"https:\\\/\\\/targusecuiesc.eu\\\/?s={search_term_string}\"},\"query-input\":{\"@type\":\"PropertyValueSpecification\",\"valueRequired\":true,\"valueName\":\"search_term_string\"}}],\"inLanguage\":\"en-GB\"},{\"@type\":\"Organization\",\"@id\":\"https:\\\/\\\/targusecuiesc.eu\\\/#organization\",\"name\":\"Cazare \u00een T\u00e2rgu Secueisc\",\"alternateName\":\"Te afli in cautarea unui loc potrivit de cazare in Targu Secuiesc?\",\"url\":\"https:\\\/\\\/targusecuiesc.eu\\\/\",\"logo\":{\"@type\":\"ImageObject\",\"inLanguage\":\"en-GB\",\"@id\":\"https:\\\/\\\/targusecuiesc.eu\\\/#\\\/schema\\\/logo\\\/image\\\/\",\"url\":\"https:\\\/\\\/targusecuiesc.eu\\\/wp-content\\\/uploads\\\/2022\\\/05\\\/cropped-targu-secuiesc-1-e1653031917947.png\",\"contentUrl\":\"https:\\\/\\\/targusecuiesc.eu\\\/wp-content\\\/uploads\\\/2022\\\/05\\\/cropped-targu-secuiesc-1-e1653031917947.png\",\"width\":512,\"height\":512,\"caption\":\"Cazare \u00een T\u00e2rgu Secueisc\"},\"image\":{\"@id\":\"https:\\\/\\\/targusecuiesc.eu\\\/#\\\/schema\\\/logo\\\/image\\\/\"}},{\"@type\":\"Person\",\"@id\":\"https:\\\/\\\/targusecuiesc.eu\\\/#\\\/schema\\\/person\\\/3e8e0dc36a7b432328a4fa3a70aa5de3\",\"name\":\"Levente\",\"image\":{\"@type\":\"ImageObject\",\"inLanguage\":\"en-GB\",\"@id\":\"https:\\\/\\\/secure.gravatar.com\\\/avatar\\\/a800d69db893890d57b88525e6aba9502659e29fa5a7ce96c5354202678a9227?s=96&d=mm&r=g\",\"url\":\"https:\\\/\\\/secure.gravatar.com\\\/avatar\\\/a800d69db893890d57b88525e6aba9502659e29fa5a7ce96c5354202678a9227?s=96&d=mm&r=g\",\"contentUrl\":\"https:\\\/\\\/secure.gravatar.com\\\/avatar\\\/a800d69db893890d57b88525e6aba9502659e29fa5a7ce96c5354202678a9227?s=96&d=mm&r=g\",\"caption\":\"Levente\"},\"sameAs\":[\"https:\\\/\\\/targusecuiesc.eu\"],\"url\":\"https:\\\/\\\/targusecuiesc.eu\\\/en\\\/author\\\/admin\\\/\"}]}<\/script>\n<!-- \/ Yoast SEO plugin. -->","yoast_head_json":{"title":"How much does it cost to stay in a tiny house in Targu Secuiesc? - Accommodation in T\u00e2rgu Secueisc","robots":{"index":"index","follow":"follow","max-snippet":"max-snippet:-1","max-image-preview":"max-image-preview:large","max-video-preview":"max-video-preview:-1"},"canonical":"https:\/\/targusecuiesc.eu\/en\/2023\/02\/22\/how-much-does-it-cost-to-stay-in-a-tiny-house-located-in-targu-secuiesc\/","og_locale":"en_GB","og_type":"article","og_title":"C\u00e2t cost\u0103 s\u0103 stai \u00eentr-un tiny house situat \u00een T\u00e2rgu Secuiesc? - Cazare \u00een T\u00e2rgu Secueisc","og_description":"Tiny house living este un concept nou care a prins contur \u00een ultimii ani. Acesta se refer\u0103 la folosirea unei case mici, ca o cas\u0103 mobil\u0103, ca locuin\u021b\u0103 permanent\u0103 sau temporar\u0103. De\u0219i conceptul nu este nou, aceasta a prins popularitate \u00een ultimii ani, deoarece ofer\u0103 o solu\u021bie mai ieftin\u0103 pentru locuin\u021be \u0219i ofer\u0103 oportunit\u0103\u021bi de [&hellip;]","og_url":"https:\/\/targusecuiesc.eu\/en\/2023\/02\/22\/how-much-does-it-cost-to-stay-in-a-tiny-house-located-in-targu-secuiesc\/","og_site_name":"Cazare \u00een T\u00e2rgu Secueisc","article_published_time":"2023-02-22T17:08:06+00:00","article_modified_time":"2023-02-22T19:49:31+00:00","og_image":[{"url":"https:\/\/targusecuiesc.eu\/wp-content\/uploads\/2023\/02\/tiny-house-situat-in-Targu-Secuiesc-1024x834.webp","type":"","width":"","height":""}],"author":"Levente","twitter_card":"summary_large_image","twitter_misc":{"Written by":"Levente","Estimated reading time":"2 minutes"},"schema":{"@context":"https:\/\/schema.org","@graph":[{"@type":"Article","@id":"https:\/\/targusecuiesc.eu\/2023\/02\/22\/cat-costa-sa-stai-intr-un-tiny-house-situat-in-targu-secuiesc\/#article","isPartOf":{"@id":"https:\/\/targusecuiesc.eu\/2023\/02\/22\/cat-costa-sa-stai-intr-un-tiny-house-situat-in-targu-secuiesc\/"},"author":{"name":"Levente","@id":"https:\/\/targusecuiesc.eu\/#\/schema\/person\/3e8e0dc36a7b432328a4fa3a70aa5de3"},"headline":"C\u00e2t cost\u0103 s\u0103 stai \u00eentr-un tiny house situat \u00een T\u00e2rgu Secuiesc?","datePublished":"2023-02-22T17:08:06+00:00","dateModified":"2023-02-22T19:49:31+00:00","mainEntityOfPage":{"@id":"https:\/\/targusecuiesc.eu\/2023\/02\/22\/cat-costa-sa-stai-intr-un-tiny-house-situat-in-targu-secuiesc\/"},"wordCount":307,"commentCount":0,"publisher":{"@id":"https:\/\/targusecuiesc.eu\/#organization"},"image":{"@id":"https:\/\/targusecuiesc.eu\/2023\/02\/22\/cat-costa-sa-stai-intr-un-tiny-house-situat-in-targu-secuiesc\/#primaryimage"},"thumbnailUrl":"https:\/\/targusecuiesc.eu\/wp-content\/uploads\/2023\/02\/tiny-house-situat-in-Targu-Secuiesc-1024x834.webp","articleSection":["Uncategorized"],"inLanguage":"en-GB","potentialAction":[{"@type":"CommentAction","name":"Comment","target":["https:\/\/targusecuiesc.eu\/2023\/02\/22\/cat-costa-sa-stai-intr-un-tiny-house-situat-in-targu-secuiesc\/#respond"]}]},{"@type":"WebPage","@id":"https:\/\/targusecuiesc.eu\/2023\/02\/22\/cat-costa-sa-stai-intr-un-tiny-house-situat-in-targu-secuiesc\/","url":"https:\/\/targusecuiesc.eu\/2023\/02\/22\/cat-costa-sa-stai-intr-un-tiny-house-situat-in-targu-secuiesc\/","name":"How much does it cost to stay in a tiny house in Targu Secuiesc? - Accommodation in T\u00e2rgu Secueisc","isPartOf":{"@id":"https:\/\/targusecuiesc.eu\/#website"},"primaryImageOfPage":{"@id":"https:\/\/targusecuiesc.eu\/2023\/02\/22\/cat-costa-sa-stai-intr-un-tiny-house-situat-in-targu-secuiesc\/#primaryimage"},"image":{"@id":"https:\/\/targusecuiesc.eu\/2023\/02\/22\/cat-costa-sa-stai-intr-un-tiny-house-situat-in-targu-secuiesc\/#primaryimage"},"thumbnailUrl":"https:\/\/targusecuiesc.eu\/wp-content\/uploads\/2023\/02\/tiny-house-situat-in-Targu-Secuiesc-1024x834.webp","datePublished":"2023-02-22T17:08:06+00:00","dateModified":"2023-02-22T19:49:31+00:00","breadcrumb":{"@id":"https:\/\/targusecuiesc.eu\/2023\/02\/22\/cat-costa-sa-stai-intr-un-tiny-house-situat-in-targu-secuiesc\/#breadcrumb"},"inLanguage":"en-GB","potentialAction":[{"@type":"ReadAction","target":["https:\/\/targusecuiesc.eu\/2023\/02\/22\/cat-costa-sa-stai-intr-un-tiny-house-situat-in-targu-secuiesc\/"]}]},{"@type":"ImageObject","inLanguage":"en-GB","@id":"https:\/\/targusecuiesc.eu\/2023\/02\/22\/cat-costa-sa-stai-intr-un-tiny-house-situat-in-targu-secuiesc\/#primaryimage","url":"https:\/\/targusecuiesc.eu\/wp-content\/uploads\/2023\/02\/tiny-house-situat-in-Targu-Secuiesc-1024x834.webp","contentUrl":"https:\/\/targusecuiesc.eu\/wp-content\/uploads\/2023\/02\/tiny-house-situat-in-Targu-Secuiesc-1024x834.webp"},{"@type":"BreadcrumbList","@id":"https:\/\/targusecuiesc.eu\/2023\/02\/22\/cat-costa-sa-stai-intr-un-tiny-house-situat-in-targu-secuiesc\/#breadcrumb","itemListElement":[{"@type":"ListItem","position":1,"name":"Prima pagin\u0103","item":"https:\/\/targusecuiesc.eu\/"},{"@type":"ListItem","position":2,"name":"C\u00e2t cost\u0103 s\u0103 stai \u00eentr-un tiny house situat \u00een T\u00e2rgu Secuiesc?"}]},{"@type":"WebSite","@id":"https:\/\/targusecuiesc.eu\/#website","url":"https:\/\/targusecuiesc.eu\/","name":"Accommodation in T\u00e2rgu Secueisc","description":"Are you looking for a suitable accommodation in Targu Secuiesc?","publisher":{"@id":"https:\/\/targusecuiesc.eu\/#organization"},"alternateName":"Te afli in cautarea unui loc potrivit de cazare in Targu Secuiesc?","potentialAction":[{"@type":"SearchAction","target":{"@type":"EntryPoint","urlTemplate":"https:\/\/targusecuiesc.eu\/?s={search_term_string}"},"query-input":{"@type":"PropertyValueSpecification","valueRequired":true,"valueName":"search_term_string"}}],"inLanguage":"en-GB"},{"@type":"Organization","@id":"https:\/\/targusecuiesc.eu\/#organization","name":"Accommodation in T\u00e2rgu Secueisc","alternateName":"Te afli in cautarea unui loc potrivit de cazare in Targu Secuiesc?","url":"https:\/\/targusecuiesc.eu\/","logo":{"@type":"ImageObject","inLanguage":"en-GB","@id":"https:\/\/targusecuiesc.eu\/#\/schema\/logo\/image\/","url":"https:\/\/targusecuiesc.eu\/wp-content\/uploads\/2022\/05\/cropped-targu-secuiesc-1-e1653031917947.png","contentUrl":"https:\/\/targusecuiesc.eu\/wp-content\/uploads\/2022\/05\/cropped-targu-secuiesc-1-e1653031917947.png","width":512,"height":512,"caption":"Cazare \u00een T\u00e2rgu Secueisc"},"image":{"@id":"https:\/\/targusecuiesc.eu\/#\/schema\/logo\/image\/"}},{"@type":"Person","@id":"https:\/\/targusecuiesc.eu\/#\/schema\/person\/3e8e0dc36a7b432328a4fa3a70aa5de3","name":"Levente","image":{"@type":"ImageObject","inLanguage":"en-GB","@id":"https:\/\/secure.gravatar.com\/avatar\/a800d69db893890d57b88525e6aba9502659e29fa5a7ce96c5354202678a9227?s=96&d=mm&r=g","url":"https:\/\/secure.gravatar.com\/avatar\/a800d69db893890d57b88525e6aba9502659e29fa5a7ce96c5354202678a9227?s=96&d=mm&r=g","contentUrl":"https:\/\/secure.gravatar.com\/avatar\/a800d69db893890d57b88525e6aba9502659e29fa5a7ce96c5354202678a9227?s=96&d=mm&r=g","caption":"Levente"},"sameAs":["https:\/\/targusecuiesc.eu"],"url":"https:\/\/targusecuiesc.eu\/en\/author\/admin\/"}]}},"_links":{"self":[{"href":"https:\/\/targusecuiesc.eu\/en\/wp-json\/wp\/v2\/posts\/5064","targetHints":{"allow":["GET"]}}],"collection":[{"href":"https:\/\/targusecuiesc.eu\/en\/wp-json\/wp\/v2\/posts"}],"about":[{"href":"https:\/\/targusecuiesc.eu\/en\/wp-json\/wp\/v2\/types\/post"}],"author":[{"embeddable":true,"href":"https:\/\/targusecuiesc.eu\/en\/wp-json\/wp\/v2\/users\/1"}],"replies":[{"embeddable":true,"href":"https:\/\/targusecuiesc.eu\/en\/wp-json\/wp\/v2\/comments?post=5064"}],"version-history":[{"count":0,"href":"https:\/\/targusecuiesc.eu\/en\/wp-json\/wp\/v2\/posts\/5064\/revisions"}],"wp:attachment":[{"href":"https:\/\/targusecuiesc.eu\/en\/wp-json\/wp\/v2\/media?parent=5064"}],"wp:term":[{"taxonomy":"category","embeddable":true,"href":"https:\/\/targusecuiesc.eu\/en\/wp-json\/wp\/v2\/categories?post=5064"},{"taxonomy":"post_tag","embeddable":true,"href":"https:\/\/targusecuiesc.eu\/en\/wp-json\/wp\/v2\/tags?post=5064"}],"curies":[{"name":"wp","href":"https:\/\/api.w.org\/{rel}","templated":true}]}}