{"id":4098,"date":"2023-01-22T13:47:47","date_gmt":"2023-01-22T11:47:47","guid":{"rendered":"https:\/\/targusecuiesc.eu\/?p=4098"},"modified":"2023-01-22T13:59:41","modified_gmt":"2023-01-22T11:59:41","slug":"courtile-din-targu-secuiesc-2","status":"publish","type":"post","link":"https:\/\/targusecuiesc.eu\/en\/2023\/01\/22\/curtile-din-targu-secuiesc\/","title":{"rendered":"Courts in Targu Secuiesc"},"content":{"rendered":"<div data-elementor-type=\"wp-post\" data-elementor-id=\"4098\" class=\"elementor elementor-4098\" data-elementor-post-type=\"post\">\n\t\t\t\t\t\t<section class=\"elementor-section elementor-top-section elementor-element elementor-element-6c896e9 elementor-section-boxed elementor-section-height-default elementor-section-height-default\" data-id=\"6c896e9\" data-element_type=\"section\" data-e-type=\"section\">\n\t\t\t\t\t\t<div class=\"elementor-container elementor-column-gap-default\">\n\t\t\t\t\t<div class=\"elementor-column elementor-col-100 elementor-top-column elementor-element elementor-element-2311f93\" data-id=\"2311f93\" data-element_type=\"column\" data-e-type=\"column\">\n\t\t\t<div class=\"elementor-widget-wrap elementor-element-populated\">\n\t\t\t\t\t\t<div class=\"elementor-element elementor-element-85692e3 elementor-widget elementor-widget-image\" data-id=\"85692e3\" data-element_type=\"widget\" data-e-type=\"widget\" data-widget_type=\"image.default\">\n\t\t\t\t\t\t\t\t\t\t\t\t\t\t\t<img fetchpriority=\"high\" decoding=\"async\" width=\"1024\" height=\"538\" src=\"https:\/\/targusecuiesc.eu\/wp-content\/uploads\/2023\/01\/Curtile-din-Targu-Secuiesc-1024x538.jpeg\" class=\"attachment-large size-large wp-image-4102\" alt=\"Courts in Targu Secuiesc\" srcset=\"https:\/\/targusecuiesc.eu\/wp-content\/uploads\/2023\/01\/Curtile-din-Targu-Secuiesc-scaled.jpeg 1024w, https:\/\/targusecuiesc.eu\/wp-content\/uploads\/2023\/01\/Curtile-din-Targu-Secuiesc-300x158.jpeg 300w, https:\/\/targusecuiesc.eu\/wp-content\/uploads\/2023\/01\/Curtile-din-Targu-Secuiesc-768x403.jpeg 768w, https:\/\/targusecuiesc.eu\/wp-content\/uploads\/2023\/01\/Curtile-din-Targu-Secuiesc-1536x806.jpeg 1536w, https:\/\/targusecuiesc.eu\/wp-content\/uploads\/2023\/01\/Curtile-din-Targu-Secuiesc-2048x1075.jpeg 2048w, https:\/\/targusecuiesc.eu\/wp-content\/uploads\/2023\/01\/Curtile-din-Targu-Secuiesc-18x9.jpeg 18w\" sizes=\"(max-width: 1024px) 100vw, 1024px\" \/>\t\t\t\t\t\t\t\t\t\t\t\t\t\t\t<\/div>\n\t\t\t\t\t<\/div>\n\t\t<\/div>\n\t\t\t\t\t<\/div>\n\t\t<\/section>\n\t\t\t\t<section class=\"elementor-section elementor-top-section elementor-element elementor-element-363af33 elementor-section-boxed elementor-section-height-default elementor-section-height-default\" data-id=\"363af33\" data-element_type=\"section\" data-e-type=\"section\">\n\t\t\t\t\t\t<div class=\"elementor-container elementor-column-gap-default\">\n\t\t\t\t\t<div class=\"elementor-column elementor-col-100 elementor-top-column elementor-element elementor-element-1ae40ae\" data-id=\"1ae40ae\" data-element_type=\"column\" data-e-type=\"column\">\n\t\t\t<div class=\"elementor-widget-wrap elementor-element-populated\">\n\t\t\t\t\t\t<div class=\"elementor-element elementor-element-afbb324 elementor-widget elementor-widget-text-editor\" data-id=\"afbb324\" data-element_type=\"widget\" data-e-type=\"widget\" data-widget_type=\"text-editor.default\">\n\t\t\t\t\t\t\t\t\t<p data-pm-slice=\"1 1 []\"><a href=\"https:\/\/targusecuiesc.eu\/en\/\">Szekler town<\/a> is a historic town located in the south-eastern part of Transylvania. The town has a rich history and vibrant culture, and one of the most important pieces of this history are its courts. These courtyards are located in the centre of the town and are known as \"passage-type courtyards\". They existed in <a href=\"https:\/\/www.kezdi.ro\/ro\/targu-secuiesc\/\">Szekler town<\/a> for many centuries and were built as a way to protect the owner's home and provide a narrow, private environment for the families who lived there.<\/p><p>The courtyards of Targu Secuiesc are small, narrow and often enclosed buildings found in the town of Targu Secuiesc. These courtyards are an important part of the town's history and represent the way the town's inhabitants have lived over the centuries. These courtyards have a rich history and culture, and presenting them here will give readers a better insight into them.<\/p><p>At present, the whole town has 73 of these passage courts (alleys), Court 5 is missing and closed. They are built in an original shape, with side branches connecting to the main entrance of the courtyard. These side branches allow visitors to enjoy private space within the courtyard. These courtyards are often enclosed by large, low fences or walls, which provide a sense of privacy and protection.<\/p><h2 data-pm-slice=\"1 1 []\">Presentation of courts<\/h2><p>The courtyards in Targu Secuiesc are built on three levels. The first, the lowest, is the one that connects the courtyards to the main street. The second level has a low platform, where you can find a central fountain or a large stone, which is used as a focal point to enjoy a relaxing atmosphere. The last level is the highest and most private, where you will find the owners' homes and their accessories.<\/p><p>The courtyards of Targu Secuiesc offer many benefits to both locals and tourists who come to visit. They are a wonderful way to discover the culture of the locals and the history of the town and allow them to be an active part of it through the tourist excursions offered to locals to explore these interesting places. They can also be used as places for accommodation and entertainment by locals and tourists alike. These courtyards provide a peaceful and intimate environment in which to spend relaxing and quiet time.<\/p><p data-pm-slice=\"1 1 []\">The courts of Targu Secuiesc are an important part of the local culture and history of the town and offer many benefits to both locals and tourists who come to visit. These courtyards can be discovered through tourist guides or organised tours of the town, providing information about interesting places in Targu Secuiesc. They also offer opportunities for accommodation and entertainment and a peaceful and intimate environment in which to spend relaxing and quiet time.<\/p>\t\t\t\t\t\t\t\t<\/div>\n\t\t\t\t\t<\/div>\n\t\t<\/div>\n\t\t\t\t\t<\/div>\n\t\t<\/section>\n\t\t\t\t<\/div>","protected":false},"excerpt":{"rendered":"<p>T\u00e2rgu Secuiesc este un ora\u0219 istoric situat \u00een partea de sud-estul Transilvaniei. Ora\u0219ul are o istorie bogat\u0103 \u0219i o cultur\u0103 vibrant\u0103, iar una dintre cele mai importante piese din aceast\u0103 istorie sunt cur\u021bile sale. Aceste cur\u021bi se g\u0103sesc \u00een centrul ora\u0219ului \u0219i sunt cunoscute sub numele de &#8222;cur\u021bi tip pasaj&#8221;. Acestea au existat \u00een T\u00e2rgu [&hellip;]<\/p>\n","protected":false},"author":1,"featured_media":4102,"comment_status":"open","ping_status":"open","sticky":false,"template":"","format":"standard","meta":{"ocean_post_layout":"","ocean_both_sidebars_style":"","ocean_both_sidebars_content_width":0,"ocean_both_sidebars_sidebars_width":0,"ocean_sidebar":"","ocean_second_sidebar":"","ocean_disable_margins":"enable","ocean_add_body_class":"","ocean_shortcode_before_top_bar":"","ocean_shortcode_after_top_bar":"","ocean_shortcode_before_header":"","ocean_shortcode_after_header":"","ocean_has_shortcode":"","ocean_shortcode_after_title":"","ocean_shortcode_before_footer_widgets":"","ocean_shortcode_after_footer_widgets":"","ocean_shortcode_before_footer_bottom":"","ocean_shortcode_after_footer_bottom":"","ocean_display_top_bar":"default","ocean_display_header":"default","ocean_header_style":"","ocean_center_header_left_menu":"","ocean_custom_header_template":"","ocean_custom_logo":0,"ocean_custom_retina_logo":0,"ocean_custom_logo_max_width":0,"ocean_custom_logo_tablet_max_width":0,"ocean_custom_logo_mobile_max_width":0,"ocean_custom_logo_max_height":0,"ocean_custom_logo_tablet_max_height":0,"ocean_custom_logo_mobile_max_height":0,"ocean_header_custom_menu":"","ocean_menu_typo_font_family":"","ocean_menu_typo_font_subset":"","ocean_menu_typo_font_size":0,"ocean_menu_typo_font_size_tablet":0,"ocean_menu_typo_font_size_mobile":0,"ocean_menu_typo_font_size_unit":"px","ocean_menu_typo_font_weight":"","ocean_menu_typo_font_weight_tablet":"","ocean_menu_typo_font_weight_mobile":"","ocean_menu_typo_transform":"","ocean_menu_typo_transform_tablet":"","ocean_menu_typo_transform_mobile":"","ocean_menu_typo_line_height":0,"ocean_menu_typo_line_height_tablet":0,"ocean_menu_typo_line_height_mobile":0,"ocean_menu_typo_line_height_unit":"","ocean_menu_typo_spacing":0,"ocean_menu_typo_spacing_tablet":0,"ocean_menu_typo_spacing_mobile":0,"ocean_menu_typo_spacing_unit":"","ocean_menu_link_color":"","ocean_menu_link_color_hover":"","ocean_menu_link_color_active":"","ocean_menu_link_background":"","ocean_menu_link_hover_background":"","ocean_menu_link_active_background":"","ocean_menu_social_links_bg":"","ocean_menu_social_hover_links_bg":"","ocean_menu_social_links_color":"","ocean_menu_social_hover_links_color":"","ocean_disable_title":"default","ocean_disable_heading":"default","ocean_post_title":"","ocean_post_subheading":"","ocean_post_title_style":"","ocean_post_title_background_color":"","ocean_post_title_background":0,"ocean_post_title_bg_image_position":"","ocean_post_title_bg_image_attachment":"","ocean_post_title_bg_image_repeat":"","ocean_post_title_bg_image_size":"","ocean_post_title_height":0,"ocean_post_title_bg_overlay":0.5,"ocean_post_title_bg_overlay_color":"","ocean_disable_breadcrumbs":"default","ocean_breadcrumbs_color":"","ocean_breadcrumbs_separator_color":"","ocean_breadcrumbs_links_color":"","ocean_breadcrumbs_links_hover_color":"","ocean_display_footer_widgets":"default","ocean_display_footer_bottom":"default","ocean_custom_footer_template":"","_joinchat":[],"ocean_post_oembed":"","ocean_post_self_hosted_media":"","ocean_post_video_embed":"","ocean_link_format":"","ocean_link_format_target":"self","ocean_quote_format":"","ocean_quote_format_link":"post","ocean_gallery_link_images":"on","ocean_gallery_id":[],"footnotes":""},"categories":[1],"tags":[],"class_list":["post-4098","post","type-post","status-publish","format-standard","has-post-thumbnail","hentry","category-uncategorized","entry","has-media"],"yoast_head":"<!-- This site is optimized with the Yoast SEO plugin v27.5 - https:\/\/yoast.com\/product\/yoast-seo-wordpress\/ -->\n<title>Cur\u021bile din T\u00e2rgu Secuiesc - Cazare \u00een T\u00e2rgu Secueisc<\/title>\n<meta name=\"description\" content=\"Cur\u0163ile din T\u00e2rgu Secuiesc reprezint\u0103 un element important al culturii locale \u015fi istoriei ora\u015fului \u0219i ofer\u0103 numeroase beneficii at\u00e2t localnicilor c\u00e2t \u015fi turistilor care vin s-o viziteze.\" \/>\n<meta name=\"robots\" content=\"index, follow, max-snippet:-1, max-image-preview:large, max-video-preview:-1\" \/>\n<link rel=\"canonical\" href=\"https:\/\/targusecuiesc.eu\/en\/2023\/01\/22\/courtile-din-targu-secuiesc-2\/\" \/>\n<meta property=\"og:locale\" content=\"en_GB\" \/>\n<meta property=\"og:type\" content=\"article\" \/>\n<meta property=\"og:title\" content=\"Cur\u021bile din T\u00e2rgu Secuiesc - Cazare \u00een T\u00e2rgu Secueisc\" \/>\n<meta property=\"og:description\" content=\"Cur\u0163ile din T\u00e2rgu Secuiesc reprezint\u0103 un element important al culturii locale \u015fi istoriei ora\u015fului \u0219i ofer\u0103 numeroase beneficii at\u00e2t localnicilor c\u00e2t \u015fi turistilor care vin s-o viziteze.\" \/>\n<meta property=\"og:url\" content=\"https:\/\/targusecuiesc.eu\/en\/2023\/01\/22\/courtile-din-targu-secuiesc-2\/\" \/>\n<meta property=\"og:site_name\" content=\"Cazare \u00een T\u00e2rgu Secueisc\" \/>\n<meta property=\"article:published_time\" content=\"2023-01-22T11:47:47+00:00\" \/>\n<meta property=\"article:modified_time\" content=\"2023-01-22T11:59:41+00:00\" \/>\n<meta property=\"og:image\" content=\"https:\/\/targusecuiesc.eu\/wp-content\/uploads\/2023\/01\/Curtile-din-Targu-Secuiesc-scaled.jpeg\" \/>\n\t<meta property=\"og:image:width\" content=\"1024\" \/>\n\t<meta property=\"og:image:height\" content=\"538\" \/>\n\t<meta property=\"og:image:type\" content=\"image\/jpeg\" \/>\n<meta name=\"author\" content=\"Levente\" \/>\n<meta name=\"twitter:card\" content=\"summary_large_image\" \/>\n<meta name=\"twitter:label1\" content=\"Written by\" \/>\n\t<meta name=\"twitter:data1\" content=\"Levente\" \/>\n\t<meta name=\"twitter:label2\" content=\"Estimated reading time\" \/>\n\t<meta name=\"twitter:data2\" content=\"3 minutes\" \/>\n<script type=\"application\/ld+json\" class=\"yoast-schema-graph\">{\"@context\":\"https:\\\/\\\/schema.org\",\"@graph\":[{\"@type\":\"Article\",\"@id\":\"https:\\\/\\\/targusecuiesc.eu\\\/2023\\\/01\\\/22\\\/curtile-din-targu-secuiesc\\\/#article\",\"isPartOf\":{\"@id\":\"https:\\\/\\\/targusecuiesc.eu\\\/2023\\\/01\\\/22\\\/curtile-din-targu-secuiesc\\\/\"},\"author\":{\"name\":\"Levente\",\"@id\":\"https:\\\/\\\/targusecuiesc.eu\\\/#\\\/schema\\\/person\\\/3e8e0dc36a7b432328a4fa3a70aa5de3\"},\"headline\":\"Cur\u021bile din T\u00e2rgu Secuiesc\",\"datePublished\":\"2023-01-22T11:47:47+00:00\",\"dateModified\":\"2023-01-22T11:59:41+00:00\",\"mainEntityOfPage\":{\"@id\":\"https:\\\/\\\/targusecuiesc.eu\\\/2023\\\/01\\\/22\\\/curtile-din-targu-secuiesc\\\/\"},\"wordCount\":514,\"commentCount\":0,\"publisher\":{\"@id\":\"https:\\\/\\\/targusecuiesc.eu\\\/#organization\"},\"image\":{\"@id\":\"https:\\\/\\\/targusecuiesc.eu\\\/2023\\\/01\\\/22\\\/curtile-din-targu-secuiesc\\\/#primaryimage\"},\"thumbnailUrl\":\"https:\\\/\\\/targusecuiesc.eu\\\/wp-content\\\/uploads\\\/2023\\\/01\\\/Curtile-din-Targu-Secuiesc-scaled.jpeg\",\"articleSection\":[\"Uncategorized\"],\"inLanguage\":\"en-GB\",\"potentialAction\":[{\"@type\":\"CommentAction\",\"name\":\"Comment\",\"target\":[\"https:\\\/\\\/targusecuiesc.eu\\\/2023\\\/01\\\/22\\\/curtile-din-targu-secuiesc\\\/#respond\"]}]},{\"@type\":\"WebPage\",\"@id\":\"https:\\\/\\\/targusecuiesc.eu\\\/2023\\\/01\\\/22\\\/curtile-din-targu-secuiesc\\\/\",\"url\":\"https:\\\/\\\/targusecuiesc.eu\\\/2023\\\/01\\\/22\\\/curtile-din-targu-secuiesc\\\/\",\"name\":\"Cur\u021bile din T\u00e2rgu Secuiesc - Cazare \u00een T\u00e2rgu Secueisc\",\"isPartOf\":{\"@id\":\"https:\\\/\\\/targusecuiesc.eu\\\/#website\"},\"primaryImageOfPage\":{\"@id\":\"https:\\\/\\\/targusecuiesc.eu\\\/2023\\\/01\\\/22\\\/curtile-din-targu-secuiesc\\\/#primaryimage\"},\"image\":{\"@id\":\"https:\\\/\\\/targusecuiesc.eu\\\/2023\\\/01\\\/22\\\/curtile-din-targu-secuiesc\\\/#primaryimage\"},\"thumbnailUrl\":\"https:\\\/\\\/targusecuiesc.eu\\\/wp-content\\\/uploads\\\/2023\\\/01\\\/Curtile-din-Targu-Secuiesc-scaled.jpeg\",\"datePublished\":\"2023-01-22T11:47:47+00:00\",\"dateModified\":\"2023-01-22T11:59:41+00:00\",\"description\":\"Cur\u0163ile din T\u00e2rgu Secuiesc reprezint\u0103 un element important al culturii locale \u015fi istoriei ora\u015fului \u0219i ofer\u0103 numeroase beneficii at\u00e2t localnicilor c\u00e2t \u015fi turistilor care vin s-o viziteze.\",\"breadcrumb\":{\"@id\":\"https:\\\/\\\/targusecuiesc.eu\\\/2023\\\/01\\\/22\\\/curtile-din-targu-secuiesc\\\/#breadcrumb\"},\"inLanguage\":\"en-GB\",\"potentialAction\":[{\"@type\":\"ReadAction\",\"target\":[\"https:\\\/\\\/targusecuiesc.eu\\\/2023\\\/01\\\/22\\\/curtile-din-targu-secuiesc\\\/\"]}]},{\"@type\":\"ImageObject\",\"inLanguage\":\"en-GB\",\"@id\":\"https:\\\/\\\/targusecuiesc.eu\\\/2023\\\/01\\\/22\\\/curtile-din-targu-secuiesc\\\/#primaryimage\",\"url\":\"https:\\\/\\\/targusecuiesc.eu\\\/wp-content\\\/uploads\\\/2023\\\/01\\\/Curtile-din-Targu-Secuiesc-scaled.jpeg\",\"contentUrl\":\"https:\\\/\\\/targusecuiesc.eu\\\/wp-content\\\/uploads\\\/2023\\\/01\\\/Curtile-din-Targu-Secuiesc-scaled.jpeg\",\"width\":1024,\"height\":538,\"caption\":\"Curt\u0326ile din Ta\u0302rgu Secuiesc\"},{\"@type\":\"BreadcrumbList\",\"@id\":\"https:\\\/\\\/targusecuiesc.eu\\\/2023\\\/01\\\/22\\\/curtile-din-targu-secuiesc\\\/#breadcrumb\",\"itemListElement\":[{\"@type\":\"ListItem\",\"position\":1,\"name\":\"Prima pagin\u0103\",\"item\":\"https:\\\/\\\/targusecuiesc.eu\\\/\"},{\"@type\":\"ListItem\",\"position\":2,\"name\":\"Cur\u021bile din T\u00e2rgu Secuiesc\"}]},{\"@type\":\"WebSite\",\"@id\":\"https:\\\/\\\/targusecuiesc.eu\\\/#website\",\"url\":\"https:\\\/\\\/targusecuiesc.eu\\\/\",\"name\":\"Cazare \u00een T\u00e2rgu Secueisc\",\"description\":\"Te afli \u00een c\u0103utarea unui loc potrivit de cazare \u00een T\u00e2rgu Secuiesc?\",\"publisher\":{\"@id\":\"https:\\\/\\\/targusecuiesc.eu\\\/#organization\"},\"alternateName\":\"Te afli in cautarea unui loc potrivit de cazare in Targu Secuiesc?\",\"potentialAction\":[{\"@type\":\"SearchAction\",\"target\":{\"@type\":\"EntryPoint\",\"urlTemplate\":\"https:\\\/\\\/targusecuiesc.eu\\\/?s={search_term_string}\"},\"query-input\":{\"@type\":\"PropertyValueSpecification\",\"valueRequired\":true,\"valueName\":\"search_term_string\"}}],\"inLanguage\":\"en-GB\"},{\"@type\":\"Organization\",\"@id\":\"https:\\\/\\\/targusecuiesc.eu\\\/#organization\",\"name\":\"Cazare \u00een T\u00e2rgu Secueisc\",\"alternateName\":\"Te afli in cautarea unui loc potrivit de cazare in Targu Secuiesc?\",\"url\":\"https:\\\/\\\/targusecuiesc.eu\\\/\",\"logo\":{\"@type\":\"ImageObject\",\"inLanguage\":\"en-GB\",\"@id\":\"https:\\\/\\\/targusecuiesc.eu\\\/#\\\/schema\\\/logo\\\/image\\\/\",\"url\":\"https:\\\/\\\/targusecuiesc.eu\\\/wp-content\\\/uploads\\\/2022\\\/05\\\/cropped-targu-secuiesc-1-e1653031917947.png\",\"contentUrl\":\"https:\\\/\\\/targusecuiesc.eu\\\/wp-content\\\/uploads\\\/2022\\\/05\\\/cropped-targu-secuiesc-1-e1653031917947.png\",\"width\":512,\"height\":512,\"caption\":\"Cazare \u00een T\u00e2rgu Secueisc\"},\"image\":{\"@id\":\"https:\\\/\\\/targusecuiesc.eu\\\/#\\\/schema\\\/logo\\\/image\\\/\"}},{\"@type\":\"Person\",\"@id\":\"https:\\\/\\\/targusecuiesc.eu\\\/#\\\/schema\\\/person\\\/3e8e0dc36a7b432328a4fa3a70aa5de3\",\"name\":\"Levente\",\"image\":{\"@type\":\"ImageObject\",\"inLanguage\":\"en-GB\",\"@id\":\"https:\\\/\\\/secure.gravatar.com\\\/avatar\\\/a800d69db893890d57b88525e6aba9502659e29fa5a7ce96c5354202678a9227?s=96&d=mm&r=g\",\"url\":\"https:\\\/\\\/secure.gravatar.com\\\/avatar\\\/a800d69db893890d57b88525e6aba9502659e29fa5a7ce96c5354202678a9227?s=96&d=mm&r=g\",\"contentUrl\":\"https:\\\/\\\/secure.gravatar.com\\\/avatar\\\/a800d69db893890d57b88525e6aba9502659e29fa5a7ce96c5354202678a9227?s=96&d=mm&r=g\",\"caption\":\"Levente\"},\"sameAs\":[\"https:\\\/\\\/targusecuiesc.eu\"],\"url\":\"https:\\\/\\\/targusecuiesc.eu\\\/en\\\/author\\\/admin\\\/\"}]}<\/script>\n<!-- \/ Yoast SEO plugin. -->","yoast_head_json":{"title":"Courts in Targu Secuiesc - Accommodation in Targu Secueisc","description":"The courts of Targu Secuiesc are an important part of the local culture and history of the town and offer many benefits to both locals and tourists who come to visit.","robots":{"index":"index","follow":"follow","max-snippet":"max-snippet:-1","max-image-preview":"max-image-preview:large","max-video-preview":"max-video-preview:-1"},"canonical":"https:\/\/targusecuiesc.eu\/en\/2023\/01\/22\/courtile-din-targu-secuiesc-2\/","og_locale":"en_GB","og_type":"article","og_title":"Cur\u021bile din T\u00e2rgu Secuiesc - Cazare \u00een T\u00e2rgu Secueisc","og_description":"Cur\u0163ile din T\u00e2rgu Secuiesc reprezint\u0103 un element important al culturii locale \u015fi istoriei ora\u015fului \u0219i ofer\u0103 numeroase beneficii at\u00e2t localnicilor c\u00e2t \u015fi turistilor care vin s-o viziteze.","og_url":"https:\/\/targusecuiesc.eu\/en\/2023\/01\/22\/courtile-din-targu-secuiesc-2\/","og_site_name":"Cazare \u00een T\u00e2rgu Secueisc","article_published_time":"2023-01-22T11:47:47+00:00","article_modified_time":"2023-01-22T11:59:41+00:00","og_image":[{"width":1024,"height":538,"url":"https:\/\/targusecuiesc.eu\/wp-content\/uploads\/2023\/01\/Curtile-din-Targu-Secuiesc-scaled.jpeg","type":"image\/jpeg"}],"author":"Levente","twitter_card":"summary_large_image","twitter_misc":{"Written by":"Levente","Estimated reading time":"3 minutes"},"schema":{"@context":"https:\/\/schema.org","@graph":[{"@type":"Article","@id":"https:\/\/targusecuiesc.eu\/2023\/01\/22\/curtile-din-targu-secuiesc\/#article","isPartOf":{"@id":"https:\/\/targusecuiesc.eu\/2023\/01\/22\/curtile-din-targu-secuiesc\/"},"author":{"name":"Levente","@id":"https:\/\/targusecuiesc.eu\/#\/schema\/person\/3e8e0dc36a7b432328a4fa3a70aa5de3"},"headline":"Cur\u021bile din T\u00e2rgu Secuiesc","datePublished":"2023-01-22T11:47:47+00:00","dateModified":"2023-01-22T11:59:41+00:00","mainEntityOfPage":{"@id":"https:\/\/targusecuiesc.eu\/2023\/01\/22\/curtile-din-targu-secuiesc\/"},"wordCount":514,"commentCount":0,"publisher":{"@id":"https:\/\/targusecuiesc.eu\/#organization"},"image":{"@id":"https:\/\/targusecuiesc.eu\/2023\/01\/22\/curtile-din-targu-secuiesc\/#primaryimage"},"thumbnailUrl":"https:\/\/targusecuiesc.eu\/wp-content\/uploads\/2023\/01\/Curtile-din-Targu-Secuiesc-scaled.jpeg","articleSection":["Uncategorized"],"inLanguage":"en-GB","potentialAction":[{"@type":"CommentAction","name":"Comment","target":["https:\/\/targusecuiesc.eu\/2023\/01\/22\/curtile-din-targu-secuiesc\/#respond"]}]},{"@type":"WebPage","@id":"https:\/\/targusecuiesc.eu\/2023\/01\/22\/curtile-din-targu-secuiesc\/","url":"https:\/\/targusecuiesc.eu\/2023\/01\/22\/curtile-din-targu-secuiesc\/","name":"Courts in Targu Secuiesc - Accommodation in Targu Secueisc","isPartOf":{"@id":"https:\/\/targusecuiesc.eu\/#website"},"primaryImageOfPage":{"@id":"https:\/\/targusecuiesc.eu\/2023\/01\/22\/curtile-din-targu-secuiesc\/#primaryimage"},"image":{"@id":"https:\/\/targusecuiesc.eu\/2023\/01\/22\/curtile-din-targu-secuiesc\/#primaryimage"},"thumbnailUrl":"https:\/\/targusecuiesc.eu\/wp-content\/uploads\/2023\/01\/Curtile-din-Targu-Secuiesc-scaled.jpeg","datePublished":"2023-01-22T11:47:47+00:00","dateModified":"2023-01-22T11:59:41+00:00","description":"The courts of Targu Secuiesc are an important part of the local culture and history of the town and offer many benefits to both locals and tourists who come to visit.","breadcrumb":{"@id":"https:\/\/targusecuiesc.eu\/2023\/01\/22\/curtile-din-targu-secuiesc\/#breadcrumb"},"inLanguage":"en-GB","potentialAction":[{"@type":"ReadAction","target":["https:\/\/targusecuiesc.eu\/2023\/01\/22\/curtile-din-targu-secuiesc\/"]}]},{"@type":"ImageObject","inLanguage":"en-GB","@id":"https:\/\/targusecuiesc.eu\/2023\/01\/22\/curtile-din-targu-secuiesc\/#primaryimage","url":"https:\/\/targusecuiesc.eu\/wp-content\/uploads\/2023\/01\/Curtile-din-Targu-Secuiesc-scaled.jpeg","contentUrl":"https:\/\/targusecuiesc.eu\/wp-content\/uploads\/2023\/01\/Curtile-din-Targu-Secuiesc-scaled.jpeg","width":1024,"height":538,"caption":"Curt\u0326ile din Ta\u0302rgu Secuiesc"},{"@type":"BreadcrumbList","@id":"https:\/\/targusecuiesc.eu\/2023\/01\/22\/curtile-din-targu-secuiesc\/#breadcrumb","itemListElement":[{"@type":"ListItem","position":1,"name":"Prima pagin\u0103","item":"https:\/\/targusecuiesc.eu\/"},{"@type":"ListItem","position":2,"name":"Cur\u021bile din T\u00e2rgu Secuiesc"}]},{"@type":"WebSite","@id":"https:\/\/targusecuiesc.eu\/#website","url":"https:\/\/targusecuiesc.eu\/","name":"Accommodation in T\u00e2rgu Secueisc","description":"Are you looking for a suitable accommodation in Targu Secuiesc?","publisher":{"@id":"https:\/\/targusecuiesc.eu\/#organization"},"alternateName":"Te afli in cautarea unui loc potrivit de cazare in Targu Secuiesc?","potentialAction":[{"@type":"SearchAction","target":{"@type":"EntryPoint","urlTemplate":"https:\/\/targusecuiesc.eu\/?s={search_term_string}"},"query-input":{"@type":"PropertyValueSpecification","valueRequired":true,"valueName":"search_term_string"}}],"inLanguage":"en-GB"},{"@type":"Organization","@id":"https:\/\/targusecuiesc.eu\/#organization","name":"Accommodation in T\u00e2rgu Secueisc","alternateName":"Te afli in cautarea unui loc potrivit de cazare in Targu Secuiesc?","url":"https:\/\/targusecuiesc.eu\/","logo":{"@type":"ImageObject","inLanguage":"en-GB","@id":"https:\/\/targusecuiesc.eu\/#\/schema\/logo\/image\/","url":"https:\/\/targusecuiesc.eu\/wp-content\/uploads\/2022\/05\/cropped-targu-secuiesc-1-e1653031917947.png","contentUrl":"https:\/\/targusecuiesc.eu\/wp-content\/uploads\/2022\/05\/cropped-targu-secuiesc-1-e1653031917947.png","width":512,"height":512,"caption":"Cazare \u00een T\u00e2rgu Secueisc"},"image":{"@id":"https:\/\/targusecuiesc.eu\/#\/schema\/logo\/image\/"}},{"@type":"Person","@id":"https:\/\/targusecuiesc.eu\/#\/schema\/person\/3e8e0dc36a7b432328a4fa3a70aa5de3","name":"Levente","image":{"@type":"ImageObject","inLanguage":"en-GB","@id":"https:\/\/secure.gravatar.com\/avatar\/a800d69db893890d57b88525e6aba9502659e29fa5a7ce96c5354202678a9227?s=96&d=mm&r=g","url":"https:\/\/secure.gravatar.com\/avatar\/a800d69db893890d57b88525e6aba9502659e29fa5a7ce96c5354202678a9227?s=96&d=mm&r=g","contentUrl":"https:\/\/secure.gravatar.com\/avatar\/a800d69db893890d57b88525e6aba9502659e29fa5a7ce96c5354202678a9227?s=96&d=mm&r=g","caption":"Levente"},"sameAs":["https:\/\/targusecuiesc.eu"],"url":"https:\/\/targusecuiesc.eu\/en\/author\/admin\/"}]}},"_links":{"self":[{"href":"https:\/\/targusecuiesc.eu\/en\/wp-json\/wp\/v2\/posts\/4098","targetHints":{"allow":["GET"]}}],"collection":[{"href":"https:\/\/targusecuiesc.eu\/en\/wp-json\/wp\/v2\/posts"}],"about":[{"href":"https:\/\/targusecuiesc.eu\/en\/wp-json\/wp\/v2\/types\/post"}],"author":[{"embeddable":true,"href":"https:\/\/targusecuiesc.eu\/en\/wp-json\/wp\/v2\/users\/1"}],"replies":[{"embeddable":true,"href":"https:\/\/targusecuiesc.eu\/en\/wp-json\/wp\/v2\/comments?post=4098"}],"version-history":[{"count":0,"href":"https:\/\/targusecuiesc.eu\/en\/wp-json\/wp\/v2\/posts\/4098\/revisions"}],"wp:featuredmedia":[{"embeddable":true,"href":"https:\/\/targusecuiesc.eu\/en\/wp-json\/wp\/v2\/media\/4102"}],"wp:attachment":[{"href":"https:\/\/targusecuiesc.eu\/en\/wp-json\/wp\/v2\/media?parent=4098"}],"wp:term":[{"taxonomy":"category","embeddable":true,"href":"https:\/\/targusecuiesc.eu\/en\/wp-json\/wp\/v2\/categories?post=4098"},{"taxonomy":"post_tag","embeddable":true,"href":"https:\/\/targusecuiesc.eu\/en\/wp-json\/wp\/v2\/tags?post=4098"}],"curies":[{"name":"wp","href":"https:\/\/api.w.org\/{rel}","templated":true}]}}