{"id":16834,"date":"2025-02-25T19:48:41","date_gmt":"2025-02-25T17:48:41","guid":{"rendered":"https:\/\/targusecuiesc.eu\/?p=16834"},"modified":"2025-02-25T20:01:52","modified_gmt":"2025-02-25T18:01:52","slug":"baia-fetelor-apor","status":"publish","type":"post","link":"https:\/\/targusecuiesc.eu\/en\/2025\/02\/25\/baia-fetelor-apor\/","title":{"rendered":"Baia Fetelor Apor \u2013 Un loc de baie misterios \u00een inima naturii"},"content":{"rendered":"<div data-elementor-type=\"wp-post\" data-elementor-id=\"16834\" class=\"elementor elementor-16834\" data-elementor-post-type=\"post\">\n\t\t\t\t\t\t<section class=\"elementor-section elementor-top-section elementor-element elementor-element-a890b69 elementor-section-boxed elementor-section-height-default elementor-section-height-default\" data-id=\"a890b69\" data-element_type=\"section\" data-e-type=\"section\">\n\t\t\t\t\t\t<div class=\"elementor-container elementor-column-gap-default\">\n\t\t\t\t\t<div class=\"elementor-column elementor-col-100 elementor-top-column elementor-element elementor-element-5de891b\" data-id=\"5de891b\" data-element_type=\"column\" data-e-type=\"column\">\n\t\t\t<div class=\"elementor-widget-wrap elementor-element-populated\">\n\t\t\t\t\t\t<div class=\"elementor-element elementor-element-843a816 elementor-widget elementor-widget-image\" data-id=\"843a816\" data-element_type=\"widget\" data-e-type=\"widget\" data-widget_type=\"image.default\">\n\t\t\t\t\t\t\t\t\t\t\t\t\t\t\t<img fetchpriority=\"high\" decoding=\"async\" width=\"1024\" height=\"738\" src=\"https:\/\/targusecuiesc.eu\/wp-content\/uploads\/2025\/02\/IMG_0249-1024x738.jpg\" class=\"attachment-large size-large wp-image-16837\" alt=\"Baia Fetelor Apor \u2013 Un loc de baie misterios \u00een inima naturii Dac\u0103 \u00ee\u021bi dore\u0219ti o experien\u021b\u0103 cu adev\u0103rat special\u0103, aproape de natur\u0103 \u0219i la doar 30 de minute de Pixel Resort, Baia Fetelor Apor este alegerea perfect\u0103. Aceast\u0103 comoar\u0103 ascuns\u0103 nu este doar renumit\u0103 pentru propriet\u0103\u021bile sale vindec\u0103toare, ci \u0219i pentru legendele care o \u00eenconjoar\u0103 \u0219i peisajul pitoresc \u00een care se afl\u0103. Un pic de istorie \u0219i legend\u0103 Baia Fetelor Apor este un loc de baie alimentat de izvoare naturale cu ap\u0103 mineral\u0103, ale c\u0103rui origini dateaz\u0103 de secole. Conform legendei, fetele nec\u0103s\u0103torite din familia Apor se \u00eemb\u0103iau aici pentru a-\u0219i men\u021bine frumuse\u021bea \u0219i s\u0103n\u0103tatea. De-a lungul timpului, apa acestor izvoare a fost considerat\u0103 miraculoas\u0103, av\u00e2nd puteri de \u00eentinerire \u0219i vindecare. Ce face Baia Fetelor Apor at\u00e2t de special\u0103? Ap\u0103 mineral\u0103 natural\u0103 \u2013 Izvorul este bogat \u00een minerale \u0219i se spune c\u0103 are efecte benefice asupra pielii \u0219i articula\u021biilor. Peisaj superb \u2013 Baia este situat\u0103 \u00eentr-o zon\u0103 \u00eemp\u0103durit\u0103 fermec\u0103toare, unde vizitatorii se pot bucura de aerul curat de munte \u0219i de lini\u0219te. Accesibilitate \u0219i gratuitate \u2013 De\u0219i se afl\u0103 \u00eentr-un loc retras, este u\u0219or accesibil\u0103 \u0219i vizitarea nu implic\u0103 costuri. Ce s\u0103 iei cu tine? Dac\u0103 pl\u0103nuie\u0219ti s\u0103 vizitezi Baia Fetelor Apor, \u00ee\u021bi recomand\u0103m s\u0103 ai la tine: \u00eenc\u0103l\u021b\u0103minte comod\u0103 de drume\u021bie, deoarece traseul nu este complet neted, un prosop \u0219i costum de baie, dac\u0103 vrei s\u0103 te bucuri de apa revigorant\u0103, o gustare \u0219i ap\u0103, deoarece nu sunt magazine \u00een apropiere. Cum ajungi acolo din Pixel Resort? Baia Fetelor Apor se afl\u0103 la doar 30 de minute de mers cu ma\u0219ina de Pixel Resort, ceea ce o face ideal\u0103 pentru o excursie de jum\u0103tate de zi. Pe drum, vei trece prin peisaje superbe \u0219i sate pitore\u0219ti, ceea ce face c\u0103l\u0103toria \u0219i mai pl\u0103cut\u0103. Concluzie Dac\u0103 vrei s\u0103 descoperi unul dintre cele mai speciale locuri de baie din \u021ainutul Secuiesc, Baia Fetelor Apor este o destina\u021bie de neratat. Fie c\u0103 vrei s\u0103 faci o pauz\u0103 relaxant\u0103, o plimbare prin natur\u0103 sau pur \u0219i simplu s\u0103 te re\u00eencarci cu energie, acest loc te va fermeca cu siguran\u021b\u0103. Viziteaz\u0103-l \u0219i experimenteaz\u0103 tu \u00eensu\u021bi puterea legendar\u0103 a izvoarelor!\" srcset=\"https:\/\/targusecuiesc.eu\/wp-content\/uploads\/2025\/02\/IMG_0249-scaled.jpg 1024w, https:\/\/targusecuiesc.eu\/wp-content\/uploads\/2025\/02\/IMG_0249-300x216.jpg 300w, https:\/\/targusecuiesc.eu\/wp-content\/uploads\/2025\/02\/IMG_0249-768x553.jpg 768w, https:\/\/targusecuiesc.eu\/wp-content\/uploads\/2025\/02\/IMG_0249-1536x1106.jpg 1536w, https:\/\/targusecuiesc.eu\/wp-content\/uploads\/2025\/02\/IMG_0249-2048x1475.jpg 2048w, https:\/\/targusecuiesc.eu\/wp-content\/uploads\/2025\/02\/IMG_0249-18x12.jpg 18w\" sizes=\"(max-width: 1024px) 100vw, 1024px\" \/>\t\t\t\t\t\t\t\t\t\t\t\t\t\t\t<\/div>\n\t\t\t\t\t<\/div>\n\t\t<\/div>\n\t\t\t\t\t<\/div>\n\t\t<\/section>\n\t\t\t\t<section class=\"elementor-section elementor-top-section elementor-element elementor-element-9082cd1 elementor-section-boxed elementor-section-height-default elementor-section-height-default\" data-id=\"9082cd1\" data-element_type=\"section\" data-e-type=\"section\">\n\t\t\t\t\t\t<div class=\"elementor-container elementor-column-gap-default\">\n\t\t\t\t\t<div class=\"elementor-column elementor-col-100 elementor-top-column elementor-element elementor-element-2708dda\" data-id=\"2708dda\" data-element_type=\"column\" data-e-type=\"column\">\n\t\t\t<div class=\"elementor-widget-wrap elementor-element-populated\">\n\t\t\t\t\t\t<div class=\"elementor-element elementor-element-832815a elementor-widget elementor-widget-text-editor\" data-id=\"832815a\" data-element_type=\"widget\" data-e-type=\"widget\" data-widget_type=\"text-editor.default\">\n\t\t\t\t\t\t\t\t\t<p>Dac\u0103 \u00ee\u021bi dore\u0219ti o experien\u021b\u0103 cu adev\u0103rat special\u0103, aproape de natur\u0103 \u0219i la doar 30 de minute de Pixel Resort, Baia Fetelor Apor este alegerea perfect\u0103. Aceast\u0103 comoar\u0103 ascuns\u0103 nu este doar renumit\u0103 pentru propriet\u0103\u021bile sale vindec\u0103toare, ci \u0219i pentru legendele care o \u00eenconjoar\u0103 \u0219i peisajul pitoresc \u00een care se afl\u0103.<\/p><h3>Un pic de istorie \u0219i legend\u0103<\/h3><p>Baia Fetelor Apor este un loc de baie alimentat de izvoare naturale cu ap\u0103 mineral\u0103, ale c\u0103rui origini dateaz\u0103 de secole. Conform legendei, fetele nec\u0103s\u0103torite din familia Apor se \u00eemb\u0103iau aici pentru a-\u0219i men\u021bine frumuse\u021bea \u0219i s\u0103n\u0103tatea. De-a lungul timpului, apa acestor izvoare a fost considerat\u0103 miraculoas\u0103, av\u00e2nd puteri de \u00eentinerire \u0219i vindecare.<\/p><h3>Ce face Baia Fetelor Apor at\u00e2t de special\u0103?<\/h3><p class=\"translation-block\"><strong>Ap\u0103 mineral\u0103 natural\u0103<\/strong> \u2013 Izvorul este bogat \u00een minerale \u0219i se spune c\u0103 are efecte benefice asupra pielii \u0219i articula\u021biilor.<\/p><p class=\"translation-block\"><strong>Peisaj superb<\/strong> \u2013 Baia este situat\u0103 \u00eentr-o zon\u0103 \u00eemp\u0103durit\u0103 fermec\u0103toare, unde vizitatorii se pot bucura de aerul curat de munte \u0219i de lini\u0219te.<\/p><p class=\"translation-block\"><strong>Accesibilitate \u0219i gratuitate<\/strong> \u2013 De\u0219i se afl\u0103 \u00eentr-un loc retras, este u\u0219or accesibil\u0103 \u0219i vizitarea nu implic\u0103 costuri.<\/p><h3>Ce s\u0103 iei cu tine?<\/h3><p>Dac\u0103 pl\u0103nuie\u0219ti s\u0103 vizitezi Baia Fetelor Apor, \u00ee\u021bi recomand\u0103m s\u0103 ai la tine:<\/p><p>un prosop \u0219i costum de baie, dac\u0103 vrei s\u0103 te bucuri de apa revigorant\u0103,<\/p><p>o gustare \u0219i ap\u0103, deoarece nu sunt magazine \u00een apropiere.<\/p><h3>Cum ajungi acolo din Pixel Resort?<\/h3><p>Baia Fetelor Apor se afl\u0103 la doar 30 de minute de mers cu ma\u0219ina de Pixel Resort, ceea ce o face ideal\u0103 pentru o excursie de jum\u0103tate de zi. Pe drum, vei trece prin peisaje superbe \u0219i sate pitore\u0219ti, ceea ce face c\u0103l\u0103toria \u0219i mai pl\u0103cut\u0103.<\/p><h3>\u00a0<\/h3><p>\u00a0<\/p><p>Dac\u0103 vrei s\u0103 descoperi unul dintre cele mai speciale locuri de baie din \u021ainutul Secuiesc, Baia Fetelor Apor este o destina\u021bie de neratat. Fie c\u0103 vrei s\u0103 faci o pauz\u0103 relaxant\u0103, o plimbare prin natur\u0103 sau pur \u0219i simplu s\u0103 te re\u00eencarci cu energie, acest loc te va fermeca cu siguran\u021b\u0103.<\/p><p>Viziteaz\u0103-l \u0219i experimenteaz\u0103 tu \u00eensu\u021bi puterea legendar\u0103 a izvoarelor!<\/p>\t\t\t\t\t\t\t\t<\/div>\n\t\t\t\t\t<\/div>\n\t\t<\/div>\n\t\t\t\t\t<\/div>\n\t\t<\/section>\n\t\t\t\t<\/div>","protected":false},"excerpt":{"rendered":"<p>Dac\u0103 \u00ee\u021bi dore\u0219ti o experien\u021b\u0103 cu adev\u0103rat special\u0103, aproape de natur\u0103 \u0219i la doar 30 de minute de Pixel Resort, Baia Fetelor Apor este alegerea perfect\u0103. Aceast\u0103 comoar\u0103 ascuns\u0103 nu este doar renumit\u0103 pentru propriet\u0103\u021bile sale vindec\u0103toare, ci \u0219i pentru legendele care o \u00eenconjoar\u0103 \u0219i peisajul pitoresc \u00een care se afl\u0103. Un pic de istorie [&hellip;]<\/p>\n","protected":false},"author":1,"featured_media":16842,"comment_status":"open","ping_status":"open","sticky":false,"template":"","format":"standard","meta":{"ocean_post_layout":"","ocean_both_sidebars_style":"","ocean_both_sidebars_content_width":0,"ocean_both_sidebars_sidebars_width":0,"ocean_sidebar":"","ocean_second_sidebar":"","ocean_disable_margins":"enable","ocean_add_body_class":"","ocean_shortcode_before_top_bar":"","ocean_shortcode_after_top_bar":"","ocean_shortcode_before_header":"","ocean_shortcode_after_header":"","ocean_has_shortcode":"","ocean_shortcode_after_title":"","ocean_shortcode_before_footer_widgets":"","ocean_shortcode_after_footer_widgets":"","ocean_shortcode_before_footer_bottom":"","ocean_shortcode_after_footer_bottom":"","ocean_display_top_bar":"default","ocean_display_header":"default","ocean_header_style":"","ocean_center_header_left_menu":"","ocean_custom_header_template":"","ocean_custom_logo":0,"ocean_custom_retina_logo":0,"ocean_custom_logo_max_width":0,"ocean_custom_logo_tablet_max_width":0,"ocean_custom_logo_mobile_max_width":0,"ocean_custom_logo_max_height":0,"ocean_custom_logo_tablet_max_height":0,"ocean_custom_logo_mobile_max_height":0,"ocean_header_custom_menu":"","ocean_menu_typo_font_family":"","ocean_menu_typo_font_subset":"","ocean_menu_typo_font_size":0,"ocean_menu_typo_font_size_tablet":0,"ocean_menu_typo_font_size_mobile":0,"ocean_menu_typo_font_size_unit":"px","ocean_menu_typo_font_weight":"","ocean_menu_typo_font_weight_tablet":"","ocean_menu_typo_font_weight_mobile":"","ocean_menu_typo_transform":"","ocean_menu_typo_transform_tablet":"","ocean_menu_typo_transform_mobile":"","ocean_menu_typo_line_height":0,"ocean_menu_typo_line_height_tablet":0,"ocean_menu_typo_line_height_mobile":0,"ocean_menu_typo_line_height_unit":"","ocean_menu_typo_spacing":0,"ocean_menu_typo_spacing_tablet":0,"ocean_menu_typo_spacing_mobile":0,"ocean_menu_typo_spacing_unit":"","ocean_menu_link_color":"","ocean_menu_link_color_hover":"","ocean_menu_link_color_active":"","ocean_menu_link_background":"","ocean_menu_link_hover_background":"","ocean_menu_link_active_background":"","ocean_menu_social_links_bg":"","ocean_menu_social_hover_links_bg":"","ocean_menu_social_links_color":"","ocean_menu_social_hover_links_color":"","ocean_disable_title":"default","ocean_disable_heading":"default","ocean_post_title":"","ocean_post_subheading":"","ocean_post_title_style":"","ocean_post_title_background_color":"","ocean_post_title_background":0,"ocean_post_title_bg_image_position":"","ocean_post_title_bg_image_attachment":"","ocean_post_title_bg_image_repeat":"","ocean_post_title_bg_image_size":"","ocean_post_title_height":0,"ocean_post_title_bg_overlay":0.5,"ocean_post_title_bg_overlay_color":"","ocean_disable_breadcrumbs":"default","ocean_breadcrumbs_color":"","ocean_breadcrumbs_separator_color":"","ocean_breadcrumbs_links_color":"","ocean_breadcrumbs_links_hover_color":"","ocean_display_footer_widgets":"default","ocean_display_footer_bottom":"default","ocean_custom_footer_template":"","_joinchat":[],"ocean_post_oembed":"","ocean_post_self_hosted_media":"","ocean_post_video_embed":"","ocean_link_format":"","ocean_link_format_target":"self","ocean_quote_format":"","ocean_quote_format_link":"post","ocean_gallery_link_images":"on","ocean_gallery_id":[],"footnotes":""},"categories":[1],"tags":[],"class_list":["post-16834","post","type-post","status-publish","format-standard","has-post-thumbnail","hentry","category-uncategorized","entry","has-media"],"yoast_head":"<!-- This site is optimized with the Yoast SEO plugin v27.3 - https:\/\/yoast.com\/product\/yoast-seo-wordpress\/ -->\n<title>Baia Fetelor Apor \u2013 Un loc de baie misterios \u00een inima naturii<\/title>\n<meta name=\"robots\" content=\"index, follow, max-snippet:-1, max-image-preview:large, max-video-preview:-1\" \/>\n<link rel=\"canonical\" href=\"https:\/\/targusecuiesc.eu\/en\/2025\/02\/25\/baia-fetelor-apor\/\" \/>\n<meta property=\"og:locale\" content=\"en_GB\" \/>\n<meta property=\"og:type\" content=\"article\" \/>\n<meta property=\"og:title\" content=\"Apor l\u00e1nyok fered\u0151je \u2013 Titokzatos f\u00fcrd\u0151hely a term\u00e9szet \u00f6lel\u00e9s\u00e9ben\" \/>\n<meta property=\"og:description\" content=\"Ha egy igaz\u00e1n k\u00fcl\u00f6nleges, term\u00e9szetk\u00f6zeli \u00e9lm\u00e9nyre v\u00e1gysz, amely alig 30 percre tal\u00e1lhat\u00f3 a Pixel Resortt\u00f3l, akkor az Apor l\u00e1nyok fered\u0151je t\u00f6k\u00e9letes v\u00e1laszt\u00e1s.\" \/>\n<meta property=\"og:url\" content=\"https:\/\/targusecuiesc.eu\/en\/2025\/02\/25\/baia-fetelor-apor\/\" \/>\n<meta property=\"og:site_name\" content=\"Cazare \u00een T\u00e2rgu Secueisc\" \/>\n<meta property=\"article:published_time\" content=\"2025-02-25T17:48:41+00:00\" \/>\n<meta property=\"article:modified_time\" content=\"2025-02-25T18:01:52+00:00\" \/>\n<meta property=\"og:image\" content=\"https:\/\/targusecuiesc.eu\/wp-content\/uploads\/2025\/02\/Apor-lanyok-feredoje-1.jpg\" \/>\n\t<meta property=\"og:image:width\" content=\"1280\" \/>\n\t<meta property=\"og:image:height\" content=\"720\" \/>\n\t<meta property=\"og:image:type\" content=\"image\/jpeg\" \/>\n<meta name=\"author\" content=\"Levente\" \/>\n<meta name=\"twitter:card\" content=\"summary_large_image\" \/>\n<meta name=\"twitter:label1\" content=\"Written by\" \/>\n\t<meta name=\"twitter:data1\" content=\"Levente\" \/>\n\t<meta name=\"twitter:label2\" content=\"Estimated reading time\" \/>\n\t<meta name=\"twitter:data2\" content=\"3 minutes\" \/>\n<script type=\"application\/ld+json\" class=\"yoast-schema-graph\">{\"@context\":\"https:\\\/\\\/schema.org\",\"@graph\":[{\"@type\":\"Article\",\"@id\":\"https:\\\/\\\/targusecuiesc.eu\\\/2025\\\/02\\\/25\\\/baia-fetelor-apor\\\/#article\",\"isPartOf\":{\"@id\":\"https:\\\/\\\/targusecuiesc.eu\\\/2025\\\/02\\\/25\\\/baia-fetelor-apor\\\/\"},\"author\":{\"name\":\"Levente\",\"@id\":\"https:\\\/\\\/targusecuiesc.eu\\\/#\\\/schema\\\/person\\\/3e8e0dc36a7b432328a4fa3a70aa5de3\"},\"headline\":\"Baia Fetelor Apor \u2013 Un loc de baie misterios \u00een inima naturii\",\"datePublished\":\"2025-02-25T17:48:41+00:00\",\"dateModified\":\"2025-02-25T18:01:52+00:00\",\"mainEntityOfPage\":{\"@id\":\"https:\\\/\\\/targusecuiesc.eu\\\/2025\\\/02\\\/25\\\/baia-fetelor-apor\\\/\"},\"wordCount\":373,\"commentCount\":0,\"publisher\":{\"@id\":\"https:\\\/\\\/targusecuiesc.eu\\\/#organization\"},\"image\":{\"@id\":\"https:\\\/\\\/targusecuiesc.eu\\\/2025\\\/02\\\/25\\\/baia-fetelor-apor\\\/#primaryimage\"},\"thumbnailUrl\":\"https:\\\/\\\/targusecuiesc.eu\\\/wp-content\\\/uploads\\\/2025\\\/02\\\/Apor-lanyok-feredoje-1.jpg\",\"articleSection\":[\"Uncategorized\"],\"inLanguage\":\"en-GB\",\"potentialAction\":[{\"@type\":\"CommentAction\",\"name\":\"Comment\",\"target\":[\"https:\\\/\\\/targusecuiesc.eu\\\/2025\\\/02\\\/25\\\/baia-fetelor-apor\\\/#respond\"]}]},{\"@type\":\"WebPage\",\"@id\":\"https:\\\/\\\/targusecuiesc.eu\\\/2025\\\/02\\\/25\\\/baia-fetelor-apor\\\/\",\"url\":\"https:\\\/\\\/targusecuiesc.eu\\\/2025\\\/02\\\/25\\\/baia-fetelor-apor\\\/\",\"name\":\"Baia Fetelor Apor \u2013 Un loc de baie misterios \u00een inima naturii\",\"isPartOf\":{\"@id\":\"https:\\\/\\\/targusecuiesc.eu\\\/#website\"},\"primaryImageOfPage\":{\"@id\":\"https:\\\/\\\/targusecuiesc.eu\\\/2025\\\/02\\\/25\\\/baia-fetelor-apor\\\/#primaryimage\"},\"image\":{\"@id\":\"https:\\\/\\\/targusecuiesc.eu\\\/2025\\\/02\\\/25\\\/baia-fetelor-apor\\\/#primaryimage\"},\"thumbnailUrl\":\"https:\\\/\\\/targusecuiesc.eu\\\/wp-content\\\/uploads\\\/2025\\\/02\\\/Apor-lanyok-feredoje-1.jpg\",\"datePublished\":\"2025-02-25T17:48:41+00:00\",\"dateModified\":\"2025-02-25T18:01:52+00:00\",\"breadcrumb\":{\"@id\":\"https:\\\/\\\/targusecuiesc.eu\\\/2025\\\/02\\\/25\\\/baia-fetelor-apor\\\/#breadcrumb\"},\"inLanguage\":\"en-GB\",\"potentialAction\":[{\"@type\":\"ReadAction\",\"target\":[\"https:\\\/\\\/targusecuiesc.eu\\\/2025\\\/02\\\/25\\\/baia-fetelor-apor\\\/\"]}]},{\"@type\":\"ImageObject\",\"inLanguage\":\"en-GB\",\"@id\":\"https:\\\/\\\/targusecuiesc.eu\\\/2025\\\/02\\\/25\\\/baia-fetelor-apor\\\/#primaryimage\",\"url\":\"https:\\\/\\\/targusecuiesc.eu\\\/wp-content\\\/uploads\\\/2025\\\/02\\\/Apor-lanyok-feredoje-1.jpg\",\"contentUrl\":\"https:\\\/\\\/targusecuiesc.eu\\\/wp-content\\\/uploads\\\/2025\\\/02\\\/Apor-lanyok-feredoje-1.jpg\",\"width\":1024,\"height\":576,\"caption\":\"Apor la\u0301nyok feredo\u030bje\"},{\"@type\":\"BreadcrumbList\",\"@id\":\"https:\\\/\\\/targusecuiesc.eu\\\/2025\\\/02\\\/25\\\/baia-fetelor-apor\\\/#breadcrumb\",\"itemListElement\":[{\"@type\":\"ListItem\",\"position\":1,\"name\":\"Prima pagin\u0103\",\"item\":\"https:\\\/\\\/targusecuiesc.eu\\\/\"},{\"@type\":\"ListItem\",\"position\":2,\"name\":\"Baia Fetelor Apor \u2013 Un loc de baie misterios \u00een inima naturii\"}]},{\"@type\":\"WebSite\",\"@id\":\"https:\\\/\\\/targusecuiesc.eu\\\/#website\",\"url\":\"https:\\\/\\\/targusecuiesc.eu\\\/\",\"name\":\"Cazare \u00een T\u00e2rgu Secueisc\",\"description\":\"Te afli \u00een c\u0103utarea unui loc potrivit de cazare \u00een T\u00e2rgu Secuiesc?\",\"publisher\":{\"@id\":\"https:\\\/\\\/targusecuiesc.eu\\\/#organization\"},\"alternateName\":\"Te afli in cautarea unui loc potrivit de cazare in Targu Secuiesc?\",\"potentialAction\":[{\"@type\":\"SearchAction\",\"target\":{\"@type\":\"EntryPoint\",\"urlTemplate\":\"https:\\\/\\\/targusecuiesc.eu\\\/?s={search_term_string}\"},\"query-input\":{\"@type\":\"PropertyValueSpecification\",\"valueRequired\":true,\"valueName\":\"search_term_string\"}}],\"inLanguage\":\"en-GB\"},{\"@type\":\"Organization\",\"@id\":\"https:\\\/\\\/targusecuiesc.eu\\\/#organization\",\"name\":\"Cazare \u00een T\u00e2rgu Secueisc\",\"alternateName\":\"Te afli in cautarea unui loc potrivit de cazare in Targu Secuiesc?\",\"url\":\"https:\\\/\\\/targusecuiesc.eu\\\/\",\"logo\":{\"@type\":\"ImageObject\",\"inLanguage\":\"en-GB\",\"@id\":\"https:\\\/\\\/targusecuiesc.eu\\\/#\\\/schema\\\/logo\\\/image\\\/\",\"url\":\"https:\\\/\\\/targusecuiesc.eu\\\/wp-content\\\/uploads\\\/2022\\\/05\\\/cropped-targu-secuiesc-1-e1653031917947.png\",\"contentUrl\":\"https:\\\/\\\/targusecuiesc.eu\\\/wp-content\\\/uploads\\\/2022\\\/05\\\/cropped-targu-secuiesc-1-e1653031917947.png\",\"width\":512,\"height\":512,\"caption\":\"Cazare \u00een T\u00e2rgu Secueisc\"},\"image\":{\"@id\":\"https:\\\/\\\/targusecuiesc.eu\\\/#\\\/schema\\\/logo\\\/image\\\/\"}},{\"@type\":\"Person\",\"@id\":\"https:\\\/\\\/targusecuiesc.eu\\\/#\\\/schema\\\/person\\\/3e8e0dc36a7b432328a4fa3a70aa5de3\",\"name\":\"Levente\",\"image\":{\"@type\":\"ImageObject\",\"inLanguage\":\"en-GB\",\"@id\":\"https:\\\/\\\/secure.gravatar.com\\\/avatar\\\/a800d69db893890d57b88525e6aba9502659e29fa5a7ce96c5354202678a9227?s=96&d=mm&r=g\",\"url\":\"https:\\\/\\\/secure.gravatar.com\\\/avatar\\\/a800d69db893890d57b88525e6aba9502659e29fa5a7ce96c5354202678a9227?s=96&d=mm&r=g\",\"contentUrl\":\"https:\\\/\\\/secure.gravatar.com\\\/avatar\\\/a800d69db893890d57b88525e6aba9502659e29fa5a7ce96c5354202678a9227?s=96&d=mm&r=g\",\"caption\":\"Levente\"},\"sameAs\":[\"https:\\\/\\\/targusecuiesc.eu\"],\"url\":\"https:\\\/\\\/targusecuiesc.eu\\\/en\\\/author\\\/admin\\\/\"}]}<\/script>\n<!-- \/ Yoast SEO plugin. -->","yoast_head_json":{"title":"Baia Fetelor Apor \u2013 Un loc de baie misterios \u00een inima naturii","robots":{"index":"index","follow":"follow","max-snippet":"max-snippet:-1","max-image-preview":"max-image-preview:large","max-video-preview":"max-video-preview:-1"},"canonical":"https:\/\/targusecuiesc.eu\/en\/2025\/02\/25\/baia-fetelor-apor\/","og_locale":"en_GB","og_type":"article","og_title":"Apor l\u00e1nyok fered\u0151je \u2013 Titokzatos f\u00fcrd\u0151hely a term\u00e9szet \u00f6lel\u00e9s\u00e9ben","og_description":"Ha egy igaz\u00e1n k\u00fcl\u00f6nleges, term\u00e9szetk\u00f6zeli \u00e9lm\u00e9nyre v\u00e1gysz, amely alig 30 percre tal\u00e1lhat\u00f3 a Pixel Resortt\u00f3l, akkor az Apor l\u00e1nyok fered\u0151je t\u00f6k\u00e9letes v\u00e1laszt\u00e1s.","og_url":"https:\/\/targusecuiesc.eu\/en\/2025\/02\/25\/baia-fetelor-apor\/","og_site_name":"Cazare \u00een T\u00e2rgu Secueisc","article_published_time":"2025-02-25T17:48:41+00:00","article_modified_time":"2025-02-25T18:01:52+00:00","og_image":[{"width":1280,"height":720,"url":"https:\/\/targusecuiesc.eu\/wp-content\/uploads\/2025\/02\/Apor-lanyok-feredoje-1.jpg","type":"image\/jpeg"}],"author":"Levente","twitter_card":"summary_large_image","twitter_misc":{"Written by":"Levente","Estimated reading time":"3 minutes"},"schema":{"@context":"https:\/\/schema.org","@graph":[{"@type":"Article","@id":"https:\/\/targusecuiesc.eu\/2025\/02\/25\/baia-fetelor-apor\/#article","isPartOf":{"@id":"https:\/\/targusecuiesc.eu\/2025\/02\/25\/baia-fetelor-apor\/"},"author":{"name":"Levente","@id":"https:\/\/targusecuiesc.eu\/#\/schema\/person\/3e8e0dc36a7b432328a4fa3a70aa5de3"},"headline":"Baia Fetelor Apor \u2013 Un loc de baie misterios \u00een inima naturii","datePublished":"2025-02-25T17:48:41+00:00","dateModified":"2025-02-25T18:01:52+00:00","mainEntityOfPage":{"@id":"https:\/\/targusecuiesc.eu\/2025\/02\/25\/baia-fetelor-apor\/"},"wordCount":373,"commentCount":0,"publisher":{"@id":"https:\/\/targusecuiesc.eu\/#organization"},"image":{"@id":"https:\/\/targusecuiesc.eu\/2025\/02\/25\/baia-fetelor-apor\/#primaryimage"},"thumbnailUrl":"https:\/\/targusecuiesc.eu\/wp-content\/uploads\/2025\/02\/Apor-lanyok-feredoje-1.jpg","articleSection":["Uncategorized"],"inLanguage":"en-GB","potentialAction":[{"@type":"CommentAction","name":"Comment","target":["https:\/\/targusecuiesc.eu\/2025\/02\/25\/baia-fetelor-apor\/#respond"]}]},{"@type":"WebPage","@id":"https:\/\/targusecuiesc.eu\/2025\/02\/25\/baia-fetelor-apor\/","url":"https:\/\/targusecuiesc.eu\/2025\/02\/25\/baia-fetelor-apor\/","name":"Baia Fetelor Apor \u2013 Un loc de baie misterios \u00een inima naturii","isPartOf":{"@id":"https:\/\/targusecuiesc.eu\/#website"},"primaryImageOfPage":{"@id":"https:\/\/targusecuiesc.eu\/2025\/02\/25\/baia-fetelor-apor\/#primaryimage"},"image":{"@id":"https:\/\/targusecuiesc.eu\/2025\/02\/25\/baia-fetelor-apor\/#primaryimage"},"thumbnailUrl":"https:\/\/targusecuiesc.eu\/wp-content\/uploads\/2025\/02\/Apor-lanyok-feredoje-1.jpg","datePublished":"2025-02-25T17:48:41+00:00","dateModified":"2025-02-25T18:01:52+00:00","breadcrumb":{"@id":"https:\/\/targusecuiesc.eu\/2025\/02\/25\/baia-fetelor-apor\/#breadcrumb"},"inLanguage":"en-GB","potentialAction":[{"@type":"ReadAction","target":["https:\/\/targusecuiesc.eu\/2025\/02\/25\/baia-fetelor-apor\/"]}]},{"@type":"ImageObject","inLanguage":"en-GB","@id":"https:\/\/targusecuiesc.eu\/2025\/02\/25\/baia-fetelor-apor\/#primaryimage","url":"https:\/\/targusecuiesc.eu\/wp-content\/uploads\/2025\/02\/Apor-lanyok-feredoje-1.jpg","contentUrl":"https:\/\/targusecuiesc.eu\/wp-content\/uploads\/2025\/02\/Apor-lanyok-feredoje-1.jpg","width":1024,"height":576,"caption":"Apor la\u0301nyok feredo\u030bje"},{"@type":"BreadcrumbList","@id":"https:\/\/targusecuiesc.eu\/2025\/02\/25\/baia-fetelor-apor\/#breadcrumb","itemListElement":[{"@type":"ListItem","position":1,"name":"Prima pagin\u0103","item":"https:\/\/targusecuiesc.eu\/"},{"@type":"ListItem","position":2,"name":"Baia Fetelor Apor \u2013 Un loc de baie misterios \u00een inima naturii"}]},{"@type":"WebSite","@id":"https:\/\/targusecuiesc.eu\/#website","url":"https:\/\/targusecuiesc.eu\/","name":"Accommodation in T\u00e2rgu Secueisc","description":"Are you looking for a suitable accommodation in Targu Secuiesc?","publisher":{"@id":"https:\/\/targusecuiesc.eu\/#organization"},"alternateName":"Te afli in cautarea unui loc potrivit de cazare in Targu Secuiesc?","potentialAction":[{"@type":"SearchAction","target":{"@type":"EntryPoint","urlTemplate":"https:\/\/targusecuiesc.eu\/?s={search_term_string}"},"query-input":{"@type":"PropertyValueSpecification","valueRequired":true,"valueName":"search_term_string"}}],"inLanguage":"en-GB"},{"@type":"Organization","@id":"https:\/\/targusecuiesc.eu\/#organization","name":"Accommodation in T\u00e2rgu Secueisc","alternateName":"Te afli in cautarea unui loc potrivit de cazare in Targu Secuiesc?","url":"https:\/\/targusecuiesc.eu\/","logo":{"@type":"ImageObject","inLanguage":"en-GB","@id":"https:\/\/targusecuiesc.eu\/#\/schema\/logo\/image\/","url":"https:\/\/targusecuiesc.eu\/wp-content\/uploads\/2022\/05\/cropped-targu-secuiesc-1-e1653031917947.png","contentUrl":"https:\/\/targusecuiesc.eu\/wp-content\/uploads\/2022\/05\/cropped-targu-secuiesc-1-e1653031917947.png","width":512,"height":512,"caption":"Cazare \u00een T\u00e2rgu Secueisc"},"image":{"@id":"https:\/\/targusecuiesc.eu\/#\/schema\/logo\/image\/"}},{"@type":"Person","@id":"https:\/\/targusecuiesc.eu\/#\/schema\/person\/3e8e0dc36a7b432328a4fa3a70aa5de3","name":"Levente","image":{"@type":"ImageObject","inLanguage":"en-GB","@id":"https:\/\/secure.gravatar.com\/avatar\/a800d69db893890d57b88525e6aba9502659e29fa5a7ce96c5354202678a9227?s=96&d=mm&r=g","url":"https:\/\/secure.gravatar.com\/avatar\/a800d69db893890d57b88525e6aba9502659e29fa5a7ce96c5354202678a9227?s=96&d=mm&r=g","contentUrl":"https:\/\/secure.gravatar.com\/avatar\/a800d69db893890d57b88525e6aba9502659e29fa5a7ce96c5354202678a9227?s=96&d=mm&r=g","caption":"Levente"},"sameAs":["https:\/\/targusecuiesc.eu"],"url":"https:\/\/targusecuiesc.eu\/en\/author\/admin\/"}]}},"_links":{"self":[{"href":"https:\/\/targusecuiesc.eu\/en\/wp-json\/wp\/v2\/posts\/16834","targetHints":{"allow":["GET"]}}],"collection":[{"href":"https:\/\/targusecuiesc.eu\/en\/wp-json\/wp\/v2\/posts"}],"about":[{"href":"https:\/\/targusecuiesc.eu\/en\/wp-json\/wp\/v2\/types\/post"}],"author":[{"embeddable":true,"href":"https:\/\/targusecuiesc.eu\/en\/wp-json\/wp\/v2\/users\/1"}],"replies":[{"embeddable":true,"href":"https:\/\/targusecuiesc.eu\/en\/wp-json\/wp\/v2\/comments?post=16834"}],"version-history":[{"count":0,"href":"https:\/\/targusecuiesc.eu\/en\/wp-json\/wp\/v2\/posts\/16834\/revisions"}],"wp:featuredmedia":[{"embeddable":true,"href":"https:\/\/targusecuiesc.eu\/en\/wp-json\/wp\/v2\/media\/16842"}],"wp:attachment":[{"href":"https:\/\/targusecuiesc.eu\/en\/wp-json\/wp\/v2\/media?parent=16834"}],"wp:term":[{"taxonomy":"category","embeddable":true,"href":"https:\/\/targusecuiesc.eu\/en\/wp-json\/wp\/v2\/categories?post=16834"},{"taxonomy":"post_tag","embeddable":true,"href":"https:\/\/targusecuiesc.eu\/en\/wp-json\/wp\/v2\/tags?post=16834"}],"curies":[{"name":"wp","href":"https:\/\/api.w.org\/{rel}","templated":true}]}}