{"id":7554,"date":"2023-08-13T19:23:42","date_gmt":"2023-08-13T16:23:42","guid":{"rendered":"https:\/\/targusecuiesc.eu\/?p=7554"},"modified":"2023-08-14T07:50:25","modified_gmt":"2023-08-14T04:50:25","slug":"madchenball-apor","status":"publish","type":"post","link":"https:\/\/targusecuiesc.eu\/de\/2023\/08\/13\/baile-fetelor-apor\/","title":{"rendered":"Apor M\u00e4dchenb\u00e4der"},"content":{"rendered":"<div data-elementor-type=\"wp-post\" data-elementor-id=\"7554\" class=\"elementor elementor-7554\" data-elementor-post-type=\"post\">\n\t\t\t\t\t\t<section class=\"elementor-section elementor-top-section elementor-element elementor-element-f259ee9 elementor-section-boxed elementor-section-height-default elementor-section-height-default\" data-id=\"f259ee9\" data-element_type=\"section\" data-e-type=\"section\">\n\t\t\t\t\t\t<div class=\"elementor-container elementor-column-gap-default\">\n\t\t\t\t\t<div class=\"elementor-column elementor-col-100 elementor-top-column elementor-element elementor-element-c2204e3\" data-id=\"c2204e3\" data-element_type=\"column\" data-e-type=\"column\">\n\t\t\t<div class=\"elementor-widget-wrap elementor-element-populated\">\n\t\t\t\t\t\t<div class=\"elementor-element elementor-element-1fab155 elementor-widget elementor-widget-image\" data-id=\"1fab155\" data-element_type=\"widget\" data-e-type=\"widget\" data-widget_type=\"image.default\">\n\t\t\t\t\t\t\t\t\t\t\t\t\t\t\t<img fetchpriority=\"high\" decoding=\"async\" width=\"1024\" height=\"768\" src=\"https:\/\/targusecuiesc.eu\/wp-content\/uploads\/2023\/08\/IMG_0921-1024x768.jpeg\" class=\"attachment-large size-large wp-image-7555\" alt=\"Apor M\u00e4dchenbad | St. Anna See\" srcset=\"https:\/\/targusecuiesc.eu\/wp-content\/uploads\/2023\/08\/IMG_0921-1024x768.jpeg 1024w, https:\/\/targusecuiesc.eu\/wp-content\/uploads\/2023\/08\/IMG_0921-300x225.jpeg 300w, https:\/\/targusecuiesc.eu\/wp-content\/uploads\/2023\/08\/IMG_0921-768x576.jpeg 768w, https:\/\/targusecuiesc.eu\/wp-content\/uploads\/2023\/08\/IMG_0921-1536x1152.jpeg 1536w, https:\/\/targusecuiesc.eu\/wp-content\/uploads\/2023\/08\/IMG_0921-2048x1536.jpeg 2048w, https:\/\/targusecuiesc.eu\/wp-content\/uploads\/2023\/08\/IMG_0921-16x12.jpeg 16w\" sizes=\"(max-width: 1024px) 100vw, 1024px\" \/>\t\t\t\t\t\t\t\t\t\t\t\t\t\t\t<\/div>\n\t\t\t\t\t<\/div>\n\t\t<\/div>\n\t\t\t\t\t<\/div>\n\t\t<\/section>\n\t\t\t\t<section class=\"elementor-section elementor-top-section elementor-element elementor-element-6237c61 elementor-section-boxed elementor-section-height-default elementor-section-height-default\" data-id=\"6237c61\" data-element_type=\"section\" data-e-type=\"section\">\n\t\t\t\t\t\t<div class=\"elementor-container elementor-column-gap-default\">\n\t\t\t\t\t<div class=\"elementor-column elementor-col-100 elementor-top-column elementor-element elementor-element-f3e566f\" data-id=\"f3e566f\" data-element_type=\"column\" data-e-type=\"column\">\n\t\t\t<div class=\"elementor-widget-wrap elementor-element-populated\">\n\t\t\t\t\t\t<div class=\"elementor-element elementor-element-a218aea elementor-widget elementor-widget-text-editor\" data-id=\"a218aea\" data-element_type=\"widget\" data-e-type=\"widget\" data-widget_type=\"text-editor.default\">\n\t\t\t\t\t\t\t\t\t<p class=\"p1\"><span class=\"s1\">Die Apor-M\u00e4dchenb\u00e4der (ungarisch Apor L\u00e1nyok Fered\u0151je) befinden sich im Kurgebiet der Balvanyos-B\u00e4der (Harghita-Gebirge, Komitat Covasna).<\/span><\/p><p class=\"p1\"><span class=\"s1\">Sie sind besonders spektakul\u00e4r mit ihren vielen verschiedenen kohlens\u00e4urehaltigen und mineralisierten Quellen. Im Grunde handelt es sich dabei um nasse Motten (mophitische Gase postvulkanischen Ursprungs, die im Wasser der stark mineralisierten Quellen stark sprudeln).<\/span><\/p><p class=\"p1\"><span class=\"s1\">Die B\u00e4der sind sehr leicht zug\u00e4nglich und es bedarf keiner besonderen Vorbereitung, um sie zu besuchen. Um sie zu erreichen, m\u00fcssen Sie (mit dem Auto) auf der DN113 in Richtung Balvanyos-B\u00e4der fahren, entweder von Osten (T\u00e2rgu Secuiesc) oder von Westen (Bixad) kommend. Die B\u00e4der befinden sich etwa 23 km \u00f6stlich von Casa Pixel oder Tiny Campus, an der ersten Serpentine der Asphaltstra\u00dfe, die zu den Balvanyos-B\u00e4dern hinunterf\u00fchrt (siehe Karte). Lassen Sie Ihr Auto in einem der Unterst\u00e4nde neben der Serpentine stehen (es gibt keine richtigen Parkpl\u00e4tze) und gehen Sie von der Kurve der Serpentine auf einem Pfad den \"H\u00fcgel\" hinauf. Sofort werden Sie den spezifischen, nicht sehr angenehmen Geruch von Stinktier riechen und das Pl\u00e4tschern des Drachens h\u00f6ren. Der Drache ist der Name, den ich einer der Quellen gegeben habe, in der die mophitischen Gase laut sprudeln, h\u00f6rbar aus Dutzenden von Metern Entfernung (Foto, Video). Mit Hilfe des Drachens kann man unartige Kinder beruhigen, indem man ihnen droht, sie an ihn auszuliefern, und das funktioniert wirklich, denn der Drache ist weithin zu h\u00f6ren... und er riecht... wie ein Drache.<\/span><\/p>\t\t\t\t\t\t\t\t<\/div>\n\t\t\t\t\t<\/div>\n\t\t<\/div>\n\t\t\t\t\t<\/div>\n\t\t<\/section>\n\t\t\t\t<section class=\"elementor-section elementor-top-section elementor-element elementor-element-4b6a05e elementor-section-boxed elementor-section-height-default elementor-section-height-default\" data-id=\"4b6a05e\" data-element_type=\"section\" data-e-type=\"section\">\n\t\t\t\t\t\t<div class=\"elementor-container elementor-column-gap-default\">\n\t\t\t\t\t<div class=\"elementor-column elementor-col-100 elementor-top-column elementor-element elementor-element-1d86448\" data-id=\"1d86448\" data-element_type=\"column\" data-e-type=\"column\">\n\t\t\t<div class=\"elementor-widget-wrap elementor-element-populated\">\n\t\t\t\t\t\t<div class=\"elementor-element elementor-element-4da8e9c elementor-widget elementor-widget-gallery\" data-id=\"4da8e9c\" data-element_type=\"widget\" data-e-type=\"widget\" data-settings=\"{&quot;lazyload&quot;:&quot;yes&quot;,&quot;gallery_layout&quot;:&quot;grid&quot;,&quot;columns&quot;:4,&quot;columns_tablet&quot;:2,&quot;columns_mobile&quot;:1,&quot;gap&quot;:{&quot;unit&quot;:&quot;px&quot;,&quot;size&quot;:10,&quot;sizes&quot;:[]},&quot;gap_tablet&quot;:{&quot;unit&quot;:&quot;px&quot;,&quot;size&quot;:10,&quot;sizes&quot;:[]},&quot;gap_mobile&quot;:{&quot;unit&quot;:&quot;px&quot;,&quot;size&quot;:10,&quot;sizes&quot;:[]},&quot;link_to&quot;:&quot;file&quot;,&quot;aspect_ratio&quot;:&quot;3:2&quot;,&quot;overlay_background&quot;:&quot;yes&quot;,&quot;content_hover_animation&quot;:&quot;fade-in&quot;}\" data-widget_type=\"gallery.default\">\n\t\t\t\t\t\t\t<div class=\"elementor-gallery__container\">\n\t\t\t\t\t\t\t<a class=\"e-gallery-item elementor-gallery-item elementor-animated-content\" href=\"https:\/\/targusecuiesc.eu\/wp-content\/uploads\/2023\/08\/IMG_0898-scaled.jpeg\" data-elementor-open-lightbox=\"yes\" data-elementor-lightbox-slideshow=\"4da8e9c\" data-elementor-lightbox-title=\"B\u0103ile fetelor Apor | Lacul Sf\u00e2nta Ana\" data-e-action-hash=\"#elementor-action%3Aaction%3Dlightbox%26settings%3DeyJpZCI6NzU4MCwidXJsIjoiaHR0cHM6XC9cL3Rhcmd1c2VjdWllc2MuZXVcL3dwLWNvbnRlbnRcL3VwbG9hZHNcLzIwMjNcLzA4XC9JTUdfMDg5OC1zY2FsZWQuanBlZyIsInNsaWRlc2hvdyI6IjRkYThlOWMifQ%3D%3D\">\n\t\t\t\t\t<div class=\"e-gallery-image elementor-gallery-item__image\" data-thumbnail=\"https:\/\/targusecuiesc.eu\/wp-content\/uploads\/2023\/08\/IMG_0898-225x300.jpeg\" data-width=\"225\" data-height=\"300\" aria-label=\"Apor M\u00e4dchenbad | St. Anna See\" role=\"img\" ><\/div>\n\t\t\t\t\t\t\t\t\t\t\t<div class=\"elementor-gallery-item__overlay\"><\/div>\n\t\t\t\t\t\t\t\t\t\t\t\t\t\t<\/a>\n\t\t\t\t\t\t\t<a class=\"e-gallery-item elementor-gallery-item elementor-animated-content\" href=\"https:\/\/targusecuiesc.eu\/wp-content\/uploads\/2023\/08\/IMG_0902-scaled.jpeg\" data-elementor-open-lightbox=\"yes\" data-elementor-lightbox-slideshow=\"4da8e9c\" data-elementor-lightbox-title=\"B\u0103ile fetelor Apor | Lacul Sf\u00e2nta Ana_1\" data-e-action-hash=\"#elementor-action%3Aaction%3Dlightbox%26settings%3DeyJpZCI6NzU3OSwidXJsIjoiaHR0cHM6XC9cL3Rhcmd1c2VjdWllc2MuZXVcL3dwLWNvbnRlbnRcL3VwbG9hZHNcLzIwMjNcLzA4XC9JTUdfMDkwMi1zY2FsZWQuanBlZyIsInNsaWRlc2hvdyI6IjRkYThlOWMifQ%3D%3D\">\n\t\t\t\t\t<div class=\"e-gallery-image elementor-gallery-item__image\" data-thumbnail=\"https:\/\/targusecuiesc.eu\/wp-content\/uploads\/2023\/08\/IMG_0902-225x300.jpeg\" data-width=\"225\" data-height=\"300\" aria-label=\"Apor M\u00e4dchenbad | St. Anna See\" role=\"img\" ><\/div>\n\t\t\t\t\t\t\t\t\t\t\t<div class=\"elementor-gallery-item__overlay\"><\/div>\n\t\t\t\t\t\t\t\t\t\t\t\t\t\t<\/a>\n\t\t\t\t\t\t\t<a class=\"e-gallery-item elementor-gallery-item elementor-animated-content\" href=\"https:\/\/targusecuiesc.eu\/wp-content\/uploads\/2023\/08\/IMG_0905-scaled.jpeg\" data-elementor-open-lightbox=\"yes\" data-elementor-lightbox-slideshow=\"4da8e9c\" data-elementor-lightbox-title=\"B\u0103ile fetelor Apor | Lacul Sf\u00e2nta Ana_2\" data-e-action-hash=\"#elementor-action%3Aaction%3Dlightbox%26settings%3DeyJpZCI6NzU3OCwidXJsIjoiaHR0cHM6XC9cL3Rhcmd1c2VjdWllc2MuZXVcL3dwLWNvbnRlbnRcL3VwbG9hZHNcLzIwMjNcLzA4XC9JTUdfMDkwNS1zY2FsZWQuanBlZyIsInNsaWRlc2hvdyI6IjRkYThlOWMifQ%3D%3D\">\n\t\t\t\t\t<div class=\"e-gallery-image elementor-gallery-item__image\" data-thumbnail=\"https:\/\/targusecuiesc.eu\/wp-content\/uploads\/2023\/08\/IMG_0905-225x300.jpeg\" data-width=\"225\" data-height=\"300\" aria-label=\"Apor M\u00e4dchenbad | St. Anna See\" role=\"img\" ><\/div>\n\t\t\t\t\t\t\t\t\t\t\t<div class=\"elementor-gallery-item__overlay\"><\/div>\n\t\t\t\t\t\t\t\t\t\t\t\t\t\t<\/a>\n\t\t\t\t\t\t\t<a class=\"e-gallery-item elementor-gallery-item elementor-animated-content\" href=\"https:\/\/targusecuiesc.eu\/wp-content\/uploads\/2023\/08\/IMG_0906-scaled.jpeg\" data-elementor-open-lightbox=\"yes\" data-elementor-lightbox-slideshow=\"4da8e9c\" data-elementor-lightbox-title=\"B\u0103ile fetelor Apor | Lacul Sf\u00e2nta Ana_3\" data-e-action-hash=\"#elementor-action%3Aaction%3Dlightbox%26settings%3DeyJpZCI6NzU3NywidXJsIjoiaHR0cHM6XC9cL3Rhcmd1c2VjdWllc2MuZXVcL3dwLWNvbnRlbnRcL3VwbG9hZHNcLzIwMjNcLzA4XC9JTUdfMDkwNi1zY2FsZWQuanBlZyIsInNsaWRlc2hvdyI6IjRkYThlOWMifQ%3D%3D\">\n\t\t\t\t\t<div class=\"e-gallery-image elementor-gallery-item__image\" data-thumbnail=\"https:\/\/targusecuiesc.eu\/wp-content\/uploads\/2023\/08\/IMG_0906-225x300.jpeg\" data-width=\"225\" data-height=\"300\" aria-label=\"Apor M\u00e4dchenbad | St. Anna See\" role=\"img\" ><\/div>\n\t\t\t\t\t\t\t\t\t\t\t<div class=\"elementor-gallery-item__overlay\"><\/div>\n\t\t\t\t\t\t\t\t\t\t\t\t\t\t<\/a>\n\t\t\t\t\t\t\t<a class=\"e-gallery-item elementor-gallery-item elementor-animated-content\" href=\"https:\/\/targusecuiesc.eu\/wp-content\/uploads\/2023\/08\/IMG_0907-scaled.jpeg\" data-elementor-open-lightbox=\"yes\" data-elementor-lightbox-slideshow=\"4da8e9c\" data-elementor-lightbox-title=\"B\u0103ile fetelor Apor | Lacul Sf\u00e2nta Ana_4\" data-e-action-hash=\"#elementor-action%3Aaction%3Dlightbox%26settings%3DeyJpZCI6NzU3NiwidXJsIjoiaHR0cHM6XC9cL3Rhcmd1c2VjdWllc2MuZXVcL3dwLWNvbnRlbnRcL3VwbG9hZHNcLzIwMjNcLzA4XC9JTUdfMDkwNy1zY2FsZWQuanBlZyIsInNsaWRlc2hvdyI6IjRkYThlOWMifQ%3D%3D\">\n\t\t\t\t\t<div class=\"e-gallery-image elementor-gallery-item__image\" data-thumbnail=\"https:\/\/targusecuiesc.eu\/wp-content\/uploads\/2023\/08\/IMG_0907-225x300.jpeg\" data-width=\"225\" data-height=\"300\" aria-label=\"Apor M\u00e4dchenbad | St. Anna See\" role=\"img\" ><\/div>\n\t\t\t\t\t\t\t\t\t\t\t<div class=\"elementor-gallery-item__overlay\"><\/div>\n\t\t\t\t\t\t\t\t\t\t\t\t\t\t<\/a>\n\t\t\t\t\t\t\t<a class=\"e-gallery-item elementor-gallery-item elementor-animated-content\" href=\"https:\/\/targusecuiesc.eu\/wp-content\/uploads\/2023\/08\/IMG_0912-scaled-e1695314630543.jpeg\" data-elementor-open-lightbox=\"yes\" data-elementor-lightbox-slideshow=\"4da8e9c\" data-elementor-lightbox-title=\"B\u0103ile fetelor Apor | Lacul Sf\u00e2nta Ana_5\" data-e-action-hash=\"#elementor-action%3Aaction%3Dlightbox%26settings%3DeyJpZCI6NzU3NSwidXJsIjoiaHR0cHM6XC9cL3Rhcmd1c2VjdWllc2MuZXVcL3dwLWNvbnRlbnRcL3VwbG9hZHNcLzIwMjNcLzA4XC9JTUdfMDkxMi1zY2FsZWQtZTE2OTUzMTQ2MzA1NDMuanBlZyIsInNsaWRlc2hvdyI6IjRkYThlOWMifQ%3D%3D\">\n\t\t\t\t\t<div class=\"e-gallery-image elementor-gallery-item__image\" data-thumbnail=\"https:\/\/targusecuiesc.eu\/wp-content\/uploads\/2023\/08\/IMG_0912-300x225.jpeg\" data-width=\"300\" data-height=\"225\" aria-label=\"Apor M\u00e4dchenbad | St. Anna See\" role=\"img\" ><\/div>\n\t\t\t\t\t\t\t\t\t\t\t<div class=\"elementor-gallery-item__overlay\"><\/div>\n\t\t\t\t\t\t\t\t\t\t\t\t\t\t<\/a>\n\t\t\t\t\t\t\t<a class=\"e-gallery-item elementor-gallery-item elementor-animated-content\" href=\"https:\/\/targusecuiesc.eu\/wp-content\/uploads\/2023\/08\/IMG_0913-scaled.jpeg\" data-elementor-open-lightbox=\"yes\" data-elementor-lightbox-slideshow=\"4da8e9c\" data-elementor-lightbox-title=\"B\u0103ile fetelor Apor | Lacul Sf\u00e2nta Ana_6\" data-e-action-hash=\"#elementor-action%3Aaction%3Dlightbox%26settings%3DeyJpZCI6NzU3NCwidXJsIjoiaHR0cHM6XC9cL3Rhcmd1c2VjdWllc2MuZXVcL3dwLWNvbnRlbnRcL3VwbG9hZHNcLzIwMjNcLzA4XC9JTUdfMDkxMy1zY2FsZWQuanBlZyIsInNsaWRlc2hvdyI6IjRkYThlOWMifQ%3D%3D\">\n\t\t\t\t\t<div class=\"e-gallery-image elementor-gallery-item__image\" data-thumbnail=\"https:\/\/targusecuiesc.eu\/wp-content\/uploads\/2023\/08\/IMG_0913-225x300.jpeg\" data-width=\"225\" data-height=\"300\" aria-label=\"Apor M\u00e4dchenbad | St. Anna See\" role=\"img\" ><\/div>\n\t\t\t\t\t\t\t\t\t\t\t<div class=\"elementor-gallery-item__overlay\"><\/div>\n\t\t\t\t\t\t\t\t\t\t\t\t\t\t<\/a>\n\t\t\t\t\t\t\t<a class=\"e-gallery-item elementor-gallery-item elementor-animated-content\" href=\"https:\/\/targusecuiesc.eu\/wp-content\/uploads\/2023\/08\/IMG_0915-scaled.jpeg\" data-elementor-open-lightbox=\"yes\" data-elementor-lightbox-slideshow=\"4da8e9c\" data-elementor-lightbox-title=\"B\u0103ile fetelor Apor | Lacul Sf\u00e2nta Ana_8\" data-e-action-hash=\"#elementor-action%3Aaction%3Dlightbox%26settings%3DeyJpZCI6NzU3MiwidXJsIjoiaHR0cHM6XC9cL3Rhcmd1c2VjdWllc2MuZXVcL3dwLWNvbnRlbnRcL3VwbG9hZHNcLzIwMjNcLzA4XC9JTUdfMDkxNS1zY2FsZWQuanBlZyIsInNsaWRlc2hvdyI6IjRkYThlOWMifQ%3D%3D\">\n\t\t\t\t\t<div class=\"e-gallery-image elementor-gallery-item__image\" data-thumbnail=\"https:\/\/targusecuiesc.eu\/wp-content\/uploads\/2023\/08\/IMG_0915-300x225.jpeg\" data-width=\"300\" data-height=\"225\" aria-label=\"Apor M\u00e4dchenbad | St. Anna See\" role=\"img\" ><\/div>\n\t\t\t\t\t\t\t\t\t\t\t<div class=\"elementor-gallery-item__overlay\"><\/div>\n\t\t\t\t\t\t\t\t\t\t\t\t\t\t<\/a>\n\t\t\t\t\t\t\t<a class=\"e-gallery-item elementor-gallery-item elementor-animated-content\" href=\"https:\/\/targusecuiesc.eu\/wp-content\/uploads\/2023\/08\/IMG_0914-scaled.jpeg\" data-elementor-open-lightbox=\"yes\" data-elementor-lightbox-slideshow=\"4da8e9c\" data-elementor-lightbox-title=\"B\u0103ile fetelor Apor | Lacul Sf\u00e2nta Ana_7\" data-e-action-hash=\"#elementor-action%3Aaction%3Dlightbox%26settings%3DeyJpZCI6NzU3MywidXJsIjoiaHR0cHM6XC9cL3Rhcmd1c2VjdWllc2MuZXVcL3dwLWNvbnRlbnRcL3VwbG9hZHNcLzIwMjNcLzA4XC9JTUdfMDkxNC1zY2FsZWQuanBlZyIsInNsaWRlc2hvdyI6IjRkYThlOWMifQ%3D%3D\">\n\t\t\t\t\t<div class=\"e-gallery-image elementor-gallery-item__image\" data-thumbnail=\"https:\/\/targusecuiesc.eu\/wp-content\/uploads\/2023\/08\/IMG_0914-225x300.jpeg\" data-width=\"225\" data-height=\"300\" aria-label=\"Apor M\u00e4dchenbad | St. Anna See\" role=\"img\" ><\/div>\n\t\t\t\t\t\t\t\t\t\t\t<div class=\"elementor-gallery-item__overlay\"><\/div>\n\t\t\t\t\t\t\t\t\t\t\t\t\t\t<\/a>\n\t\t\t\t\t\t\t<a class=\"e-gallery-item elementor-gallery-item elementor-animated-content\" href=\"https:\/\/targusecuiesc.eu\/wp-content\/uploads\/2023\/08\/IMG_0916-scaled.jpeg\" data-elementor-open-lightbox=\"yes\" data-elementor-lightbox-slideshow=\"4da8e9c\" data-elementor-lightbox-title=\"B\u0103ile fetelor Apor | Lacul Sf\u00e2nta Ana_9\" data-e-action-hash=\"#elementor-action%3Aaction%3Dlightbox%26settings%3DeyJpZCI6NzU3MSwidXJsIjoiaHR0cHM6XC9cL3Rhcmd1c2VjdWllc2MuZXVcL3dwLWNvbnRlbnRcL3VwbG9hZHNcLzIwMjNcLzA4XC9JTUdfMDkxNi1zY2FsZWQuanBlZyIsInNsaWRlc2hvdyI6IjRkYThlOWMifQ%3D%3D\">\n\t\t\t\t\t<div class=\"e-gallery-image elementor-gallery-item__image\" data-thumbnail=\"https:\/\/targusecuiesc.eu\/wp-content\/uploads\/2023\/08\/IMG_0916-300x225.jpeg\" data-width=\"300\" data-height=\"225\" aria-label=\"Apor M\u00e4dchenbad | St. Anna See\" role=\"img\" ><\/div>\n\t\t\t\t\t\t\t\t\t\t\t<div class=\"elementor-gallery-item__overlay\"><\/div>\n\t\t\t\t\t\t\t\t\t\t\t\t\t\t<\/a>\n\t\t\t\t\t\t\t<a class=\"e-gallery-item elementor-gallery-item elementor-animated-content\" href=\"https:\/\/targusecuiesc.eu\/wp-content\/uploads\/2023\/08\/IMG_0919-scaled.jpeg\" data-elementor-open-lightbox=\"yes\" data-elementor-lightbox-slideshow=\"4da8e9c\" data-elementor-lightbox-title=\"B\u0103ile fetelor Apor | Lacul Sf\u00e2nta Ana_10\" data-e-action-hash=\"#elementor-action%3Aaction%3Dlightbox%26settings%3DeyJpZCI6NzU3MCwidXJsIjoiaHR0cHM6XC9cL3Rhcmd1c2VjdWllc2MuZXVcL3dwLWNvbnRlbnRcL3VwbG9hZHNcLzIwMjNcLzA4XC9JTUdfMDkxOS1zY2FsZWQuanBlZyIsInNsaWRlc2hvdyI6IjRkYThlOWMifQ%3D%3D\">\n\t\t\t\t\t<div class=\"e-gallery-image elementor-gallery-item__image\" data-thumbnail=\"https:\/\/targusecuiesc.eu\/wp-content\/uploads\/2023\/08\/IMG_0919-300x225.jpeg\" data-width=\"300\" data-height=\"225\" aria-label=\"Apor M\u00e4dchenbad | St. Anna See\" role=\"img\" ><\/div>\n\t\t\t\t\t\t\t\t\t\t\t<div class=\"elementor-gallery-item__overlay\"><\/div>\n\t\t\t\t\t\t\t\t\t\t\t\t\t\t<\/a>\n\t\t\t\t\t\t\t<a class=\"e-gallery-item elementor-gallery-item elementor-animated-content\" href=\"https:\/\/targusecuiesc.eu\/wp-content\/uploads\/2023\/08\/IMG_0920-scaled.jpeg\" data-elementor-open-lightbox=\"yes\" data-elementor-lightbox-slideshow=\"4da8e9c\" data-elementor-lightbox-title=\"B\u0103ile fetelor Apor | Lacul Sf\u00e2nta Ana_11\" data-e-action-hash=\"#elementor-action%3Aaction%3Dlightbox%26settings%3DeyJpZCI6NzU2OSwidXJsIjoiaHR0cHM6XC9cL3Rhcmd1c2VjdWllc2MuZXVcL3dwLWNvbnRlbnRcL3VwbG9hZHNcLzIwMjNcLzA4XC9JTUdfMDkyMC1zY2FsZWQuanBlZyIsInNsaWRlc2hvdyI6IjRkYThlOWMifQ%3D%3D\">\n\t\t\t\t\t<div class=\"e-gallery-image elementor-gallery-item__image\" data-thumbnail=\"https:\/\/targusecuiesc.eu\/wp-content\/uploads\/2023\/08\/IMG_0920-300x225.jpeg\" data-width=\"300\" data-height=\"225\" aria-label=\"Apor M\u00e4dchenbad | St. Anna See\" role=\"img\" ><\/div>\n\t\t\t\t\t\t\t\t\t\t\t<div class=\"elementor-gallery-item__overlay\"><\/div>\n\t\t\t\t\t\t\t\t\t\t\t\t\t\t<\/a>\n\t\t\t\t\t\t\t<a class=\"e-gallery-item elementor-gallery-item elementor-animated-content\" href=\"https:\/\/targusecuiesc.eu\/wp-content\/uploads\/2023\/08\/IMG_0923-scaled.jpeg\" data-elementor-open-lightbox=\"yes\" data-elementor-lightbox-slideshow=\"4da8e9c\" data-elementor-lightbox-title=\"B\u0103ile fetelor Apor | Lacul Sf\u00e2nta Ana_13\" data-e-action-hash=\"#elementor-action%3Aaction%3Dlightbox%26settings%3DeyJpZCI6NzU2NiwidXJsIjoiaHR0cHM6XC9cL3Rhcmd1c2VjdWllc2MuZXVcL3dwLWNvbnRlbnRcL3VwbG9hZHNcLzIwMjNcLzA4XC9JTUdfMDkyMy1zY2FsZWQuanBlZyIsInNsaWRlc2hvdyI6IjRkYThlOWMifQ%3D%3D\">\n\t\t\t\t\t<div class=\"e-gallery-image elementor-gallery-item__image\" data-thumbnail=\"https:\/\/targusecuiesc.eu\/wp-content\/uploads\/2023\/08\/IMG_0923-300x225.jpeg\" data-width=\"300\" data-height=\"225\" aria-label=\"Apor M\u00e4dchenbad | St. Anna See\" role=\"img\" ><\/div>\n\t\t\t\t\t\t\t\t\t\t\t<div class=\"elementor-gallery-item__overlay\"><\/div>\n\t\t\t\t\t\t\t\t\t\t\t\t\t\t<\/a>\n\t\t\t\t\t<\/div>\n\t\t\t\t\t<\/div>\n\t\t\t\t\t<\/div>\n\t\t<\/div>\n\t\t\t\t\t<\/div>\n\t\t<\/section>\n\t\t\t\t<\/div>","protected":false},"excerpt":{"rendered":"<p>B\u0103ile fetelor Apor (in limba maghiar\u0103 Apor L\u00e1nyok Fered\u0151je) sunt situate \u00een zona sta\u021biunii B\u0103ile Balvanyos (Mun\u021bii Harghita, Jude\u021bul Covasna). Sunt deosebit de spectaculoase prin multitudinea de izvoare carbogazoase \u0219i mineralizate, destul de diferite \u00eentre ele. Practic sunt ni\u0219te mofete umede (gaze mofetice de origine postvulcanic\u0103 bolborosind puternic \u00een apa izvoarelor intens mineralizate). B\u0103ile sunt [&hellip;]<\/p>\n","protected":false},"author":1,"featured_media":0,"comment_status":"open","ping_status":"open","sticky":false,"template":"","format":"standard","meta":{"ocean_post_layout":"","ocean_both_sidebars_style":"","ocean_both_sidebars_content_width":0,"ocean_both_sidebars_sidebars_width":0,"ocean_sidebar":"","ocean_second_sidebar":"","ocean_disable_margins":"enable","ocean_add_body_class":"","ocean_shortcode_before_top_bar":"","ocean_shortcode_after_top_bar":"","ocean_shortcode_before_header":"","ocean_shortcode_after_header":"","ocean_has_shortcode":"","ocean_shortcode_after_title":"","ocean_shortcode_before_footer_widgets":"","ocean_shortcode_after_footer_widgets":"","ocean_shortcode_before_footer_bottom":"","ocean_shortcode_after_footer_bottom":"","ocean_display_top_bar":"default","ocean_display_header":"default","ocean_header_style":"","ocean_center_header_left_menu":"","ocean_custom_header_template":"","ocean_custom_logo":0,"ocean_custom_retina_logo":0,"ocean_custom_logo_max_width":0,"ocean_custom_logo_tablet_max_width":0,"ocean_custom_logo_mobile_max_width":0,"ocean_custom_logo_max_height":0,"ocean_custom_logo_tablet_max_height":0,"ocean_custom_logo_mobile_max_height":0,"ocean_header_custom_menu":"","ocean_menu_typo_font_family":"","ocean_menu_typo_font_subset":"","ocean_menu_typo_font_size":0,"ocean_menu_typo_font_size_tablet":0,"ocean_menu_typo_font_size_mobile":0,"ocean_menu_typo_font_size_unit":"px","ocean_menu_typo_font_weight":"","ocean_menu_typo_font_weight_tablet":"","ocean_menu_typo_font_weight_mobile":"","ocean_menu_typo_transform":"","ocean_menu_typo_transform_tablet":"","ocean_menu_typo_transform_mobile":"","ocean_menu_typo_line_height":0,"ocean_menu_typo_line_height_tablet":0,"ocean_menu_typo_line_height_mobile":0,"ocean_menu_typo_line_height_unit":"","ocean_menu_typo_spacing":0,"ocean_menu_typo_spacing_tablet":0,"ocean_menu_typo_spacing_mobile":0,"ocean_menu_typo_spacing_unit":"","ocean_menu_link_color":"","ocean_menu_link_color_hover":"","ocean_menu_link_color_active":"","ocean_menu_link_background":"","ocean_menu_link_hover_background":"","ocean_menu_link_active_background":"","ocean_menu_social_links_bg":"","ocean_menu_social_hover_links_bg":"","ocean_menu_social_links_color":"","ocean_menu_social_hover_links_color":"","ocean_disable_title":"default","ocean_disable_heading":"default","ocean_post_title":"","ocean_post_subheading":"","ocean_post_title_style":"","ocean_post_title_background_color":"","ocean_post_title_background":0,"ocean_post_title_bg_image_position":"","ocean_post_title_bg_image_attachment":"","ocean_post_title_bg_image_repeat":"","ocean_post_title_bg_image_size":"","ocean_post_title_height":0,"ocean_post_title_bg_overlay":0.5,"ocean_post_title_bg_overlay_color":"","ocean_disable_breadcrumbs":"default","ocean_breadcrumbs_color":"","ocean_breadcrumbs_separator_color":"","ocean_breadcrumbs_links_color":"","ocean_breadcrumbs_links_hover_color":"","ocean_display_footer_widgets":"default","ocean_display_footer_bottom":"default","ocean_custom_footer_template":"","_joinchat":[],"ocean_post_oembed":"","ocean_post_self_hosted_media":"","ocean_post_video_embed":"","ocean_link_format":"","ocean_link_format_target":"self","ocean_quote_format":"","ocean_quote_format_link":"post","ocean_gallery_link_images":"on","ocean_gallery_id":[],"footnotes":""},"categories":[1],"tags":[],"class_list":["post-7554","post","type-post","status-publish","format-standard","hentry","category-uncategorized","entry"],"yoast_head":"<!-- This site is optimized with the Yoast SEO plugin v27.5 - https:\/\/yoast.com\/product\/yoast-seo-wordpress\/ -->\n<title>B\u0103ile fetelor\u00a0Apor - Cazare \u00een T\u00e2rgu Secueisc<\/title>\n<meta name=\"description\" content=\"B\u0103ile fetelor Apor (in limba maghiar\u0103 Apor L\u00e1nyok Fered\u0151je) sunt situate \u00een zona sta\u021biunii B\u0103ile Balvanyos (Mun\u021bii Harghita, Jude\u021bul Covasna).\" \/>\n<meta name=\"robots\" content=\"index, follow, max-snippet:-1, max-image-preview:large, max-video-preview:-1\" \/>\n<link rel=\"canonical\" href=\"https:\/\/targusecuiesc.eu\/de\/2023\/08\/13\/madchenball-apor\/\" \/>\n<meta property=\"og:locale\" content=\"de_DE\" \/>\n<meta property=\"og:type\" content=\"article\" \/>\n<meta property=\"og:title\" content=\"Apor l\u00e1nyok fered\u0151je\" \/>\n<meta property=\"og:description\" content=\"Az Apor L\u00e1nyok F\u00fcrd\u0151je a Balvanyosf\u00fcrd\u0151 \u00fcd\u00fcl\u0151\u00f6vezet\u00e9ben (Hargita hegys\u00e9g, Kov\u00e1szna megye) tal\u00e1lhat\u00f3.\" \/>\n<meta property=\"og:url\" content=\"https:\/\/targusecuiesc.eu\/de\/2023\/08\/13\/madchenball-apor\/\" \/>\n<meta property=\"og:site_name\" content=\"Cazare \u00een T\u00e2rgu Secueisc\" \/>\n<meta property=\"article:published_time\" content=\"2023-08-13T16:23:42+00:00\" \/>\n<meta property=\"article:modified_time\" content=\"2023-08-14T04:50:25+00:00\" \/>\n<meta property=\"og:image\" content=\"https:\/\/targusecuiesc.eu\/wp-content\/uploads\/2023\/08\/IMG_0921-scaled.jpeg\" \/>\n\t<meta property=\"og:image:width\" content=\"2560\" \/>\n\t<meta property=\"og:image:height\" content=\"1920\" \/>\n\t<meta property=\"og:image:type\" content=\"image\/jpeg\" \/>\n<meta name=\"author\" content=\"Levente\" \/>\n<meta name=\"twitter:card\" content=\"summary_large_image\" \/>\n<meta name=\"twitter:label1\" content=\"Verfasst von\" \/>\n\t<meta name=\"twitter:data1\" content=\"Levente\" \/>\n\t<meta name=\"twitter:label2\" content=\"Gesch\u00e4tzte Lesezeit\" \/>\n\t<meta name=\"twitter:data2\" content=\"2\u00a0Minuten\" \/>\n<script type=\"application\/ld+json\" class=\"yoast-schema-graph\">{\"@context\":\"https:\\\/\\\/schema.org\",\"@graph\":[{\"@type\":\"Article\",\"@id\":\"https:\\\/\\\/targusecuiesc.eu\\\/2023\\\/08\\\/13\\\/baile-fetelor-apor\\\/#article\",\"isPartOf\":{\"@id\":\"https:\\\/\\\/targusecuiesc.eu\\\/2023\\\/08\\\/13\\\/baile-fetelor-apor\\\/\"},\"author\":{\"name\":\"Levente\",\"@id\":\"https:\\\/\\\/targusecuiesc.eu\\\/#\\\/schema\\\/person\\\/3e8e0dc36a7b432328a4fa3a70aa5de3\"},\"headline\":\"B\u0103ile fetelor\u00a0Apor\",\"datePublished\":\"2023-08-13T16:23:42+00:00\",\"dateModified\":\"2023-08-14T04:50:25+00:00\",\"mainEntityOfPage\":{\"@id\":\"https:\\\/\\\/targusecuiesc.eu\\\/2023\\\/08\\\/13\\\/baile-fetelor-apor\\\/\"},\"wordCount\":253,\"commentCount\":0,\"publisher\":{\"@id\":\"https:\\\/\\\/targusecuiesc.eu\\\/#organization\"},\"image\":{\"@id\":\"https:\\\/\\\/targusecuiesc.eu\\\/2023\\\/08\\\/13\\\/baile-fetelor-apor\\\/#primaryimage\"},\"thumbnailUrl\":\"https:\\\/\\\/targusecuiesc.eu\\\/wp-content\\\/uploads\\\/2023\\\/08\\\/IMG_0921-1024x768.jpeg\",\"articleSection\":[\"Uncategorized\"],\"inLanguage\":\"de\",\"potentialAction\":[{\"@type\":\"CommentAction\",\"name\":\"Comment\",\"target\":[\"https:\\\/\\\/targusecuiesc.eu\\\/2023\\\/08\\\/13\\\/baile-fetelor-apor\\\/#respond\"]}]},{\"@type\":\"WebPage\",\"@id\":\"https:\\\/\\\/targusecuiesc.eu\\\/2023\\\/08\\\/13\\\/baile-fetelor-apor\\\/\",\"url\":\"https:\\\/\\\/targusecuiesc.eu\\\/2023\\\/08\\\/13\\\/baile-fetelor-apor\\\/\",\"name\":\"B\u0103ile fetelor\u00a0Apor - Cazare \u00een T\u00e2rgu Secueisc\",\"isPartOf\":{\"@id\":\"https:\\\/\\\/targusecuiesc.eu\\\/#website\"},\"primaryImageOfPage\":{\"@id\":\"https:\\\/\\\/targusecuiesc.eu\\\/2023\\\/08\\\/13\\\/baile-fetelor-apor\\\/#primaryimage\"},\"image\":{\"@id\":\"https:\\\/\\\/targusecuiesc.eu\\\/2023\\\/08\\\/13\\\/baile-fetelor-apor\\\/#primaryimage\"},\"thumbnailUrl\":\"https:\\\/\\\/targusecuiesc.eu\\\/wp-content\\\/uploads\\\/2023\\\/08\\\/IMG_0921-1024x768.jpeg\",\"datePublished\":\"2023-08-13T16:23:42+00:00\",\"dateModified\":\"2023-08-14T04:50:25+00:00\",\"description\":\"B\u0103ile fetelor Apor (in limba maghiar\u0103 Apor L\u00e1nyok Fered\u0151je) sunt situate \u00een zona sta\u021biunii B\u0103ile Balvanyos (Mun\u021bii Harghita, Jude\u021bul Covasna).\",\"breadcrumb\":{\"@id\":\"https:\\\/\\\/targusecuiesc.eu\\\/2023\\\/08\\\/13\\\/baile-fetelor-apor\\\/#breadcrumb\"},\"inLanguage\":\"de\",\"potentialAction\":[{\"@type\":\"ReadAction\",\"target\":[\"https:\\\/\\\/targusecuiesc.eu\\\/2023\\\/08\\\/13\\\/baile-fetelor-apor\\\/\"]}]},{\"@type\":\"ImageObject\",\"inLanguage\":\"de\",\"@id\":\"https:\\\/\\\/targusecuiesc.eu\\\/2023\\\/08\\\/13\\\/baile-fetelor-apor\\\/#primaryimage\",\"url\":\"https:\\\/\\\/targusecuiesc.eu\\\/wp-content\\\/uploads\\\/2023\\\/08\\\/IMG_0921-1024x768.jpeg\",\"contentUrl\":\"https:\\\/\\\/targusecuiesc.eu\\\/wp-content\\\/uploads\\\/2023\\\/08\\\/IMG_0921-1024x768.jpeg\"},{\"@type\":\"BreadcrumbList\",\"@id\":\"https:\\\/\\\/targusecuiesc.eu\\\/2023\\\/08\\\/13\\\/baile-fetelor-apor\\\/#breadcrumb\",\"itemListElement\":[{\"@type\":\"ListItem\",\"position\":1,\"name\":\"Prima pagin\u0103\",\"item\":\"https:\\\/\\\/targusecuiesc.eu\\\/\"},{\"@type\":\"ListItem\",\"position\":2,\"name\":\"B\u0103ile fetelor\u00a0Apor\"}]},{\"@type\":\"WebSite\",\"@id\":\"https:\\\/\\\/targusecuiesc.eu\\\/#website\",\"url\":\"https:\\\/\\\/targusecuiesc.eu\\\/\",\"name\":\"Cazare \u00een T\u00e2rgu Secueisc\",\"description\":\"Te afli \u00een c\u0103utarea unui loc potrivit de cazare \u00een T\u00e2rgu Secuiesc?\",\"publisher\":{\"@id\":\"https:\\\/\\\/targusecuiesc.eu\\\/#organization\"},\"alternateName\":\"Te afli in cautarea unui loc potrivit de cazare in Targu Secuiesc?\",\"potentialAction\":[{\"@type\":\"SearchAction\",\"target\":{\"@type\":\"EntryPoint\",\"urlTemplate\":\"https:\\\/\\\/targusecuiesc.eu\\\/?s={search_term_string}\"},\"query-input\":{\"@type\":\"PropertyValueSpecification\",\"valueRequired\":true,\"valueName\":\"search_term_string\"}}],\"inLanguage\":\"de\"},{\"@type\":\"Organization\",\"@id\":\"https:\\\/\\\/targusecuiesc.eu\\\/#organization\",\"name\":\"Cazare \u00een T\u00e2rgu Secueisc\",\"alternateName\":\"Te afli in cautarea unui loc potrivit de cazare in Targu Secuiesc?\",\"url\":\"https:\\\/\\\/targusecuiesc.eu\\\/\",\"logo\":{\"@type\":\"ImageObject\",\"inLanguage\":\"de\",\"@id\":\"https:\\\/\\\/targusecuiesc.eu\\\/#\\\/schema\\\/logo\\\/image\\\/\",\"url\":\"https:\\\/\\\/targusecuiesc.eu\\\/wp-content\\\/uploads\\\/2022\\\/05\\\/cropped-targu-secuiesc-1-e1653031917947.png\",\"contentUrl\":\"https:\\\/\\\/targusecuiesc.eu\\\/wp-content\\\/uploads\\\/2022\\\/05\\\/cropped-targu-secuiesc-1-e1653031917947.png\",\"width\":512,\"height\":512,\"caption\":\"Cazare \u00een T\u00e2rgu Secueisc\"},\"image\":{\"@id\":\"https:\\\/\\\/targusecuiesc.eu\\\/#\\\/schema\\\/logo\\\/image\\\/\"}},{\"@type\":\"Person\",\"@id\":\"https:\\\/\\\/targusecuiesc.eu\\\/#\\\/schema\\\/person\\\/3e8e0dc36a7b432328a4fa3a70aa5de3\",\"name\":\"Levente\",\"image\":{\"@type\":\"ImageObject\",\"inLanguage\":\"de\",\"@id\":\"https:\\\/\\\/secure.gravatar.com\\\/avatar\\\/a800d69db893890d57b88525e6aba9502659e29fa5a7ce96c5354202678a9227?s=96&d=mm&r=g\",\"url\":\"https:\\\/\\\/secure.gravatar.com\\\/avatar\\\/a800d69db893890d57b88525e6aba9502659e29fa5a7ce96c5354202678a9227?s=96&d=mm&r=g\",\"contentUrl\":\"https:\\\/\\\/secure.gravatar.com\\\/avatar\\\/a800d69db893890d57b88525e6aba9502659e29fa5a7ce96c5354202678a9227?s=96&d=mm&r=g\",\"caption\":\"Levente\"},\"sameAs\":[\"https:\\\/\\\/targusecuiesc.eu\"],\"url\":\"https:\\\/\\\/targusecuiesc.eu\\\/de\\\/author\\\/admin\\\/\"}]}<\/script>\n<!-- \/ Yoast SEO plugin. -->","yoast_head_json":{"title":"Apor Girls Baths - Unterkunft in Targu Secueisc","description":"Die Apor-M\u00e4dchenb\u00e4der (ungarisch Apor L\u00e1nyok Fered\u0151je) befinden sich im Kurgebiet der Balvanyos-B\u00e4der (Harghita-Gebirge, Komitat Covasna).","robots":{"index":"index","follow":"follow","max-snippet":"max-snippet:-1","max-image-preview":"max-image-preview:large","max-video-preview":"max-video-preview:-1"},"canonical":"https:\/\/targusecuiesc.eu\/de\/2023\/08\/13\/madchenball-apor\/","og_locale":"de_DE","og_type":"article","og_title":"Apor l\u00e1nyok fered\u0151je","og_description":"Az Apor L\u00e1nyok F\u00fcrd\u0151je a Balvanyosf\u00fcrd\u0151 \u00fcd\u00fcl\u0151\u00f6vezet\u00e9ben (Hargita hegys\u00e9g, Kov\u00e1szna megye) tal\u00e1lhat\u00f3.","og_url":"https:\/\/targusecuiesc.eu\/de\/2023\/08\/13\/madchenball-apor\/","og_site_name":"Cazare \u00een T\u00e2rgu Secueisc","article_published_time":"2023-08-13T16:23:42+00:00","article_modified_time":"2023-08-14T04:50:25+00:00","og_image":[{"width":2560,"height":1920,"url":"https:\/\/targusecuiesc.eu\/wp-content\/uploads\/2023\/08\/IMG_0921-scaled.jpeg","type":"image\/jpeg"}],"author":"Levente","twitter_card":"summary_large_image","twitter_misc":{"Verfasst von":"Levente","Gesch\u00e4tzte Lesezeit":"2\u00a0Minuten"},"schema":{"@context":"https:\/\/schema.org","@graph":[{"@type":"Article","@id":"https:\/\/targusecuiesc.eu\/2023\/08\/13\/baile-fetelor-apor\/#article","isPartOf":{"@id":"https:\/\/targusecuiesc.eu\/2023\/08\/13\/baile-fetelor-apor\/"},"author":{"name":"Levente","@id":"https:\/\/targusecuiesc.eu\/#\/schema\/person\/3e8e0dc36a7b432328a4fa3a70aa5de3"},"headline":"B\u0103ile fetelor\u00a0Apor","datePublished":"2023-08-13T16:23:42+00:00","dateModified":"2023-08-14T04:50:25+00:00","mainEntityOfPage":{"@id":"https:\/\/targusecuiesc.eu\/2023\/08\/13\/baile-fetelor-apor\/"},"wordCount":253,"commentCount":0,"publisher":{"@id":"https:\/\/targusecuiesc.eu\/#organization"},"image":{"@id":"https:\/\/targusecuiesc.eu\/2023\/08\/13\/baile-fetelor-apor\/#primaryimage"},"thumbnailUrl":"https:\/\/targusecuiesc.eu\/wp-content\/uploads\/2023\/08\/IMG_0921-1024x768.jpeg","articleSection":["Uncategorized"],"inLanguage":"de","potentialAction":[{"@type":"CommentAction","name":"Comment","target":["https:\/\/targusecuiesc.eu\/2023\/08\/13\/baile-fetelor-apor\/#respond"]}]},{"@type":"WebPage","@id":"https:\/\/targusecuiesc.eu\/2023\/08\/13\/baile-fetelor-apor\/","url":"https:\/\/targusecuiesc.eu\/2023\/08\/13\/baile-fetelor-apor\/","name":"Apor Girls Baths - Unterkunft in Targu Secueisc","isPartOf":{"@id":"https:\/\/targusecuiesc.eu\/#website"},"primaryImageOfPage":{"@id":"https:\/\/targusecuiesc.eu\/2023\/08\/13\/baile-fetelor-apor\/#primaryimage"},"image":{"@id":"https:\/\/targusecuiesc.eu\/2023\/08\/13\/baile-fetelor-apor\/#primaryimage"},"thumbnailUrl":"https:\/\/targusecuiesc.eu\/wp-content\/uploads\/2023\/08\/IMG_0921-1024x768.jpeg","datePublished":"2023-08-13T16:23:42+00:00","dateModified":"2023-08-14T04:50:25+00:00","description":"Die Apor-M\u00e4dchenb\u00e4der (ungarisch Apor L\u00e1nyok Fered\u0151je) befinden sich im Kurgebiet der Balvanyos-B\u00e4der (Harghita-Gebirge, Komitat Covasna).","breadcrumb":{"@id":"https:\/\/targusecuiesc.eu\/2023\/08\/13\/baile-fetelor-apor\/#breadcrumb"},"inLanguage":"de","potentialAction":[{"@type":"ReadAction","target":["https:\/\/targusecuiesc.eu\/2023\/08\/13\/baile-fetelor-apor\/"]}]},{"@type":"ImageObject","inLanguage":"de","@id":"https:\/\/targusecuiesc.eu\/2023\/08\/13\/baile-fetelor-apor\/#primaryimage","url":"https:\/\/targusecuiesc.eu\/wp-content\/uploads\/2023\/08\/IMG_0921-1024x768.jpeg","contentUrl":"https:\/\/targusecuiesc.eu\/wp-content\/uploads\/2023\/08\/IMG_0921-1024x768.jpeg"},{"@type":"BreadcrumbList","@id":"https:\/\/targusecuiesc.eu\/2023\/08\/13\/baile-fetelor-apor\/#breadcrumb","itemListElement":[{"@type":"ListItem","position":1,"name":"Prima pagin\u0103","item":"https:\/\/targusecuiesc.eu\/"},{"@type":"ListItem","position":2,"name":"B\u0103ile fetelor\u00a0Apor"}]},{"@type":"WebSite","@id":"https:\/\/targusecuiesc.eu\/#website","url":"https:\/\/targusecuiesc.eu\/","name":"Unterkunft in T\u00e2rgu Secueisc","description":"Suchen Sie eine geeignete Unterkunft in Targu Secuiesc?","publisher":{"@id":"https:\/\/targusecuiesc.eu\/#organization"},"alternateName":"Te afli in cautarea unui loc potrivit de cazare in Targu Secuiesc?","potentialAction":[{"@type":"SearchAction","target":{"@type":"EntryPoint","urlTemplate":"https:\/\/targusecuiesc.eu\/?s={search_term_string}"},"query-input":{"@type":"PropertyValueSpecification","valueRequired":true,"valueName":"search_term_string"}}],"inLanguage":"de"},{"@type":"Organization","@id":"https:\/\/targusecuiesc.eu\/#organization","name":"Unterkunft in T\u00e2rgu Secueisc","alternateName":"Te afli in cautarea unui loc potrivit de cazare in Targu Secuiesc?","url":"https:\/\/targusecuiesc.eu\/","logo":{"@type":"ImageObject","inLanguage":"de","@id":"https:\/\/targusecuiesc.eu\/#\/schema\/logo\/image\/","url":"https:\/\/targusecuiesc.eu\/wp-content\/uploads\/2022\/05\/cropped-targu-secuiesc-1-e1653031917947.png","contentUrl":"https:\/\/targusecuiesc.eu\/wp-content\/uploads\/2022\/05\/cropped-targu-secuiesc-1-e1653031917947.png","width":512,"height":512,"caption":"Cazare \u00een T\u00e2rgu Secueisc"},"image":{"@id":"https:\/\/targusecuiesc.eu\/#\/schema\/logo\/image\/"}},{"@type":"Person","@id":"https:\/\/targusecuiesc.eu\/#\/schema\/person\/3e8e0dc36a7b432328a4fa3a70aa5de3","name":"Levente","image":{"@type":"ImageObject","inLanguage":"de","@id":"https:\/\/secure.gravatar.com\/avatar\/a800d69db893890d57b88525e6aba9502659e29fa5a7ce96c5354202678a9227?s=96&d=mm&r=g","url":"https:\/\/secure.gravatar.com\/avatar\/a800d69db893890d57b88525e6aba9502659e29fa5a7ce96c5354202678a9227?s=96&d=mm&r=g","contentUrl":"https:\/\/secure.gravatar.com\/avatar\/a800d69db893890d57b88525e6aba9502659e29fa5a7ce96c5354202678a9227?s=96&d=mm&r=g","caption":"Levente"},"sameAs":["https:\/\/targusecuiesc.eu"],"url":"https:\/\/targusecuiesc.eu\/de\/author\/admin\/"}]}},"_links":{"self":[{"href":"https:\/\/targusecuiesc.eu\/de\/wp-json\/wp\/v2\/posts\/7554","targetHints":{"allow":["GET"]}}],"collection":[{"href":"https:\/\/targusecuiesc.eu\/de\/wp-json\/wp\/v2\/posts"}],"about":[{"href":"https:\/\/targusecuiesc.eu\/de\/wp-json\/wp\/v2\/types\/post"}],"author":[{"embeddable":true,"href":"https:\/\/targusecuiesc.eu\/de\/wp-json\/wp\/v2\/users\/1"}],"replies":[{"embeddable":true,"href":"https:\/\/targusecuiesc.eu\/de\/wp-json\/wp\/v2\/comments?post=7554"}],"version-history":[{"count":0,"href":"https:\/\/targusecuiesc.eu\/de\/wp-json\/wp\/v2\/posts\/7554\/revisions"}],"wp:attachment":[{"href":"https:\/\/targusecuiesc.eu\/de\/wp-json\/wp\/v2\/media?parent=7554"}],"wp:term":[{"taxonomy":"category","embeddable":true,"href":"https:\/\/targusecuiesc.eu\/de\/wp-json\/wp\/v2\/categories?post=7554"},{"taxonomy":"post_tag","embeddable":true,"href":"https:\/\/targusecuiesc.eu\/de\/wp-json\/wp\/v2\/tags?post=7554"}],"curies":[{"name":"wp","href":"https:\/\/api.w.org\/{rel}","templated":true}]}}