{"id":4045,"date":"2023-01-22T09:16:05","date_gmt":"2023-01-22T07:16:05","guid":{"rendered":"https:\/\/targusecuiesc.eu\/?p=4045"},"modified":"2023-01-22T09:41:02","modified_gmt":"2023-01-22T07:41:02","slug":"unterkunft-im-kleinen-haus","status":"publish","type":"post","link":"https:\/\/targusecuiesc.eu\/de\/2023\/01\/22\/cazare-la-tiny-house\/","title":{"rendered":"Unterkunft im Tiny House"},"content":{"rendered":"<div data-elementor-type=\"wp-post\" data-elementor-id=\"4045\" class=\"elementor elementor-4045\" data-elementor-post-type=\"post\">\n\t\t\t\t\t\t<section class=\"elementor-section elementor-top-section elementor-element elementor-element-c6c40c1 elementor-section-boxed elementor-section-height-default elementor-section-height-default\" data-id=\"c6c40c1\" data-element_type=\"section\" data-e-type=\"section\">\n\t\t\t\t\t\t<div class=\"elementor-container elementor-column-gap-default\">\n\t\t\t\t\t<div class=\"elementor-column elementor-col-100 elementor-top-column elementor-element elementor-element-35fff42\" data-id=\"35fff42\" data-element_type=\"column\" data-e-type=\"column\">\n\t\t\t<div class=\"elementor-widget-wrap elementor-element-populated\">\n\t\t\t\t\t\t<div class=\"elementor-element elementor-element-806215f elementor-widget elementor-widget-image\" data-id=\"806215f\" data-element_type=\"widget\" data-e-type=\"widget\" data-widget_type=\"image.default\">\n\t\t\t\t\t\t\t\t\t\t\t\t\t\t\t<img fetchpriority=\"high\" decoding=\"async\" width=\"1024\" height=\"768\" src=\"https:\/\/targusecuiesc.eu\/wp-content\/uploads\/2023\/01\/cazare-la-tiny-house-1024x768.jpg\" class=\"attachment-large size-large wp-image-4054\" alt=\"Unterkunft im kleinen Haus\" srcset=\"https:\/\/targusecuiesc.eu\/wp-content\/uploads\/2023\/01\/cazare-la-tiny-house-scaled.jpg 1024w, https:\/\/targusecuiesc.eu\/wp-content\/uploads\/2023\/01\/cazare-la-tiny-house-300x225.jpg 300w, https:\/\/targusecuiesc.eu\/wp-content\/uploads\/2023\/01\/cazare-la-tiny-house-768x576.jpg 768w, https:\/\/targusecuiesc.eu\/wp-content\/uploads\/2023\/01\/cazare-la-tiny-house-1536x1152.jpg 1536w, https:\/\/targusecuiesc.eu\/wp-content\/uploads\/2023\/01\/cazare-la-tiny-house-2048x1536.jpg 2048w, https:\/\/targusecuiesc.eu\/wp-content\/uploads\/2023\/01\/cazare-la-tiny-house-16x12.jpg 16w\" sizes=\"(max-width: 1024px) 100vw, 1024px\" \/>\t\t\t\t\t\t\t\t\t\t\t\t\t\t\t<\/div>\n\t\t\t\t\t<\/div>\n\t\t<\/div>\n\t\t\t\t\t<\/div>\n\t\t<\/section>\n\t\t\t\t<section class=\"elementor-section elementor-top-section elementor-element elementor-element-8a7f61c elementor-section-boxed elementor-section-height-default elementor-section-height-default\" data-id=\"8a7f61c\" data-element_type=\"section\" data-e-type=\"section\">\n\t\t\t\t\t\t<div class=\"elementor-container elementor-column-gap-default\">\n\t\t\t\t\t<div class=\"elementor-column elementor-col-100 elementor-top-column elementor-element elementor-element-ec151f9\" data-id=\"ec151f9\" data-element_type=\"column\" data-e-type=\"column\">\n\t\t\t<div class=\"elementor-widget-wrap elementor-element-populated\">\n\t\t\t\t\t\t<div class=\"elementor-element elementor-element-cc2215d elementor-widget elementor-widget-heading\" data-id=\"cc2215d\" data-element_type=\"widget\" data-e-type=\"widget\" data-widget_type=\"heading.default\">\n\t\t\t\t\t<h3 class=\"elementor-heading-title elementor-size-default\">Wohnmobilstellplatz in Targu Secuiesc<\/h3>\t\t\t\t<\/div>\n\t\t\t\t\t<\/div>\n\t\t<\/div>\n\t\t\t\t\t<\/div>\n\t\t<\/section>\n\t\t\t\t<section class=\"elementor-section elementor-top-section elementor-element elementor-element-59c1797 elementor-section-boxed elementor-section-height-default elementor-section-height-default\" data-id=\"59c1797\" data-element_type=\"section\" data-e-type=\"section\">\n\t\t\t\t\t\t<div class=\"elementor-container elementor-column-gap-default\">\n\t\t\t\t\t<div class=\"elementor-column elementor-col-100 elementor-top-column elementor-element elementor-element-f3f25ac\" data-id=\"f3f25ac\" data-element_type=\"column\" data-e-type=\"column\">\n\t\t\t<div class=\"elementor-widget-wrap elementor-element-populated\">\n\t\t\t\t\t\t<div class=\"elementor-element elementor-element-6060960 elementor-widget elementor-widget-text-editor\" data-id=\"6060960\" data-element_type=\"widget\" data-e-type=\"widget\" data-widget_type=\"text-editor.default\">\n\t\t\t\t\t\t\t\t\t<p data-pm-slice=\"1 1 []\">Die Unterbringung in winzigen H\u00e4usern ist ein einzigartiges Erlebnis, und die Mobilheimanlage in Targu Secuiesc bietet die M\u00f6glichkeit, diese Erfahrung auf besondere Weise zu genie\u00dfen. Es bietet eine breite Palette von Unterkunftsm\u00f6glichkeiten sowie Einrichtungen und Aktivit\u00e4ten f\u00fcr jeden Geschmack. Wenn Sie auf der Suche nach einer Unterkunft in einem winzigen Haus sind, dann kann dieser Blog Ihnen helfen, die beste Wahl zu treffen.<\/p><h2>Vorteile einer Unterkunft bei <a href=\"https:\/\/targusecuiesc.eu\/de\/unterkunft\/\">kleines Haus<\/a><\/h2><p>Der Aufenthalt in einem kleinen Haus hilft uns zu entspannen und die Natur zu genie\u00dfen. Es gibt uns die M\u00f6glichkeit, Zeit an Str\u00e4nden, in W\u00e4ldern oder anderen sch\u00f6nen Orten zu verbringen, und zwar auf die bequemste und entspannendste Weise. Es gibt uns auch die Chance, neue Dinge zu entdecken und zu erleben.<\/p><p>Au\u00dferdem kann der Aufenthalt in einem winzigen Haus billiger sein als ein Hotelaufenthalt oder sogar die Anmietung eines Hauses. Das liegt daran, dass Sie nicht f\u00fcr viel mehr Platz bezahlen m\u00fcssen, als Sie brauchen. Au\u00dferdem haben diese Mobilheime eine lange Lebensdauer, so dass Sie eine dauerhafte Investition t\u00e4tigen werden.<\/p><h2>Merkmale des Resorts<\/h2><p>Die Mobilheimanlage in Targu Secuiesc bietet eine gro\u00dfe Auswahl an Mobilheimen mit entsprechender Ausstattung. Die H\u00e4user sind komplett eingerichtet und die Zimmer bieten einen hohen Komfort. Die Anlage verf\u00fcgt \u00fcber einen Swimmingpool und ein Spa sowie \u00fcber Grillm\u00f6glichkeiten. Au\u00dferdem gibt es zahlreiche Aktivit\u00e4ten f\u00fcr jeden Geschmack, wie Wandern, Radfahren, Angeln oder Reiten. All diese Einrichtungen und Aktivit\u00e4ten sorgen daf\u00fcr, dass Ihr Aufenthalt in dem kleinen Haus so entspannend und komfortabel wie m\u00f6glich ist.<\/p><p>Eines der wichtigsten Merkmale der Anlage ist, dass sie Parks mit speziellen Campingpl\u00e4tzen bietet. Diese bieten die M\u00f6glichkeit, entweder in einer m\u00f6blierten H\u00fctte oder sogar in einem Wohnmobil zu campen. So k\u00f6nnen Sie Zeit in der Natur verbringen und haben die M\u00f6glichkeit, interessante Orte zu entdecken.<\/p><h2>Wie w\u00e4hlt man eine <a href=\"https:\/\/targusecuiesc.eu\/de\/unterkunft\/\">Winziges Haus Unterkunft<\/a><\/h2><p>Wenn Sie sich f\u00fcr eine Unterkunft in einem kleinen Haus entscheiden, sollten Sie alle verf\u00fcgbaren Optionen in Betracht ziehen. Sie sollten mit den notwendigen Einrichtungen ausgestattet sein, damit Sie eine komfortable und entspannende Unterkunft genie\u00dfen k\u00f6nnen. Lesen Sie die Online-Bewertungen, um zu sehen, was andere \u00fcber die Unterkunft sagen, und vergewissern Sie sich, dass es gen\u00fcgend Einrichtungen gibt, die Ihren Bed\u00fcrfnissen entsprechen. Werfen Sie einen Blick auf die im Zimmerpreis inbegriffenen Annehmlichkeiten und Dienstleistungen und pr\u00fcfen Sie, ob sie Ihren Bed\u00fcrfnissen und Anforderungen entsprechen, damit Ihr Aufenthalt ein Erfolg wird.<\/p><p>Ber\u00fccksichtigen Sie auch die Entfernungen zu Sehensw\u00fcrdigkeiten und anderen lokalen Attraktionen, die Sie besuchen m\u00f6chten. So stellen Sie sicher, dass Sie nicht zu nah oder zu weit von Ihrem Ziel entfernt sind, damit Sie das Beste aus Ihrem Erlebnis machen k\u00f6nnen.<\/p><h2>Schlussfolgerung<\/h2><p>Der Aufenthalt in einem winzigen Haus kann eine wunderbare Erfahrung sein und eine gro\u00dfartige M\u00f6glichkeit, die Natur zu entdecken. Mobilheim-Resorts in Targu Secuiesc bieten eine breite Palette von Unterkunftsm\u00f6glichkeiten sowie Einrichtungen und Aktivit\u00e4ten f\u00fcr jeden Geschmack. Pr\u00fcfen Sie alle verf\u00fcgbaren Optionen und lesen Sie die Online-Bewertungen, um zu sehen, was andere \u00fcber den Ort sagen, so dass Sie sicherstellen k\u00f6nnen, dass Sie die bestm\u00f6gliche Erfahrung bekommen, wenn Sie ein <a href=\"https:\/\/targusecuiesc.eu\/de\/unterkunft\/\">Unterkunft im kleinen Haus in Targu Secuiesc<\/a>. Achten Sie jedoch darauf, dass Ihre Entscheidungen gut informiert sind und auf der Grundlage der richtigen Informationen getroffen werden, damit Ihre Erfahrung ein Erfolg wird.<\/p>\t\t\t\t\t\t\t\t<\/div>\n\t\t\t\t\t<\/div>\n\t\t<\/div>\n\t\t\t\t\t<\/div>\n\t\t<\/section>\n\t\t\t\t<section class=\"elementor-section elementor-top-section elementor-element elementor-element-62f2466 elementor-section-boxed elementor-section-height-default elementor-section-height-default\" data-id=\"62f2466\" data-element_type=\"section\" data-e-type=\"section\">\n\t\t\t\t\t\t<div class=\"elementor-container elementor-column-gap-default\">\n\t\t\t\t\t<div class=\"elementor-column elementor-col-100 elementor-top-column elementor-element elementor-element-aade2cd\" data-id=\"aade2cd\" data-element_type=\"column\" data-e-type=\"column\">\n\t\t\t<div class=\"elementor-widget-wrap elementor-element-populated\">\n\t\t\t\t\t\t<div class=\"elementor-element elementor-element-8726bb6 elementor-widget elementor-widget-gallery\" data-id=\"8726bb6\" data-element_type=\"widget\" data-e-type=\"widget\" data-settings=\"{&quot;lazyload&quot;:&quot;yes&quot;,&quot;gallery_layout&quot;:&quot;grid&quot;,&quot;columns&quot;:4,&quot;columns_tablet&quot;:2,&quot;columns_mobile&quot;:1,&quot;gap&quot;:{&quot;unit&quot;:&quot;px&quot;,&quot;size&quot;:10,&quot;sizes&quot;:[]},&quot;gap_tablet&quot;:{&quot;unit&quot;:&quot;px&quot;,&quot;size&quot;:10,&quot;sizes&quot;:[]},&quot;gap_mobile&quot;:{&quot;unit&quot;:&quot;px&quot;,&quot;size&quot;:10,&quot;sizes&quot;:[]},&quot;link_to&quot;:&quot;file&quot;,&quot;aspect_ratio&quot;:&quot;3:2&quot;,&quot;overlay_background&quot;:&quot;yes&quot;,&quot;content_hover_animation&quot;:&quot;fade-in&quot;}\" data-widget_type=\"gallery.default\">\n\t\t\t\t\t\t\t<div class=\"elementor-gallery__container\">\n\t\t\t\t\t\t\t<a class=\"e-gallery-item elementor-gallery-item elementor-animated-content\" href=\"https:\/\/targusecuiesc.eu\/wp-content\/uploads\/2023\/01\/Cazare-targu-secuiesc-tiny-house-scaled.jpg\" data-elementor-open-lightbox=\"yes\" data-elementor-lightbox-slideshow=\"8726bb6\" data-elementor-lightbox-title=\"Cazare targu secuiesc | tiny house\" data-e-action-hash=\"#elementor-action%3Aaction%3Dlightbox%26settings%3DeyJpZCI6MzQzOCwidXJsIjoiaHR0cHM6XC9cL3Rhcmd1c2VjdWllc2MuZXVcL3dwLWNvbnRlbnRcL3VwbG9hZHNcLzIwMjNcLzAxXC9DYXphcmUtdGFyZ3Utc2VjdWllc2MtdGlueS1ob3VzZS1zY2FsZWQuanBnIiwic2xpZGVzaG93IjoiODcyNmJiNiJ9\">\n\t\t\t\t\t<div class=\"e-gallery-image elementor-gallery-item__image\" data-thumbnail=\"https:\/\/targusecuiesc.eu\/wp-content\/uploads\/2023\/01\/Cazare-targu-secuiesc-tiny-house-300x241.jpg\" data-width=\"300\" data-height=\"241\" aria-label=\"Unterkunft targu secuiesc | tiny house\" role=\"img\" ><\/div>\n\t\t\t\t\t\t\t\t\t\t\t<div class=\"elementor-gallery-item__overlay\"><\/div>\n\t\t\t\t\t\t\t\t\t\t\t\t\t\t<\/a>\n\t\t\t\t\t\t\t<a class=\"e-gallery-item elementor-gallery-item elementor-animated-content\" href=\"https:\/\/targusecuiesc.eu\/wp-content\/uploads\/2022\/12\/tiny-house-in-targu-secuiesc-scaled.jpg\" data-elementor-open-lightbox=\"yes\" data-elementor-lightbox-slideshow=\"8726bb6\" data-elementor-lightbox-title=\"tiny house in targu secuiesc\" data-e-action-hash=\"#elementor-action%3Aaction%3Dlightbox%26settings%3DeyJpZCI6MzA1NSwidXJsIjoiaHR0cHM6XC9cL3Rhcmd1c2VjdWllc2MuZXVcL3dwLWNvbnRlbnRcL3VwbG9hZHNcLzIwMjJcLzEyXC90aW55LWhvdXNlLWluLXRhcmd1LXNlY3VpZXNjLXNjYWxlZC5qcGciLCJzbGlkZXNob3ciOiI4NzI2YmI2In0%3D\">\n\t\t\t\t\t<div class=\"e-gallery-image elementor-gallery-item__image\" data-thumbnail=\"https:\/\/targusecuiesc.eu\/wp-content\/uploads\/2022\/12\/tiny-house-in-targu-secuiesc-300x177.jpg\" data-width=\"300\" data-height=\"177\" aria-label=\"winziges haus in targu secuiesc\" role=\"img\" ><\/div>\n\t\t\t\t\t\t\t\t\t\t\t<div class=\"elementor-gallery-item__overlay\"><\/div>\n\t\t\t\t\t\t\t\t\t\t\t\t\t\t<\/a>\n\t\t\t\t\t\t\t<a class=\"e-gallery-item elementor-gallery-item elementor-animated-content\" href=\"https:\/\/targusecuiesc.eu\/wp-content\/uploads\/2022\/11\/cazare-targu-secuiesc-Tiny-House-scaled.jpg\" data-elementor-open-lightbox=\"yes\" data-elementor-lightbox-slideshow=\"8726bb6\" data-elementor-lightbox-title=\"cazare targu secuiesc Tiny House\" data-e-action-hash=\"#elementor-action%3Aaction%3Dlightbox%26settings%3DeyJpZCI6MTgyNywidXJsIjoiaHR0cHM6XC9cL3Rhcmd1c2VjdWllc2MuZXVcL3dwLWNvbnRlbnRcL3VwbG9hZHNcLzIwMjJcLzExXC9jYXphcmUtdGFyZ3Utc2VjdWllc2MtVGlueS1Ib3VzZS1zY2FsZWQuanBnIiwic2xpZGVzaG93IjoiODcyNmJiNiJ9\">\n\t\t\t\t\t<div class=\"e-gallery-image elementor-gallery-item__image\" data-thumbnail=\"https:\/\/targusecuiesc.eu\/wp-content\/uploads\/2022\/11\/cazare-targu-secuiesc-Tiny-House-300x235.jpg\" data-width=\"300\" data-height=\"235\" aria-label=\"Unterkunft targu secuiesc Tiny House\" role=\"img\" ><\/div>\n\t\t\t\t\t\t\t\t\t\t\t<div class=\"elementor-gallery-item__overlay\"><\/div>\n\t\t\t\t\t\t\t\t\t\t\t\t\t\t<\/a>\n\t\t\t\t\t\t\t<a class=\"e-gallery-item elementor-gallery-item elementor-animated-content\" href=\"https:\/\/targusecuiesc.eu\/wp-content\/uploads\/2022\/11\/tiny-house-romania-scaled.jpg\" data-elementor-open-lightbox=\"yes\" data-elementor-lightbox-slideshow=\"8726bb6\" data-elementor-lightbox-title=\"tiny house romania\" data-e-action-hash=\"#elementor-action%3Aaction%3Dlightbox%26settings%3DeyJpZCI6MTUxNSwidXJsIjoiaHR0cHM6XC9cL3Rhcmd1c2VjdWllc2MuZXVcL3dwLWNvbnRlbnRcL3VwbG9hZHNcLzIwMjJcLzExXC90aW55LWhvdXNlLXJvbWFuaWEtc2NhbGVkLmpwZyIsInNsaWRlc2hvdyI6Ijg3MjZiYjYifQ%3D%3D\">\n\t\t\t\t\t<div class=\"e-gallery-image elementor-gallery-item__image\" data-thumbnail=\"https:\/\/targusecuiesc.eu\/wp-content\/uploads\/2022\/11\/tiny-house-romania-scaled.jpg\" data-width=\"300\" data-height=\"225\" aria-label=\"winziges haus rum\u00e4nien\" role=\"img\" ><\/div>\n\t\t\t\t\t\t\t\t\t\t\t<div class=\"elementor-gallery-item__overlay\"><\/div>\n\t\t\t\t\t\t\t\t\t\t\t\t\t\t<\/a>\n\t\t\t\t\t<\/div>\n\t\t\t\t\t<\/div>\n\t\t\t\t\t<\/div>\n\t\t<\/div>\n\t\t\t\t\t<\/div>\n\t\t<\/section>\n\t\t\t\t<\/div>","protected":false},"excerpt":{"rendered":"<p>Resort de case mobile \u00een T\u00e2rgu Secuiesc Cazarea la tiny house ofer\u0103 o experien\u021b\u0103 unic\u0103, iar resortul de case mobile \u00een T\u00e2rgu Secuiesc ofer\u0103 oportunitatea de a te bucura de aceast\u0103 experien\u021b\u0103 \u00eentr-un mod special. Acesta ofer\u0103 o gam\u0103 divers\u0103 de op\u021biuni pentru cazare, precum \u0219i facilit\u0103\u021bi \u0219i activit\u0103\u021bi care s\u0103 fie potrivite oricui. Dac\u0103 [&hellip;]<\/p>\n","protected":false},"author":1,"featured_media":3055,"comment_status":"open","ping_status":"open","sticky":false,"template":"","format":"standard","meta":{"ocean_post_layout":"","ocean_both_sidebars_style":"","ocean_both_sidebars_content_width":0,"ocean_both_sidebars_sidebars_width":0,"ocean_sidebar":"","ocean_second_sidebar":"","ocean_disable_margins":"enable","ocean_add_body_class":"","ocean_shortcode_before_top_bar":"","ocean_shortcode_after_top_bar":"","ocean_shortcode_before_header":"","ocean_shortcode_after_header":"","ocean_has_shortcode":"","ocean_shortcode_after_title":"","ocean_shortcode_before_footer_widgets":"","ocean_shortcode_after_footer_widgets":"","ocean_shortcode_before_footer_bottom":"","ocean_shortcode_after_footer_bottom":"","ocean_display_top_bar":"default","ocean_display_header":"default","ocean_header_style":"","ocean_center_header_left_menu":"","ocean_custom_header_template":"","ocean_custom_logo":0,"ocean_custom_retina_logo":0,"ocean_custom_logo_max_width":0,"ocean_custom_logo_tablet_max_width":0,"ocean_custom_logo_mobile_max_width":0,"ocean_custom_logo_max_height":0,"ocean_custom_logo_tablet_max_height":0,"ocean_custom_logo_mobile_max_height":0,"ocean_header_custom_menu":"","ocean_menu_typo_font_family":"","ocean_menu_typo_font_subset":"","ocean_menu_typo_font_size":0,"ocean_menu_typo_font_size_tablet":0,"ocean_menu_typo_font_size_mobile":0,"ocean_menu_typo_font_size_unit":"px","ocean_menu_typo_font_weight":"","ocean_menu_typo_font_weight_tablet":"","ocean_menu_typo_font_weight_mobile":"","ocean_menu_typo_transform":"","ocean_menu_typo_transform_tablet":"","ocean_menu_typo_transform_mobile":"","ocean_menu_typo_line_height":0,"ocean_menu_typo_line_height_tablet":0,"ocean_menu_typo_line_height_mobile":0,"ocean_menu_typo_line_height_unit":"","ocean_menu_typo_spacing":0,"ocean_menu_typo_spacing_tablet":0,"ocean_menu_typo_spacing_mobile":0,"ocean_menu_typo_spacing_unit":"","ocean_menu_link_color":"","ocean_menu_link_color_hover":"","ocean_menu_link_color_active":"","ocean_menu_link_background":"","ocean_menu_link_hover_background":"","ocean_menu_link_active_background":"","ocean_menu_social_links_bg":"","ocean_menu_social_hover_links_bg":"","ocean_menu_social_links_color":"","ocean_menu_social_hover_links_color":"","ocean_disable_title":"default","ocean_disable_heading":"default","ocean_post_title":"","ocean_post_subheading":"","ocean_post_title_style":"","ocean_post_title_background_color":"","ocean_post_title_background":0,"ocean_post_title_bg_image_position":"","ocean_post_title_bg_image_attachment":"","ocean_post_title_bg_image_repeat":"","ocean_post_title_bg_image_size":"","ocean_post_title_height":0,"ocean_post_title_bg_overlay":0.5,"ocean_post_title_bg_overlay_color":"","ocean_disable_breadcrumbs":"default","ocean_breadcrumbs_color":"","ocean_breadcrumbs_separator_color":"","ocean_breadcrumbs_links_color":"","ocean_breadcrumbs_links_hover_color":"","ocean_display_footer_widgets":"default","ocean_display_footer_bottom":"default","ocean_custom_footer_template":"","_joinchat":[],"ocean_post_oembed":"","ocean_post_self_hosted_media":"","ocean_post_video_embed":"","ocean_link_format":"","ocean_link_format_target":"self","ocean_quote_format":"","ocean_quote_format_link":"post","ocean_gallery_link_images":"on","ocean_gallery_id":[],"footnotes":""},"categories":[1],"tags":[],"class_list":["post-4045","post","type-post","status-publish","format-standard","has-post-thumbnail","hentry","category-uncategorized","entry","has-media"],"yoast_head":"<!-- This site is optimized with the Yoast SEO plugin v27.5 - https:\/\/yoast.com\/product\/yoast-seo-wordpress\/ -->\n<title>Cazare la Tiny House - Cazare \u00een T\u00e2rgu Secueisc<\/title>\n<meta name=\"description\" content=\"Atunci c\u00e2nd alegeti o cazare tiny house, trebuie s\u0103 lua\u021bi \u00een considerare toate op\u021biunile disponibile.\" \/>\n<meta name=\"robots\" content=\"index, follow, max-snippet:-1, max-image-preview:large, max-video-preview:-1\" \/>\n<link rel=\"canonical\" href=\"https:\/\/targusecuiesc.eu\/de\/2023\/01\/22\/unterkunft-im-kleinen-haus\/\" \/>\n<meta property=\"og:locale\" content=\"de_DE\" \/>\n<meta property=\"og:type\" content=\"article\" \/>\n<meta property=\"og:title\" content=\"Cazare la Tiny House - Cazare \u00een T\u00e2rgu Secueisc\" \/>\n<meta property=\"og:description\" content=\"Atunci c\u00e2nd alegeti o cazare tiny house, trebuie s\u0103 lua\u021bi \u00een considerare toate op\u021biunile disponibile.\" \/>\n<meta property=\"og:url\" content=\"https:\/\/targusecuiesc.eu\/de\/2023\/01\/22\/unterkunft-im-kleinen-haus\/\" \/>\n<meta property=\"og:site_name\" content=\"Cazare \u00een T\u00e2rgu Secueisc\" \/>\n<meta property=\"article:published_time\" content=\"2023-01-22T07:16:05+00:00\" \/>\n<meta property=\"article:modified_time\" content=\"2023-01-22T07:41:02+00:00\" \/>\n<meta property=\"og:image\" content=\"https:\/\/targusecuiesc.eu\/wp-content\/uploads\/2022\/12\/tiny-house-in-targu-secuiesc-scaled.jpg\" \/>\n\t<meta property=\"og:image:width\" content=\"1024\" \/>\n\t<meta property=\"og:image:height\" content=\"603\" \/>\n\t<meta property=\"og:image:type\" content=\"image\/jpeg\" \/>\n<meta name=\"author\" content=\"Levente\" \/>\n<meta name=\"twitter:card\" content=\"summary_large_image\" \/>\n<meta name=\"twitter:label1\" content=\"Verfasst von\" \/>\n\t<meta name=\"twitter:data1\" content=\"Levente\" \/>\n<script type=\"application\/ld+json\" class=\"yoast-schema-graph\">{\"@context\":\"https:\\\/\\\/schema.org\",\"@graph\":[{\"@type\":\"Article\",\"@id\":\"https:\\\/\\\/targusecuiesc.eu\\\/2023\\\/01\\\/22\\\/cazare-la-tiny-house\\\/#article\",\"isPartOf\":{\"@id\":\"https:\\\/\\\/targusecuiesc.eu\\\/2023\\\/01\\\/22\\\/cazare-la-tiny-house\\\/\"},\"author\":{\"name\":\"Levente\",\"@id\":\"https:\\\/\\\/targusecuiesc.eu\\\/#\\\/schema\\\/person\\\/3e8e0dc36a7b432328a4fa3a70aa5de3\"},\"headline\":\"Cazare la Tiny House\",\"datePublished\":\"2023-01-22T07:16:05+00:00\",\"dateModified\":\"2023-01-22T07:41:02+00:00\",\"mainEntityOfPage\":{\"@id\":\"https:\\\/\\\/targusecuiesc.eu\\\/2023\\\/01\\\/22\\\/cazare-la-tiny-house\\\/\"},\"wordCount\":643,\"commentCount\":0,\"publisher\":{\"@id\":\"https:\\\/\\\/targusecuiesc.eu\\\/#organization\"},\"image\":{\"@id\":\"https:\\\/\\\/targusecuiesc.eu\\\/2023\\\/01\\\/22\\\/cazare-la-tiny-house\\\/#primaryimage\"},\"thumbnailUrl\":\"https:\\\/\\\/targusecuiesc.eu\\\/wp-content\\\/uploads\\\/2022\\\/12\\\/tiny-house-in-targu-secuiesc-scaled.jpg\",\"articleSection\":[\"Uncategorized\"],\"inLanguage\":\"de\",\"potentialAction\":[{\"@type\":\"CommentAction\",\"name\":\"Comment\",\"target\":[\"https:\\\/\\\/targusecuiesc.eu\\\/2023\\\/01\\\/22\\\/cazare-la-tiny-house\\\/#respond\"]}]},{\"@type\":\"WebPage\",\"@id\":\"https:\\\/\\\/targusecuiesc.eu\\\/2023\\\/01\\\/22\\\/cazare-la-tiny-house\\\/\",\"url\":\"https:\\\/\\\/targusecuiesc.eu\\\/2023\\\/01\\\/22\\\/cazare-la-tiny-house\\\/\",\"name\":\"Cazare la Tiny House - Cazare \u00een T\u00e2rgu Secueisc\",\"isPartOf\":{\"@id\":\"https:\\\/\\\/targusecuiesc.eu\\\/#website\"},\"primaryImageOfPage\":{\"@id\":\"https:\\\/\\\/targusecuiesc.eu\\\/2023\\\/01\\\/22\\\/cazare-la-tiny-house\\\/#primaryimage\"},\"image\":{\"@id\":\"https:\\\/\\\/targusecuiesc.eu\\\/2023\\\/01\\\/22\\\/cazare-la-tiny-house\\\/#primaryimage\"},\"thumbnailUrl\":\"https:\\\/\\\/targusecuiesc.eu\\\/wp-content\\\/uploads\\\/2022\\\/12\\\/tiny-house-in-targu-secuiesc-scaled.jpg\",\"datePublished\":\"2023-01-22T07:16:05+00:00\",\"dateModified\":\"2023-01-22T07:41:02+00:00\",\"description\":\"Atunci c\u00e2nd alegeti o cazare tiny house, trebuie s\u0103 lua\u021bi \u00een considerare toate op\u021biunile disponibile.\",\"breadcrumb\":{\"@id\":\"https:\\\/\\\/targusecuiesc.eu\\\/2023\\\/01\\\/22\\\/cazare-la-tiny-house\\\/#breadcrumb\"},\"inLanguage\":\"de\",\"potentialAction\":[{\"@type\":\"ReadAction\",\"target\":[\"https:\\\/\\\/targusecuiesc.eu\\\/2023\\\/01\\\/22\\\/cazare-la-tiny-house\\\/\"]}]},{\"@type\":\"ImageObject\",\"inLanguage\":\"de\",\"@id\":\"https:\\\/\\\/targusecuiesc.eu\\\/2023\\\/01\\\/22\\\/cazare-la-tiny-house\\\/#primaryimage\",\"url\":\"https:\\\/\\\/targusecuiesc.eu\\\/wp-content\\\/uploads\\\/2022\\\/12\\\/tiny-house-in-targu-secuiesc-scaled.jpg\",\"contentUrl\":\"https:\\\/\\\/targusecuiesc.eu\\\/wp-content\\\/uploads\\\/2022\\\/12\\\/tiny-house-in-targu-secuiesc-scaled.jpg\",\"width\":1024,\"height\":603,\"caption\":\"tiny house in targu secuiesc\"},{\"@type\":\"BreadcrumbList\",\"@id\":\"https:\\\/\\\/targusecuiesc.eu\\\/2023\\\/01\\\/22\\\/cazare-la-tiny-house\\\/#breadcrumb\",\"itemListElement\":[{\"@type\":\"ListItem\",\"position\":1,\"name\":\"Prima pagin\u0103\",\"item\":\"https:\\\/\\\/targusecuiesc.eu\\\/\"},{\"@type\":\"ListItem\",\"position\":2,\"name\":\"Cazare la Tiny House\"}]},{\"@type\":\"WebSite\",\"@id\":\"https:\\\/\\\/targusecuiesc.eu\\\/#website\",\"url\":\"https:\\\/\\\/targusecuiesc.eu\\\/\",\"name\":\"Cazare \u00een T\u00e2rgu Secueisc\",\"description\":\"Te afli \u00een c\u0103utarea unui loc potrivit de cazare \u00een T\u00e2rgu Secuiesc?\",\"publisher\":{\"@id\":\"https:\\\/\\\/targusecuiesc.eu\\\/#organization\"},\"alternateName\":\"Te afli in cautarea unui loc potrivit de cazare in Targu Secuiesc?\",\"potentialAction\":[{\"@type\":\"SearchAction\",\"target\":{\"@type\":\"EntryPoint\",\"urlTemplate\":\"https:\\\/\\\/targusecuiesc.eu\\\/?s={search_term_string}\"},\"query-input\":{\"@type\":\"PropertyValueSpecification\",\"valueRequired\":true,\"valueName\":\"search_term_string\"}}],\"inLanguage\":\"de\"},{\"@type\":\"Organization\",\"@id\":\"https:\\\/\\\/targusecuiesc.eu\\\/#organization\",\"name\":\"Cazare \u00een T\u00e2rgu Secueisc\",\"alternateName\":\"Te afli in cautarea unui loc potrivit de cazare in Targu Secuiesc?\",\"url\":\"https:\\\/\\\/targusecuiesc.eu\\\/\",\"logo\":{\"@type\":\"ImageObject\",\"inLanguage\":\"de\",\"@id\":\"https:\\\/\\\/targusecuiesc.eu\\\/#\\\/schema\\\/logo\\\/image\\\/\",\"url\":\"https:\\\/\\\/targusecuiesc.eu\\\/wp-content\\\/uploads\\\/2022\\\/05\\\/cropped-targu-secuiesc-1-e1653031917947.png\",\"contentUrl\":\"https:\\\/\\\/targusecuiesc.eu\\\/wp-content\\\/uploads\\\/2022\\\/05\\\/cropped-targu-secuiesc-1-e1653031917947.png\",\"width\":512,\"height\":512,\"caption\":\"Cazare \u00een T\u00e2rgu Secueisc\"},\"image\":{\"@id\":\"https:\\\/\\\/targusecuiesc.eu\\\/#\\\/schema\\\/logo\\\/image\\\/\"}},{\"@type\":\"Person\",\"@id\":\"https:\\\/\\\/targusecuiesc.eu\\\/#\\\/schema\\\/person\\\/3e8e0dc36a7b432328a4fa3a70aa5de3\",\"name\":\"Levente\",\"image\":{\"@type\":\"ImageObject\",\"inLanguage\":\"de\",\"@id\":\"https:\\\/\\\/secure.gravatar.com\\\/avatar\\\/a800d69db893890d57b88525e6aba9502659e29fa5a7ce96c5354202678a9227?s=96&d=mm&r=g\",\"url\":\"https:\\\/\\\/secure.gravatar.com\\\/avatar\\\/a800d69db893890d57b88525e6aba9502659e29fa5a7ce96c5354202678a9227?s=96&d=mm&r=g\",\"contentUrl\":\"https:\\\/\\\/secure.gravatar.com\\\/avatar\\\/a800d69db893890d57b88525e6aba9502659e29fa5a7ce96c5354202678a9227?s=96&d=mm&r=g\",\"caption\":\"Levente\"},\"sameAs\":[\"https:\\\/\\\/targusecuiesc.eu\"],\"url\":\"https:\\\/\\\/targusecuiesc.eu\\\/de\\\/author\\\/admin\\\/\"}]}<\/script>\n<!-- \/ Yoast SEO plugin. -->","yoast_head_json":{"title":"Unterkunft im Tiny House - Unterkunft in T\u00e2rgu Secueisc","description":"Wenn Sie sich f\u00fcr eine Unterkunft in einem kleinen Haus entscheiden, sollten Sie alle verf\u00fcgbaren Optionen in Betracht ziehen.","robots":{"index":"index","follow":"follow","max-snippet":"max-snippet:-1","max-image-preview":"max-image-preview:large","max-video-preview":"max-video-preview:-1"},"canonical":"https:\/\/targusecuiesc.eu\/de\/2023\/01\/22\/unterkunft-im-kleinen-haus\/","og_locale":"de_DE","og_type":"article","og_title":"Cazare la Tiny House - Cazare \u00een T\u00e2rgu Secueisc","og_description":"Atunci c\u00e2nd alegeti o cazare tiny house, trebuie s\u0103 lua\u021bi \u00een considerare toate op\u021biunile disponibile.","og_url":"https:\/\/targusecuiesc.eu\/de\/2023\/01\/22\/unterkunft-im-kleinen-haus\/","og_site_name":"Cazare \u00een T\u00e2rgu Secueisc","article_published_time":"2023-01-22T07:16:05+00:00","article_modified_time":"2023-01-22T07:41:02+00:00","og_image":[{"width":1024,"height":603,"url":"https:\/\/targusecuiesc.eu\/wp-content\/uploads\/2022\/12\/tiny-house-in-targu-secuiesc-scaled.jpg","type":"image\/jpeg"}],"author":"Levente","twitter_card":"summary_large_image","twitter_misc":{"Verfasst von":"Levente"},"schema":{"@context":"https:\/\/schema.org","@graph":[{"@type":"Article","@id":"https:\/\/targusecuiesc.eu\/2023\/01\/22\/cazare-la-tiny-house\/#article","isPartOf":{"@id":"https:\/\/targusecuiesc.eu\/2023\/01\/22\/cazare-la-tiny-house\/"},"author":{"name":"Levente","@id":"https:\/\/targusecuiesc.eu\/#\/schema\/person\/3e8e0dc36a7b432328a4fa3a70aa5de3"},"headline":"Cazare la Tiny House","datePublished":"2023-01-22T07:16:05+00:00","dateModified":"2023-01-22T07:41:02+00:00","mainEntityOfPage":{"@id":"https:\/\/targusecuiesc.eu\/2023\/01\/22\/cazare-la-tiny-house\/"},"wordCount":643,"commentCount":0,"publisher":{"@id":"https:\/\/targusecuiesc.eu\/#organization"},"image":{"@id":"https:\/\/targusecuiesc.eu\/2023\/01\/22\/cazare-la-tiny-house\/#primaryimage"},"thumbnailUrl":"https:\/\/targusecuiesc.eu\/wp-content\/uploads\/2022\/12\/tiny-house-in-targu-secuiesc-scaled.jpg","articleSection":["Uncategorized"],"inLanguage":"de","potentialAction":[{"@type":"CommentAction","name":"Comment","target":["https:\/\/targusecuiesc.eu\/2023\/01\/22\/cazare-la-tiny-house\/#respond"]}]},{"@type":"WebPage","@id":"https:\/\/targusecuiesc.eu\/2023\/01\/22\/cazare-la-tiny-house\/","url":"https:\/\/targusecuiesc.eu\/2023\/01\/22\/cazare-la-tiny-house\/","name":"Unterkunft im Tiny House - Unterkunft in T\u00e2rgu Secueisc","isPartOf":{"@id":"https:\/\/targusecuiesc.eu\/#website"},"primaryImageOfPage":{"@id":"https:\/\/targusecuiesc.eu\/2023\/01\/22\/cazare-la-tiny-house\/#primaryimage"},"image":{"@id":"https:\/\/targusecuiesc.eu\/2023\/01\/22\/cazare-la-tiny-house\/#primaryimage"},"thumbnailUrl":"https:\/\/targusecuiesc.eu\/wp-content\/uploads\/2022\/12\/tiny-house-in-targu-secuiesc-scaled.jpg","datePublished":"2023-01-22T07:16:05+00:00","dateModified":"2023-01-22T07:41:02+00:00","description":"Wenn Sie sich f\u00fcr eine Unterkunft in einem kleinen Haus entscheiden, sollten Sie alle verf\u00fcgbaren Optionen in Betracht ziehen.","breadcrumb":{"@id":"https:\/\/targusecuiesc.eu\/2023\/01\/22\/cazare-la-tiny-house\/#breadcrumb"},"inLanguage":"de","potentialAction":[{"@type":"ReadAction","target":["https:\/\/targusecuiesc.eu\/2023\/01\/22\/cazare-la-tiny-house\/"]}]},{"@type":"ImageObject","inLanguage":"de","@id":"https:\/\/targusecuiesc.eu\/2023\/01\/22\/cazare-la-tiny-house\/#primaryimage","url":"https:\/\/targusecuiesc.eu\/wp-content\/uploads\/2022\/12\/tiny-house-in-targu-secuiesc-scaled.jpg","contentUrl":"https:\/\/targusecuiesc.eu\/wp-content\/uploads\/2022\/12\/tiny-house-in-targu-secuiesc-scaled.jpg","width":1024,"height":603,"caption":"tiny house in targu secuiesc"},{"@type":"BreadcrumbList","@id":"https:\/\/targusecuiesc.eu\/2023\/01\/22\/cazare-la-tiny-house\/#breadcrumb","itemListElement":[{"@type":"ListItem","position":1,"name":"Prima pagin\u0103","item":"https:\/\/targusecuiesc.eu\/"},{"@type":"ListItem","position":2,"name":"Cazare la Tiny House"}]},{"@type":"WebSite","@id":"https:\/\/targusecuiesc.eu\/#website","url":"https:\/\/targusecuiesc.eu\/","name":"Unterkunft in T\u00e2rgu Secueisc","description":"Suchen Sie eine geeignete Unterkunft in Targu Secuiesc?","publisher":{"@id":"https:\/\/targusecuiesc.eu\/#organization"},"alternateName":"Te afli in cautarea unui loc potrivit de cazare in Targu Secuiesc?","potentialAction":[{"@type":"SearchAction","target":{"@type":"EntryPoint","urlTemplate":"https:\/\/targusecuiesc.eu\/?s={search_term_string}"},"query-input":{"@type":"PropertyValueSpecification","valueRequired":true,"valueName":"search_term_string"}}],"inLanguage":"de"},{"@type":"Organization","@id":"https:\/\/targusecuiesc.eu\/#organization","name":"Unterkunft in T\u00e2rgu Secueisc","alternateName":"Te afli in cautarea unui loc potrivit de cazare in Targu Secuiesc?","url":"https:\/\/targusecuiesc.eu\/","logo":{"@type":"ImageObject","inLanguage":"de","@id":"https:\/\/targusecuiesc.eu\/#\/schema\/logo\/image\/","url":"https:\/\/targusecuiesc.eu\/wp-content\/uploads\/2022\/05\/cropped-targu-secuiesc-1-e1653031917947.png","contentUrl":"https:\/\/targusecuiesc.eu\/wp-content\/uploads\/2022\/05\/cropped-targu-secuiesc-1-e1653031917947.png","width":512,"height":512,"caption":"Cazare \u00een T\u00e2rgu Secueisc"},"image":{"@id":"https:\/\/targusecuiesc.eu\/#\/schema\/logo\/image\/"}},{"@type":"Person","@id":"https:\/\/targusecuiesc.eu\/#\/schema\/person\/3e8e0dc36a7b432328a4fa3a70aa5de3","name":"Levente","image":{"@type":"ImageObject","inLanguage":"de","@id":"https:\/\/secure.gravatar.com\/avatar\/a800d69db893890d57b88525e6aba9502659e29fa5a7ce96c5354202678a9227?s=96&d=mm&r=g","url":"https:\/\/secure.gravatar.com\/avatar\/a800d69db893890d57b88525e6aba9502659e29fa5a7ce96c5354202678a9227?s=96&d=mm&r=g","contentUrl":"https:\/\/secure.gravatar.com\/avatar\/a800d69db893890d57b88525e6aba9502659e29fa5a7ce96c5354202678a9227?s=96&d=mm&r=g","caption":"Levente"},"sameAs":["https:\/\/targusecuiesc.eu"],"url":"https:\/\/targusecuiesc.eu\/de\/author\/admin\/"}]}},"_links":{"self":[{"href":"https:\/\/targusecuiesc.eu\/de\/wp-json\/wp\/v2\/posts\/4045","targetHints":{"allow":["GET"]}}],"collection":[{"href":"https:\/\/targusecuiesc.eu\/de\/wp-json\/wp\/v2\/posts"}],"about":[{"href":"https:\/\/targusecuiesc.eu\/de\/wp-json\/wp\/v2\/types\/post"}],"author":[{"embeddable":true,"href":"https:\/\/targusecuiesc.eu\/de\/wp-json\/wp\/v2\/users\/1"}],"replies":[{"embeddable":true,"href":"https:\/\/targusecuiesc.eu\/de\/wp-json\/wp\/v2\/comments?post=4045"}],"version-history":[{"count":0,"href":"https:\/\/targusecuiesc.eu\/de\/wp-json\/wp\/v2\/posts\/4045\/revisions"}],"wp:featuredmedia":[{"embeddable":true,"href":"https:\/\/targusecuiesc.eu\/de\/wp-json\/wp\/v2\/media\/3055"}],"wp:attachment":[{"href":"https:\/\/targusecuiesc.eu\/de\/wp-json\/wp\/v2\/media?parent=4045"}],"wp:term":[{"taxonomy":"category","embeddable":true,"href":"https:\/\/targusecuiesc.eu\/de\/wp-json\/wp\/v2\/categories?post=4045"},{"taxonomy":"post_tag","embeddable":true,"href":"https:\/\/targusecuiesc.eu\/de\/wp-json\/wp\/v2\/tags?post=4045"}],"curies":[{"name":"wp","href":"https:\/\/api.w.org\/{rel}","templated":true}]}}