{"id":3431,"date":"2023-01-04T18:53:10","date_gmt":"2023-01-04T16:53:10","guid":{"rendered":"https:\/\/targusecuiesc.eu\/?p=3431"},"modified":"2023-01-04T22:08:58","modified_gmt":"2023-01-04T20:08:58","slug":"unterkunft-in-targu-secuiesc","status":"publish","type":"post","link":"https:\/\/targusecuiesc.eu\/de\/2023\/01\/04\/cazare-in-targu-secuiesc\/","title":{"rendered":"Unterkunft in Targu Secuiesc"},"content":{"rendered":"<div data-elementor-type=\"wp-post\" data-elementor-id=\"3431\" class=\"elementor elementor-3431\" data-elementor-post-type=\"post\">\n\t\t\t\t\t\t<section class=\"elementor-section elementor-top-section elementor-element elementor-element-6409df3 elementor-section-boxed elementor-section-height-default elementor-section-height-default\" data-id=\"6409df3\" data-element_type=\"section\" data-e-type=\"section\">\n\t\t\t\t\t\t<div class=\"elementor-container elementor-column-gap-default\">\n\t\t\t\t\t<div class=\"elementor-column elementor-col-100 elementor-top-column elementor-element elementor-element-4936f91\" data-id=\"4936f91\" data-element_type=\"column\" data-e-type=\"column\">\n\t\t\t<div class=\"elementor-widget-wrap elementor-element-populated\">\n\t\t\t\t\t\t<div class=\"elementor-element elementor-element-e385d64 elementor-widget elementor-widget-text-editor\" data-id=\"e385d64\" data-element_type=\"widget\" data-e-type=\"widget\" data-widget_type=\"text-editor.default\">\n\t\t\t\t\t\t\t\t\t<p>Wenn Sie auf der Suche nach einem <a href=\"https:\/\/targusecuiesc.eu\/de\/\">Unterkunft in Targu Secuiesc<\/a>gibt es mehrere M\u00f6glichkeiten. Sie k\u00f6nnen sich f\u00fcr ein Hotel oder eine Pension entscheiden, aber es gibt auch M\u00f6glichkeiten der Unterbringung in Privath\u00e4usern oder Wohnungen.<\/p><p>Einige der Optionen f\u00fcr <a href=\"https:\/\/targusecuiesc.eu\/de\/\">Verf\u00fcgbare Unterk\u00fcnfte in Targu Secuiesc<\/a> Dazu geh\u00f6ren Pixel House, Voros Guesthouse oder Tiny Campus. Alle diese Unterk\u00fcnfte bieten komfortable Zimmer und moderne Einrichtungen f\u00fcr einen angenehmen Aufenthalt.<\/p><p>Informieren Sie sich vor der Buchung \u00fcber Bewertungen und Preise, damit Sie die beste Option f\u00fcr Ihre Bed\u00fcrfnisse und Ihr Budget finden.<\/p><p>Wir hoffen, dass Sie die perfekte Unterkunft in Targu Secuiesc finden und einen sch\u00f6nen Urlaub verbringen werden!<\/p>\t\t\t\t\t\t\t\t<\/div>\n\t\t\t\t\t<\/div>\n\t\t<\/div>\n\t\t\t\t\t<\/div>\n\t\t<\/section>\n\t\t\t\t<section class=\"elementor-section elementor-top-section elementor-element elementor-element-44b0fe3 elementor-section-boxed elementor-section-height-default elementor-section-height-default\" data-id=\"44b0fe3\" data-element_type=\"section\" data-e-type=\"section\">\n\t\t\t\t\t\t<div class=\"elementor-container elementor-column-gap-default\">\n\t\t\t\t\t<div class=\"elementor-column elementor-col-100 elementor-top-column elementor-element elementor-element-2d19f2e\" data-id=\"2d19f2e\" data-element_type=\"column\" data-e-type=\"column\">\n\t\t\t<div class=\"elementor-widget-wrap elementor-element-populated\">\n\t\t\t\t\t\t<div class=\"elementor-element elementor-element-208820a elementor-widget elementor-widget-image\" data-id=\"208820a\" data-element_type=\"widget\" data-e-type=\"widget\" data-widget_type=\"image.default\">\n\t\t\t\t\t\t\t\t\t\t\t\t\t\t\t<img fetchpriority=\"high\" decoding=\"async\" width=\"1024\" height=\"821\" src=\"https:\/\/targusecuiesc.eu\/wp-content\/uploads\/2023\/01\/Cazare-targu-secuiesc-tiny-house-1024x821.jpg\" class=\"attachment-large size-large wp-image-3438\" alt=\"Unterkunft targu secuiesc | tiny house\" srcset=\"https:\/\/targusecuiesc.eu\/wp-content\/uploads\/2023\/01\/Cazare-targu-secuiesc-tiny-house-scaled.jpg 1024w, https:\/\/targusecuiesc.eu\/wp-content\/uploads\/2023\/01\/Cazare-targu-secuiesc-tiny-house-300x241.jpg 300w, https:\/\/targusecuiesc.eu\/wp-content\/uploads\/2023\/01\/Cazare-targu-secuiesc-tiny-house-768x616.jpg 768w, https:\/\/targusecuiesc.eu\/wp-content\/uploads\/2023\/01\/Cazare-targu-secuiesc-tiny-house-1536x1232.jpg 1536w, https:\/\/targusecuiesc.eu\/wp-content\/uploads\/2023\/01\/Cazare-targu-secuiesc-tiny-house-2048x1643.jpg 2048w, https:\/\/targusecuiesc.eu\/wp-content\/uploads\/2023\/01\/Cazare-targu-secuiesc-tiny-house-15x12.jpg 15w\" sizes=\"(max-width: 1024px) 100vw, 1024px\" \/>\t\t\t\t\t\t\t\t\t\t\t\t\t\t\t<\/div>\n\t\t\t\t\t<\/div>\n\t\t<\/div>\n\t\t\t\t\t<\/div>\n\t\t<\/section>\n\t\t\t\t<section class=\"elementor-section elementor-top-section elementor-element elementor-element-016a96c elementor-section-boxed elementor-section-height-default elementor-section-height-default\" data-id=\"016a96c\" data-element_type=\"section\" data-e-type=\"section\">\n\t\t\t\t\t\t<div class=\"elementor-container elementor-column-gap-default\">\n\t\t\t\t\t<div class=\"elementor-column elementor-col-100 elementor-top-column elementor-element elementor-element-07316b5\" data-id=\"07316b5\" data-element_type=\"column\" data-e-type=\"column\">\n\t\t\t<div class=\"elementor-widget-wrap elementor-element-populated\">\n\t\t\t\t\t\t<div class=\"elementor-element elementor-element-4d44ab9 elementor-widget elementor-widget-image\" data-id=\"4d44ab9\" data-element_type=\"widget\" data-e-type=\"widget\" data-widget_type=\"image.default\">\n\t\t\t\t\t\t\t\t\t\t\t\t\t\t\t<img decoding=\"async\" width=\"1024\" height=\"768\" data-src=\"https:\/\/targusecuiesc.eu\/wp-content\/uploads\/2023\/01\/cazare-targu-secuiesc-pensiuena-Pixel-_1-1024x768.jpg\" class=\"attachment-large size-large wp-image-3439 lazyload\" alt=\"Unterkunft targu secuiesc | Pensiuena Pixel _1\" data-srcset=\"https:\/\/targusecuiesc.eu\/wp-content\/uploads\/2023\/01\/cazare-targu-secuiesc-pensiuena-Pixel-_1-scaled.jpg 1024w, https:\/\/targusecuiesc.eu\/wp-content\/uploads\/2023\/01\/cazare-targu-secuiesc-pensiuena-Pixel-_1-300x225.jpg 300w, https:\/\/targusecuiesc.eu\/wp-content\/uploads\/2023\/01\/cazare-targu-secuiesc-pensiuena-Pixel-_1-768x576.jpg 768w, https:\/\/targusecuiesc.eu\/wp-content\/uploads\/2023\/01\/cazare-targu-secuiesc-pensiuena-Pixel-_1-1536x1152.jpg 1536w, https:\/\/targusecuiesc.eu\/wp-content\/uploads\/2023\/01\/cazare-targu-secuiesc-pensiuena-Pixel-_1-2048x1536.jpg 2048w, https:\/\/targusecuiesc.eu\/wp-content\/uploads\/2023\/01\/cazare-targu-secuiesc-pensiuena-Pixel-_1-16x12.jpg 16w\" data-sizes=\"(max-width: 1024px) 100vw, 1024px\" src=\"data:image\/svg+xml;base64,PHN2ZyB3aWR0aD0iMSIgaGVpZ2h0PSIxIiB4bWxucz0iaHR0cDovL3d3dy53My5vcmcvMjAwMC9zdmciPjwvc3ZnPg==\" style=\"--smush-placeholder-width: 1024px; --smush-placeholder-aspect-ratio: 1024\/768;\" \/>\t\t\t\t\t\t\t\t\t\t\t\t\t\t\t<\/div>\n\t\t\t\t\t<\/div>\n\t\t<\/div>\n\t\t\t\t\t<\/div>\n\t\t<\/section>\n\t\t\t\t<section class=\"elementor-section elementor-top-section elementor-element elementor-element-9527703 elementor-section-boxed elementor-section-height-default elementor-section-height-default\" data-id=\"9527703\" data-element_type=\"section\" data-e-type=\"section\">\n\t\t\t\t\t\t<div class=\"elementor-container elementor-column-gap-default\">\n\t\t\t\t\t<div class=\"elementor-column elementor-col-100 elementor-top-column elementor-element elementor-element-f1ea41d\" data-id=\"f1ea41d\" data-element_type=\"column\" data-e-type=\"column\">\n\t\t\t<div class=\"elementor-widget-wrap elementor-element-populated\">\n\t\t\t\t\t\t<div class=\"elementor-element elementor-element-1731b50 elementor-widget elementor-widget-text-editor\" data-id=\"1731b50\" data-element_type=\"widget\" data-e-type=\"widget\" data-widget_type=\"text-editor.default\">\n\t\t\t\t\t\t\t\t\t<p class=\"p1\"><b>WIE BENUTZEN<\/b><\/p><ol class=\"ol1\"><li class=\"li3 translation-block\">\u00fcber die Schaltfl\u00e4che <a href=\"https:\/\/targusecuiesc.eu\/de\/kontakt\/\" target=\"_self\"><b>Buchen<\/b><\/a> auf unserer Website targusecueisc.eu<\/li><li class=\"li3\">durch Kontaktaufnahme mit der Rezeption\u00a0\u00a0<a href=\"Tel:0786100250\">0786100250<\/a><\/li><li class=\"li3\">per E-Mail pixelguesthouse@gmail.com<\/li><li class=\"li4\"><span class=\"s1\">Whatsapp:\u00a0<a href=\"https:\/\/wa.me\/message\/FUUEXB3H64BTL1\">https:\/\/wa.me\/message\/FUUEXB3H64BTL1<\/a><\/span><\/li><\/ol>\t\t\t\t\t\t\t\t<\/div>\n\t\t\t\t\t<\/div>\n\t\t<\/div>\n\t\t\t\t\t<\/div>\n\t\t<\/section>\n\t\t\t\t<\/div>","protected":false},"excerpt":{"rendered":"<p>Dac\u0103 sunte\u021bi \u00een c\u0103utarea unei caz\u0103ri \u00een T\u00e2rgu Secuiesc, exist\u0103 mai multe op\u021biuni disponibile. Pute\u021bi opta pentru un hotel sau o pensiune, dar exist\u0103 \u0219i op\u021biuni de cazare \u00een case particulare sau \u00een apartamente. Unele dintre op\u021biunile de cazare disponibile \u00een T\u00e2rgu Secuiesc includ Casa Pixel, Pensiunea Voros sau Tiny Campus. Toate aceste loca\u021bii ofer\u0103 [&hellip;]<\/p>\n","protected":false},"author":1,"featured_media":3439,"comment_status":"open","ping_status":"open","sticky":false,"template":"","format":"standard","meta":{"ocean_post_layout":"","ocean_both_sidebars_style":"","ocean_both_sidebars_content_width":0,"ocean_both_sidebars_sidebars_width":0,"ocean_sidebar":"","ocean_second_sidebar":"","ocean_disable_margins":"enable","ocean_add_body_class":"","ocean_shortcode_before_top_bar":"","ocean_shortcode_after_top_bar":"","ocean_shortcode_before_header":"","ocean_shortcode_after_header":"","ocean_has_shortcode":"","ocean_shortcode_after_title":"","ocean_shortcode_before_footer_widgets":"","ocean_shortcode_after_footer_widgets":"","ocean_shortcode_before_footer_bottom":"","ocean_shortcode_after_footer_bottom":"","ocean_display_top_bar":"default","ocean_display_header":"default","ocean_header_style":"","ocean_center_header_left_menu":"","ocean_custom_header_template":"","ocean_custom_logo":0,"ocean_custom_retina_logo":0,"ocean_custom_logo_max_width":0,"ocean_custom_logo_tablet_max_width":0,"ocean_custom_logo_mobile_max_width":0,"ocean_custom_logo_max_height":0,"ocean_custom_logo_tablet_max_height":0,"ocean_custom_logo_mobile_max_height":0,"ocean_header_custom_menu":"","ocean_menu_typo_font_family":"","ocean_menu_typo_font_subset":"","ocean_menu_typo_font_size":0,"ocean_menu_typo_font_size_tablet":0,"ocean_menu_typo_font_size_mobile":0,"ocean_menu_typo_font_size_unit":"px","ocean_menu_typo_font_weight":"","ocean_menu_typo_font_weight_tablet":"","ocean_menu_typo_font_weight_mobile":"","ocean_menu_typo_transform":"","ocean_menu_typo_transform_tablet":"","ocean_menu_typo_transform_mobile":"","ocean_menu_typo_line_height":0,"ocean_menu_typo_line_height_tablet":0,"ocean_menu_typo_line_height_mobile":0,"ocean_menu_typo_line_height_unit":"","ocean_menu_typo_spacing":0,"ocean_menu_typo_spacing_tablet":0,"ocean_menu_typo_spacing_mobile":0,"ocean_menu_typo_spacing_unit":"","ocean_menu_link_color":"","ocean_menu_link_color_hover":"","ocean_menu_link_color_active":"","ocean_menu_link_background":"","ocean_menu_link_hover_background":"","ocean_menu_link_active_background":"","ocean_menu_social_links_bg":"","ocean_menu_social_hover_links_bg":"","ocean_menu_social_links_color":"","ocean_menu_social_hover_links_color":"","ocean_disable_title":"default","ocean_disable_heading":"default","ocean_post_title":"","ocean_post_subheading":"","ocean_post_title_style":"","ocean_post_title_background_color":"","ocean_post_title_background":0,"ocean_post_title_bg_image_position":"","ocean_post_title_bg_image_attachment":"","ocean_post_title_bg_image_repeat":"","ocean_post_title_bg_image_size":"","ocean_post_title_height":0,"ocean_post_title_bg_overlay":0.5,"ocean_post_title_bg_overlay_color":"","ocean_disable_breadcrumbs":"default","ocean_breadcrumbs_color":"","ocean_breadcrumbs_separator_color":"","ocean_breadcrumbs_links_color":"","ocean_breadcrumbs_links_hover_color":"","ocean_display_footer_widgets":"default","ocean_display_footer_bottom":"default","ocean_custom_footer_template":"","_joinchat":[],"ocean_post_oembed":"","ocean_post_self_hosted_media":"","ocean_post_video_embed":"","ocean_link_format":"","ocean_link_format_target":"self","ocean_quote_format":"","ocean_quote_format_link":"post","ocean_gallery_link_images":"on","ocean_gallery_id":[],"footnotes":""},"categories":[1],"tags":[],"class_list":["post-3431","post","type-post","status-publish","format-standard","has-post-thumbnail","hentry","category-uncategorized","entry","has-media"],"yoast_head":"<!-- This site is optimized with the Yoast SEO plugin v27.3 - https:\/\/yoast.com\/product\/yoast-seo-wordpress\/ -->\n<title>Cazare \u00een T\u00e2rgu Secuiesc<\/title>\n<meta name=\"description\" content=\"Dac\u0103 sunte\u021bi \u00een c\u0103utarea unei caz\u0103ri \u00een T\u00e2rgu Secuiesc, exist\u0103 mai multe op\u021biuni disponibile.\" \/>\n<meta name=\"robots\" content=\"index, follow, max-snippet:-1, max-image-preview:large, max-video-preview:-1\" \/>\n<link rel=\"canonical\" href=\"https:\/\/targusecuiesc.eu\/de\/2023\/01\/04\/unterkunft-in-targu-secuiesc\/\" \/>\n<meta property=\"og:locale\" content=\"de_DE\" \/>\n<meta property=\"og:type\" content=\"article\" \/>\n<meta property=\"og:title\" content=\"Cazare \u00een T\u00e2rgu Secuiesc\" \/>\n<meta property=\"og:description\" content=\"Dac\u0103 sunte\u021bi \u00een c\u0103utarea unei caz\u0103ri \u00een T\u00e2rgu Secuiesc, exist\u0103 mai multe op\u021biuni disponibile.\" \/>\n<meta property=\"og:url\" content=\"https:\/\/targusecuiesc.eu\/de\/2023\/01\/04\/unterkunft-in-targu-secuiesc\/\" \/>\n<meta property=\"og:site_name\" content=\"Cazare \u00een T\u00e2rgu Secueisc\" \/>\n<meta property=\"article:published_time\" content=\"2023-01-04T16:53:10+00:00\" \/>\n<meta property=\"article:modified_time\" content=\"2023-01-04T20:08:58+00:00\" \/>\n<meta property=\"og:image\" content=\"https:\/\/targusecuiesc.eu\/wp-content\/uploads\/2023\/01\/cazare-targu-secuiesc-pensiuena-Pixel-_1-scaled.jpg\" \/>\n\t<meta property=\"og:image:width\" content=\"1024\" \/>\n\t<meta property=\"og:image:height\" content=\"768\" \/>\n\t<meta property=\"og:image:type\" content=\"image\/jpeg\" \/>\n<meta name=\"author\" content=\"Levente\" \/>\n<meta name=\"twitter:card\" content=\"summary_large_image\" \/>\n<meta name=\"twitter:label1\" content=\"Verfasst von\" \/>\n\t<meta name=\"twitter:data1\" content=\"Levente\" \/>\n\t<meta name=\"twitter:label2\" content=\"Gesch\u00e4tzte Lesezeit\" \/>\n\t<meta name=\"twitter:data2\" content=\"2\u00a0Minuten\" \/>\n<script type=\"application\/ld+json\" class=\"yoast-schema-graph\">{\"@context\":\"https:\\\/\\\/schema.org\",\"@graph\":[{\"@type\":\"Article\",\"@id\":\"https:\\\/\\\/targusecuiesc.eu\\\/2023\\\/01\\\/04\\\/cazare-in-targu-secuiesc\\\/#article\",\"isPartOf\":{\"@id\":\"https:\\\/\\\/targusecuiesc.eu\\\/2023\\\/01\\\/04\\\/cazare-in-targu-secuiesc\\\/\"},\"author\":{\"name\":\"Levente\",\"@id\":\"https:\\\/\\\/targusecuiesc.eu\\\/#\\\/schema\\\/person\\\/3e8e0dc36a7b432328a4fa3a70aa5de3\"},\"headline\":\"Cazare \u00een T\u00e2rgu Secuiesc\",\"datePublished\":\"2023-01-04T16:53:10+00:00\",\"dateModified\":\"2023-01-04T20:08:58+00:00\",\"mainEntityOfPage\":{\"@id\":\"https:\\\/\\\/targusecuiesc.eu\\\/2023\\\/01\\\/04\\\/cazare-in-targu-secuiesc\\\/\"},\"wordCount\":167,\"commentCount\":0,\"publisher\":{\"@id\":\"https:\\\/\\\/targusecuiesc.eu\\\/#organization\"},\"image\":{\"@id\":\"https:\\\/\\\/targusecuiesc.eu\\\/2023\\\/01\\\/04\\\/cazare-in-targu-secuiesc\\\/#primaryimage\"},\"thumbnailUrl\":\"https:\\\/\\\/targusecuiesc.eu\\\/wp-content\\\/uploads\\\/2023\\\/01\\\/cazare-targu-secuiesc-pensiuena-Pixel-_1-scaled.jpg\",\"articleSection\":[\"Uncategorized\"],\"inLanguage\":\"de\",\"potentialAction\":[{\"@type\":\"CommentAction\",\"name\":\"Comment\",\"target\":[\"https:\\\/\\\/targusecuiesc.eu\\\/2023\\\/01\\\/04\\\/cazare-in-targu-secuiesc\\\/#respond\"]}]},{\"@type\":\"WebPage\",\"@id\":\"https:\\\/\\\/targusecuiesc.eu\\\/2023\\\/01\\\/04\\\/cazare-in-targu-secuiesc\\\/\",\"url\":\"https:\\\/\\\/targusecuiesc.eu\\\/2023\\\/01\\\/04\\\/cazare-in-targu-secuiesc\\\/\",\"name\":\"Cazare \u00een T\u00e2rgu Secuiesc\",\"isPartOf\":{\"@id\":\"https:\\\/\\\/targusecuiesc.eu\\\/#website\"},\"primaryImageOfPage\":{\"@id\":\"https:\\\/\\\/targusecuiesc.eu\\\/2023\\\/01\\\/04\\\/cazare-in-targu-secuiesc\\\/#primaryimage\"},\"image\":{\"@id\":\"https:\\\/\\\/targusecuiesc.eu\\\/2023\\\/01\\\/04\\\/cazare-in-targu-secuiesc\\\/#primaryimage\"},\"thumbnailUrl\":\"https:\\\/\\\/targusecuiesc.eu\\\/wp-content\\\/uploads\\\/2023\\\/01\\\/cazare-targu-secuiesc-pensiuena-Pixel-_1-scaled.jpg\",\"datePublished\":\"2023-01-04T16:53:10+00:00\",\"dateModified\":\"2023-01-04T20:08:58+00:00\",\"description\":\"Dac\u0103 sunte\u021bi \u00een c\u0103utarea unei caz\u0103ri \u00een T\u00e2rgu Secuiesc, exist\u0103 mai multe op\u021biuni disponibile.\",\"breadcrumb\":{\"@id\":\"https:\\\/\\\/targusecuiesc.eu\\\/2023\\\/01\\\/04\\\/cazare-in-targu-secuiesc\\\/#breadcrumb\"},\"inLanguage\":\"de\",\"potentialAction\":[{\"@type\":\"ReadAction\",\"target\":[\"https:\\\/\\\/targusecuiesc.eu\\\/2023\\\/01\\\/04\\\/cazare-in-targu-secuiesc\\\/\"]}]},{\"@type\":\"ImageObject\",\"inLanguage\":\"de\",\"@id\":\"https:\\\/\\\/targusecuiesc.eu\\\/2023\\\/01\\\/04\\\/cazare-in-targu-secuiesc\\\/#primaryimage\",\"url\":\"https:\\\/\\\/targusecuiesc.eu\\\/wp-content\\\/uploads\\\/2023\\\/01\\\/cazare-targu-secuiesc-pensiuena-Pixel-_1-scaled.jpg\",\"contentUrl\":\"https:\\\/\\\/targusecuiesc.eu\\\/wp-content\\\/uploads\\\/2023\\\/01\\\/cazare-targu-secuiesc-pensiuena-Pixel-_1-scaled.jpg\",\"width\":1024,\"height\":768,\"caption\":\"cazare targu secuiesc | pensiuena Pixel _1\"},{\"@type\":\"BreadcrumbList\",\"@id\":\"https:\\\/\\\/targusecuiesc.eu\\\/2023\\\/01\\\/04\\\/cazare-in-targu-secuiesc\\\/#breadcrumb\",\"itemListElement\":[{\"@type\":\"ListItem\",\"position\":1,\"name\":\"Prima pagin\u0103\",\"item\":\"https:\\\/\\\/targusecuiesc.eu\\\/\"},{\"@type\":\"ListItem\",\"position\":2,\"name\":\"Cazare \u00een T\u00e2rgu Secuiesc\"}]},{\"@type\":\"WebSite\",\"@id\":\"https:\\\/\\\/targusecuiesc.eu\\\/#website\",\"url\":\"https:\\\/\\\/targusecuiesc.eu\\\/\",\"name\":\"Cazare \u00een T\u00e2rgu Secueisc\",\"description\":\"Te afli \u00een c\u0103utarea unui loc potrivit de cazare \u00een T\u00e2rgu Secuiesc?\",\"publisher\":{\"@id\":\"https:\\\/\\\/targusecuiesc.eu\\\/#organization\"},\"alternateName\":\"Te afli in cautarea unui loc potrivit de cazare in Targu Secuiesc?\",\"potentialAction\":[{\"@type\":\"SearchAction\",\"target\":{\"@type\":\"EntryPoint\",\"urlTemplate\":\"https:\\\/\\\/targusecuiesc.eu\\\/?s={search_term_string}\"},\"query-input\":{\"@type\":\"PropertyValueSpecification\",\"valueRequired\":true,\"valueName\":\"search_term_string\"}}],\"inLanguage\":\"de\"},{\"@type\":\"Organization\",\"@id\":\"https:\\\/\\\/targusecuiesc.eu\\\/#organization\",\"name\":\"Cazare \u00een T\u00e2rgu Secueisc\",\"alternateName\":\"Te afli in cautarea unui loc potrivit de cazare in Targu Secuiesc?\",\"url\":\"https:\\\/\\\/targusecuiesc.eu\\\/\",\"logo\":{\"@type\":\"ImageObject\",\"inLanguage\":\"de\",\"@id\":\"https:\\\/\\\/targusecuiesc.eu\\\/#\\\/schema\\\/logo\\\/image\\\/\",\"url\":\"https:\\\/\\\/targusecuiesc.eu\\\/wp-content\\\/uploads\\\/2022\\\/05\\\/cropped-targu-secuiesc-1-e1653031917947.png\",\"contentUrl\":\"https:\\\/\\\/targusecuiesc.eu\\\/wp-content\\\/uploads\\\/2022\\\/05\\\/cropped-targu-secuiesc-1-e1653031917947.png\",\"width\":512,\"height\":512,\"caption\":\"Cazare \u00een T\u00e2rgu Secueisc\"},\"image\":{\"@id\":\"https:\\\/\\\/targusecuiesc.eu\\\/#\\\/schema\\\/logo\\\/image\\\/\"}},{\"@type\":\"Person\",\"@id\":\"https:\\\/\\\/targusecuiesc.eu\\\/#\\\/schema\\\/person\\\/3e8e0dc36a7b432328a4fa3a70aa5de3\",\"name\":\"Levente\",\"image\":{\"@type\":\"ImageObject\",\"inLanguage\":\"de\",\"@id\":\"https:\\\/\\\/secure.gravatar.com\\\/avatar\\\/a800d69db893890d57b88525e6aba9502659e29fa5a7ce96c5354202678a9227?s=96&d=mm&r=g\",\"url\":\"https:\\\/\\\/secure.gravatar.com\\\/avatar\\\/a800d69db893890d57b88525e6aba9502659e29fa5a7ce96c5354202678a9227?s=96&d=mm&r=g\",\"contentUrl\":\"https:\\\/\\\/secure.gravatar.com\\\/avatar\\\/a800d69db893890d57b88525e6aba9502659e29fa5a7ce96c5354202678a9227?s=96&d=mm&r=g\",\"caption\":\"Levente\"},\"sameAs\":[\"https:\\\/\\\/targusecuiesc.eu\"],\"url\":\"https:\\\/\\\/targusecuiesc.eu\\\/de\\\/author\\\/admin\\\/\"}]}<\/script>\n<!-- \/ Yoast SEO plugin. -->","yoast_head_json":{"title":"Unterkunft in Targu Secuiesc","description":"Wenn Sie eine Unterkunft in Targu Secuiesc suchen, stehen Ihnen mehrere M\u00f6glichkeiten zur Verf\u00fcgung.","robots":{"index":"index","follow":"follow","max-snippet":"max-snippet:-1","max-image-preview":"max-image-preview:large","max-video-preview":"max-video-preview:-1"},"canonical":"https:\/\/targusecuiesc.eu\/de\/2023\/01\/04\/unterkunft-in-targu-secuiesc\/","og_locale":"de_DE","og_type":"article","og_title":"Cazare \u00een T\u00e2rgu Secuiesc","og_description":"Dac\u0103 sunte\u021bi \u00een c\u0103utarea unei caz\u0103ri \u00een T\u00e2rgu Secuiesc, exist\u0103 mai multe op\u021biuni disponibile.","og_url":"https:\/\/targusecuiesc.eu\/de\/2023\/01\/04\/unterkunft-in-targu-secuiesc\/","og_site_name":"Cazare \u00een T\u00e2rgu Secueisc","article_published_time":"2023-01-04T16:53:10+00:00","article_modified_time":"2023-01-04T20:08:58+00:00","og_image":[{"width":1024,"height":768,"url":"https:\/\/targusecuiesc.eu\/wp-content\/uploads\/2023\/01\/cazare-targu-secuiesc-pensiuena-Pixel-_1-scaled.jpg","type":"image\/jpeg"}],"author":"Levente","twitter_card":"summary_large_image","twitter_misc":{"Verfasst von":"Levente","Gesch\u00e4tzte Lesezeit":"2\u00a0Minuten"},"schema":{"@context":"https:\/\/schema.org","@graph":[{"@type":"Article","@id":"https:\/\/targusecuiesc.eu\/2023\/01\/04\/cazare-in-targu-secuiesc\/#article","isPartOf":{"@id":"https:\/\/targusecuiesc.eu\/2023\/01\/04\/cazare-in-targu-secuiesc\/"},"author":{"name":"Levente","@id":"https:\/\/targusecuiesc.eu\/#\/schema\/person\/3e8e0dc36a7b432328a4fa3a70aa5de3"},"headline":"Cazare \u00een T\u00e2rgu Secuiesc","datePublished":"2023-01-04T16:53:10+00:00","dateModified":"2023-01-04T20:08:58+00:00","mainEntityOfPage":{"@id":"https:\/\/targusecuiesc.eu\/2023\/01\/04\/cazare-in-targu-secuiesc\/"},"wordCount":167,"commentCount":0,"publisher":{"@id":"https:\/\/targusecuiesc.eu\/#organization"},"image":{"@id":"https:\/\/targusecuiesc.eu\/2023\/01\/04\/cazare-in-targu-secuiesc\/#primaryimage"},"thumbnailUrl":"https:\/\/targusecuiesc.eu\/wp-content\/uploads\/2023\/01\/cazare-targu-secuiesc-pensiuena-Pixel-_1-scaled.jpg","articleSection":["Uncategorized"],"inLanguage":"de","potentialAction":[{"@type":"CommentAction","name":"Comment","target":["https:\/\/targusecuiesc.eu\/2023\/01\/04\/cazare-in-targu-secuiesc\/#respond"]}]},{"@type":"WebPage","@id":"https:\/\/targusecuiesc.eu\/2023\/01\/04\/cazare-in-targu-secuiesc\/","url":"https:\/\/targusecuiesc.eu\/2023\/01\/04\/cazare-in-targu-secuiesc\/","name":"Unterkunft in Targu Secuiesc","isPartOf":{"@id":"https:\/\/targusecuiesc.eu\/#website"},"primaryImageOfPage":{"@id":"https:\/\/targusecuiesc.eu\/2023\/01\/04\/cazare-in-targu-secuiesc\/#primaryimage"},"image":{"@id":"https:\/\/targusecuiesc.eu\/2023\/01\/04\/cazare-in-targu-secuiesc\/#primaryimage"},"thumbnailUrl":"https:\/\/targusecuiesc.eu\/wp-content\/uploads\/2023\/01\/cazare-targu-secuiesc-pensiuena-Pixel-_1-scaled.jpg","datePublished":"2023-01-04T16:53:10+00:00","dateModified":"2023-01-04T20:08:58+00:00","description":"Wenn Sie eine Unterkunft in Targu Secuiesc suchen, stehen Ihnen mehrere M\u00f6glichkeiten zur Verf\u00fcgung.","breadcrumb":{"@id":"https:\/\/targusecuiesc.eu\/2023\/01\/04\/cazare-in-targu-secuiesc\/#breadcrumb"},"inLanguage":"de","potentialAction":[{"@type":"ReadAction","target":["https:\/\/targusecuiesc.eu\/2023\/01\/04\/cazare-in-targu-secuiesc\/"]}]},{"@type":"ImageObject","inLanguage":"de","@id":"https:\/\/targusecuiesc.eu\/2023\/01\/04\/cazare-in-targu-secuiesc\/#primaryimage","url":"https:\/\/targusecuiesc.eu\/wp-content\/uploads\/2023\/01\/cazare-targu-secuiesc-pensiuena-Pixel-_1-scaled.jpg","contentUrl":"https:\/\/targusecuiesc.eu\/wp-content\/uploads\/2023\/01\/cazare-targu-secuiesc-pensiuena-Pixel-_1-scaled.jpg","width":1024,"height":768,"caption":"cazare targu secuiesc | pensiuena Pixel _1"},{"@type":"BreadcrumbList","@id":"https:\/\/targusecuiesc.eu\/2023\/01\/04\/cazare-in-targu-secuiesc\/#breadcrumb","itemListElement":[{"@type":"ListItem","position":1,"name":"Prima pagin\u0103","item":"https:\/\/targusecuiesc.eu\/"},{"@type":"ListItem","position":2,"name":"Cazare \u00een T\u00e2rgu Secuiesc"}]},{"@type":"WebSite","@id":"https:\/\/targusecuiesc.eu\/#website","url":"https:\/\/targusecuiesc.eu\/","name":"Unterkunft in T\u00e2rgu Secueisc","description":"Suchen Sie eine geeignete Unterkunft in Targu Secuiesc?","publisher":{"@id":"https:\/\/targusecuiesc.eu\/#organization"},"alternateName":"Te afli in cautarea unui loc potrivit de cazare in Targu Secuiesc?","potentialAction":[{"@type":"SearchAction","target":{"@type":"EntryPoint","urlTemplate":"https:\/\/targusecuiesc.eu\/?s={search_term_string}"},"query-input":{"@type":"PropertyValueSpecification","valueRequired":true,"valueName":"search_term_string"}}],"inLanguage":"de"},{"@type":"Organization","@id":"https:\/\/targusecuiesc.eu\/#organization","name":"Unterkunft in T\u00e2rgu Secueisc","alternateName":"Te afli in cautarea unui loc potrivit de cazare in Targu Secuiesc?","url":"https:\/\/targusecuiesc.eu\/","logo":{"@type":"ImageObject","inLanguage":"de","@id":"https:\/\/targusecuiesc.eu\/#\/schema\/logo\/image\/","url":"https:\/\/targusecuiesc.eu\/wp-content\/uploads\/2022\/05\/cropped-targu-secuiesc-1-e1653031917947.png","contentUrl":"https:\/\/targusecuiesc.eu\/wp-content\/uploads\/2022\/05\/cropped-targu-secuiesc-1-e1653031917947.png","width":512,"height":512,"caption":"Cazare \u00een T\u00e2rgu Secueisc"},"image":{"@id":"https:\/\/targusecuiesc.eu\/#\/schema\/logo\/image\/"}},{"@type":"Person","@id":"https:\/\/targusecuiesc.eu\/#\/schema\/person\/3e8e0dc36a7b432328a4fa3a70aa5de3","name":"Levente","image":{"@type":"ImageObject","inLanguage":"de","@id":"https:\/\/secure.gravatar.com\/avatar\/a800d69db893890d57b88525e6aba9502659e29fa5a7ce96c5354202678a9227?s=96&d=mm&r=g","url":"https:\/\/secure.gravatar.com\/avatar\/a800d69db893890d57b88525e6aba9502659e29fa5a7ce96c5354202678a9227?s=96&d=mm&r=g","contentUrl":"https:\/\/secure.gravatar.com\/avatar\/a800d69db893890d57b88525e6aba9502659e29fa5a7ce96c5354202678a9227?s=96&d=mm&r=g","caption":"Levente"},"sameAs":["https:\/\/targusecuiesc.eu"],"url":"https:\/\/targusecuiesc.eu\/de\/author\/admin\/"}]}},"_links":{"self":[{"href":"https:\/\/targusecuiesc.eu\/de\/wp-json\/wp\/v2\/posts\/3431","targetHints":{"allow":["GET"]}}],"collection":[{"href":"https:\/\/targusecuiesc.eu\/de\/wp-json\/wp\/v2\/posts"}],"about":[{"href":"https:\/\/targusecuiesc.eu\/de\/wp-json\/wp\/v2\/types\/post"}],"author":[{"embeddable":true,"href":"https:\/\/targusecuiesc.eu\/de\/wp-json\/wp\/v2\/users\/1"}],"replies":[{"embeddable":true,"href":"https:\/\/targusecuiesc.eu\/de\/wp-json\/wp\/v2\/comments?post=3431"}],"version-history":[{"count":0,"href":"https:\/\/targusecuiesc.eu\/de\/wp-json\/wp\/v2\/posts\/3431\/revisions"}],"wp:featuredmedia":[{"embeddable":true,"href":"https:\/\/targusecuiesc.eu\/de\/wp-json\/wp\/v2\/media\/3439"}],"wp:attachment":[{"href":"https:\/\/targusecuiesc.eu\/de\/wp-json\/wp\/v2\/media?parent=3431"}],"wp:term":[{"taxonomy":"category","embeddable":true,"href":"https:\/\/targusecuiesc.eu\/de\/wp-json\/wp\/v2\/categories?post=3431"},{"taxonomy":"post_tag","embeddable":true,"href":"https:\/\/targusecuiesc.eu\/de\/wp-json\/wp\/v2\/tags?post=3431"}],"curies":[{"name":"wp","href":"https:\/\/api.w.org\/{rel}","templated":true}]}}